{"id":5020,"date":"2015-06-26T08:02:38","date_gmt":"2015-06-26T08:02:38","guid":{"rendered":"https:\/\/www.achimbrueckner.de\/dxradio\/php\/wordpress\/?p=5020"},"modified":"2015-06-26T08:02:38","modified_gmt":"2015-06-26T08:02:38","slug":"radio-ara","status":"publish","type":"post","link":"https:\/\/www.achimbrueckner.de\/dxradio\/php\/wordpress\/?p=5020","title":{"rendered":"Radio ARA"},"content":{"rendered":"<p>Bei Radio 100,7 gab es gestern einen Beitrag \u00fcber Radio ARA. Im Beitrag werden u.a. die Empfangsst\u00f6rungen auf der 103.4 MHz durch NRJ und der Wechsel auf erst 103.3 MHz und dann 102.9 MHz, der Umzug in die neuen R\u00e4umlichkeiten bei den Rotondes, die Finanzierung, die Einteilung in ARA, Graffiti und ARA City Radio und auch die Pl\u00e4ne zur dritten Frequenz 87.8 MHz behandelt. Der Beitrag ist online hier nachzuh\u00f6ren:<\/p>\n<p><a href=\"http:\/\/www.100komma7.lu\/files\/8\/5\/271367_dossier-vum-dag.mp3\" target=\"_blank\">http:\/\/www.100komma7.lu\/files\/8\/5\/271367_dossier-vum-dag.mp3<\/a><\/p>\n<p>Info via <a href=\"https:\/\/www.facebook.com\/pages\/Radio-Kurier-weltweit-h%C3%B6ren\/213889438667695?fref=nf\" target=\"_blank\">Facebook<\/a><\/p>\n","protected":false},"excerpt":{"rendered":"<p>Bei Radio 100,7 gab es gestern einen Beitrag \u00fcber Radio ARA. Im Beitrag werden u.a. die Empfangsst\u00f6rungen auf der 103.4 MHz durch NRJ und der Wechsel auf erst 103.3 MHz und dann 102.9 MHz, der Umzug in die neuen R\u00e4umlichkeiten bei den Rotondes, die Finanzierung, die Einteilung in ARA, Graffiti und ARA City Radio und &hellip; <a href=\"https:\/\/www.achimbrueckner.de\/dxradio\/php\/wordpress\/?p=5020\" class=\"more-link\">Continue reading <span class=\"screen-reader-text\">Radio ARA<\/span><\/a><\/p>\n","protected":false},"author":1,"featured_media":0,"comment_status":"open","ping_status":"open","sticky":false,"template":"","format":"standard","meta":{"_jetpack_memberships_contains_paid_content":false,"footnotes":"","jetpack_publicize_message":"","jetpack_publicize_feature_enabled":true,"jetpack_social_post_already_shared":true,"jetpack_social_options":{"image_generator_settings":{"template":"highway","default_image_id":0,"font":"","enabled":false},"version":2}},"categories":[1,3],"tags":[42],"class_list":["post-5020","post","type-post","status-publish","format-standard","hentry","category-deutsch","category-empfang","tag-empfang"],"jetpack_publicize_connections":[],"jetpack_featured_media_url":"","jetpack_sharing_enabled":true,"jetpack_shortlink":"https:\/\/wp.me\/p5CDmr-1iY","jetpack-related-posts":[{"id":34242,"url":"https:\/\/www.achimbrueckner.de\/dxradio\/php\/wordpress\/?p=34242","url_meta":{"origin":5020,"position":0},"title":"QSL-Karten des Ahrtal Radio auf 3985 kHz","author":"Administrator","date":"December 25, 2021","format":false,"excerpt":"Und so kommt man zu den begehrten QSL-Karten des Ahrtal Radio auf 3985 kHz: Die 86 QSLs sind limitiert, daher gibt es ein ausgekl\u00fcgeltes Punktesystem. Jede QSL hat eine laufende Nummer, die der Platzierung entspricht (QSL #1 mit der meisten Punktzahl, QSL #86 mit der niedrigsten Punktzahl) G\u00fcltige Empfangswege sind\u2026","rel":"","context":"In &quot;Deutsch&quot;","block_context":{"text":"Deutsch","link":"https:\/\/www.achimbrueckner.de\/dxradio\/php\/wordpress\/?cat=1"},"img":{"alt_text":"","src":"","width":0,"height":0},"classes":[]},{"id":38205,"url":"https:\/\/www.achimbrueckner.de\/dxradio\/php\/wordpress\/?p=38205","url_meta":{"origin":5020,"position":1},"title":"SAQ: Grimeton sendet Weihnachtsbotschaft an Heiligabend 2022","author":"Administrator","date":"December 13, 2022","format":false,"excerpt":"SAQ: Grimeton sendet Weihnachtsbotschaft an Heiligabend Am Morgen des Heiligen Abends, dem 24. Dezember 2022, werden die Grimeton SAQ Veteranradiofreunde in S\u00fcdschweden wieder auf Sendung gehen und eine besondere Weihnachtsbotschaft in die Welt senden. Um 8:30 Uhr MEZ (0730 UTC) wird der fast 100 Jahre alte Maschinensender in Betrieb genommen\u2026","rel":"","context":"In &quot;Deutsch&quot;","block_context":{"text":"Deutsch","link":"https:\/\/www.achimbrueckner.de\/dxradio\/php\/wordpress\/?cat=1"},"img":{"alt_text":"","src":"","width":0,"height":0},"classes":[]},{"id":2538,"url":"https:\/\/www.achimbrueckner.de\/dxradio\/php\/wordpress\/?p=2538","url_meta":{"origin":5020,"position":2},"title":"RTR Radio Europa an diesem Wochenende samstags und sonntags auf Kurzwelle","author":"Administrator","date":"July 20, 2013","format":false,"excerpt":"RTR Radio Europa an diesem Wochenende samstags und sonntags auf Kurzwelle - Passend zum Sommerwetter mobiler Empfang drau\u00dfen - Fotos erw\u00fcnscht Es tut sich mal wieder etwas auf der guten alten Kurzwelle. RTR Radio Europa wird am anstehenden Wochende (20 u. 21. Juli 2013) zu weiteren Testzwecken sein Programm auch\u2026","rel":"","context":"In &quot;Deutsch&quot;","block_context":{"text":"Deutsch","link":"https:\/\/www.achimbrueckner.de\/dxradio\/php\/wordpress\/?cat=1"},"img":{"alt_text":"","src":"","width":0,"height":0},"classes":[]},{"id":30281,"url":"https:\/\/www.achimbrueckner.de\/dxradio\/php\/wordpress\/?p=30281","url_meta":{"origin":5020,"position":3},"title":"Programmtipp: 50 Jahre Close-Down von Radio CAE","author":"Administrator","date":"October 2, 2020","format":false,"excerpt":"\u201cAt 87.8 on the FM-dial, this is Canadian Forces Radio CAE in Werl, Germany\u2026\u201d \u00dcber 14 Jahre lang h\u00f6rte man diesen Station Break auf UKW ganz vorne, am Anfang der Skala, sofern man am \u00f6stlichen Rande des Ruhrgebiets wohnte. Am 21. M\u00e4rz 1956 um 17.00 Uhr war hier ein einzigartiger\u2026","rel":"","context":"In &quot;Deutsch&quot;","block_context":{"text":"Deutsch","link":"https:\/\/www.achimbrueckner.de\/dxradio\/php\/wordpress\/?cat=1"},"img":{"alt_text":"","src":"","width":0,"height":0},"classes":[]},{"id":36924,"url":"https:\/\/www.achimbrueckner.de\/dxradio\/php\/wordpress\/?p=36924","url_meta":{"origin":5020,"position":4},"title":"Sommerkamp-Gedenk-Aktivit\u00e4t 10. \/ 11.9.2022","author":"Administrator","date":"July 11, 2022","format":false,"excerpt":"Sommerkamp-Gedenk-Aktivit\u00e4t Liebe Radiofreunde, erinnern Sie sich noch an den ber\u00fchmten \"Kaffeew\u00e4rmer\", Sommerkamp TS 788 DX? Die Sommerkamp-Freunde, eine Gruppe auf Facebook, m\u00f6chten den Unternehmer, der hinter der gro\u00dfen Marke Sommerkamp Radio steht, ehren. Herr Wolfgang Sommerkamp, geboren am 11. September in Dortmund, Deutschland. HAM-Radio-Ruf DJ2YJ , EA8YS sowie andere verwendete\u2026","rel":"","context":"In &quot;Deutsch&quot;","block_context":{"text":"Deutsch","link":"https:\/\/www.achimbrueckner.de\/dxradio\/php\/wordpress\/?cat=1"},"img":{"alt_text":"","src":"","width":0,"height":0},"classes":[]},{"id":4420,"url":"https:\/\/www.achimbrueckner.de\/dxradio\/php\/wordpress\/?p=4420","url_meta":{"origin":5020,"position":5},"title":"Diplomkontest des RTI H\u00f6rerklubs Ottenau 1. bis 17. Mai 2015","author":"Administrator","date":"April 20, 2015","format":false,"excerpt":"Diplomkontest des RTI H\u00f6rerklubs Ottenau Im Zeitraum vom 1. bis 17. Mai veranstaltet der RTI H\u00f6rerklub Ottenau aus Anla\u00df des 34. \u00fcberregionalen DX-Treffens vom 9. Mai im Gasthaus Adler in der Ottenauer Hauptstrasse 255 seinen n\u00e4chsten Diplomkontest. Zu h\u00f6ren sind die Kurzwellenprogramme von Radio Taiwan International, Kuno Taufenbachs FM-Kompakt Beitrag\u2026","rel":"","context":"In &quot;contests&quot;","block_context":{"text":"contests","link":"https:\/\/www.achimbrueckner.de\/dxradio\/php\/wordpress\/?cat=6"},"img":{"alt_text":"","src":"","width":0,"height":0},"classes":[]}],"_links":{"self":[{"href":"https:\/\/www.achimbrueckner.de\/dxradio\/php\/wordpress\/index.php?rest_route=\/wp\/v2\/posts\/5020","targetHints":{"allow":["GET"]}}],"collection":[{"href":"https:\/\/www.achimbrueckner.de\/dxradio\/php\/wordpress\/index.php?rest_route=\/wp\/v2\/posts"}],"about":[{"href":"https:\/\/www.achimbrueckner.de\/dxradio\/php\/wordpress\/index.php?rest_route=\/wp\/v2\/types\/post"}],"author":[{"embeddable":true,"href":"https:\/\/www.achimbrueckner.de\/dxradio\/php\/wordpress\/index.php?rest_route=\/wp\/v2\/users\/1"}],"replies":[{"embeddable":true,"href":"https:\/\/www.achimbrueckner.de\/dxradio\/php\/wordpress\/index.php?rest_route=%2Fwp%2Fv2%2Fcomments&post=5020"}],"version-history":[{"count":0,"href":"https:\/\/www.achimbrueckner.de\/dxradio\/php\/wordpress\/index.php?rest_route=\/wp\/v2\/posts\/5020\/revisions"}],"wp:attachment":[{"href":"https:\/\/www.achimbrueckner.de\/dxradio\/php\/wordpress\/index.php?rest_route=%2Fwp%2Fv2%2Fmedia&parent=5020"}],"wp:term":[{"taxonomy":"category","embeddable":true,"href":"https:\/\/www.achimbrueckner.de\/dxradio\/php\/wordpress\/index.php?rest_route=%2Fwp%2Fv2%2Fcategories&post=5020"},{"taxonomy":"post_tag","embeddable":true,"href":"https:\/\/www.achimbrueckner.de\/dxradio\/php\/wordpress\/index.php?rest_route=%2Fwp%2Fv2%2Ftags&post=5020"}],"curies":[{"name":"wp","href":"https:\/\/api.w.org\/{rel}","templated":true}]}}