{"id":5052,"date":"2015-06-30T14:06:11","date_gmt":"2015-06-30T14:06:11","guid":{"rendered":"https:\/\/www.achimbrueckner.de\/dxradio\/php\/wordpress\/?p=5052"},"modified":"2015-06-30T14:06:11","modified_gmt":"2015-06-30T14:06:11","slug":"nurnberger-radiosender-freuen-sich-uber-einschaltquoten","status":"publish","type":"post","link":"https:\/\/www.achimbrueckner.de\/dxradio\/php\/wordpress\/?p=5052","title":{"rendered":"N\u00fcrnberger Radiosender freuen sich \u00fcber Einschaltquoten"},"content":{"rendered":"<p><a href=\"http:\/\/www.radioszene.de\/81330\/nuernberger-radiosender-freuen-sich-ueber-einschaltquoten.html\" target=\"_blank\">http:\/\/www.radioszene.de\/81330\/nuernberger-radiosender-freuen-sich-ueber-einschaltquoten.html<\/a><\/p>\n","protected":false},"excerpt":{"rendered":"<p>http:\/\/www.radioszene.de\/81330\/nuernberger-radiosender-freuen-sich-ueber-einschaltquoten.html<\/p>\n","protected":false},"author":1,"featured_media":0,"comment_status":"open","ping_status":"open","sticky":false,"template":"","format":"standard","meta":{"_jetpack_memberships_contains_paid_content":false,"footnotes":"","jetpack_publicize_message":"","jetpack_publicize_feature_enabled":true,"jetpack_social_post_already_shared":true,"jetpack_social_options":{"image_generator_settings":{"template":"highway","default_image_id":0,"font":"","enabled":false},"version":2}},"categories":[1,16],"tags":[41],"class_list":["post-5052","post","type-post","status-publish","format-standard","hentry","category-deutsch","category-radioszene","tag-radioszene"],"jetpack_publicize_connections":[],"jetpack_featured_media_url":"","jetpack_sharing_enabled":true,"jetpack_shortlink":"https:\/\/wp.me\/p5CDmr-1ju","jetpack-related-posts":[{"id":11827,"url":"https:\/\/www.achimbrueckner.de\/dxradio\/php\/wordpress\/?p=11827","url_meta":{"origin":5052,"position":0},"title":"EBU vergibt .radio-Domains zuerst an Radiosender","author":"Administrator","date":"January 22, 2017","format":false,"excerpt":"http:\/\/www.radioszene.de\/94774\/ebu-sichert-sich-vergaberechte-radio-domains.html","rel":"","context":"In &quot;Deutsch&quot;","block_context":{"text":"Deutsch","link":"https:\/\/www.achimbrueckner.de\/dxradio\/php\/wordpress\/?cat=1"},"img":{"alt_text":"","src":"","width":0,"height":0},"classes":[]},{"id":21314,"url":"https:\/\/www.achimbrueckner.de\/dxradio\/php\/wordpress\/?p=21314","url_meta":{"origin":5052,"position":1},"title":"Wann lohnt sich f\u00fcr Radiosender ein Austausch der UKW-Antennen?","author":"Administrator","date":"February 4, 2019","format":false,"excerpt":"https:\/\/www.radioszene.de\/129971\/ukw-antennen-austausch.html","rel":"","context":"In &quot;Deutsch&quot;","block_context":{"text":"Deutsch","link":"https:\/\/www.achimbrueckner.de\/dxradio\/php\/wordpress\/?cat=1"},"img":{"alt_text":"","src":"","width":0,"height":0},"classes":[]},{"id":43682,"url":"https:\/\/www.achimbrueckner.de\/dxradio\/php\/wordpress\/?p=43682","url_meta":{"origin":5052,"position":2},"title":"Nach 15 Jahren: dein fm wird eingestellt \u2013 Sp\u00e4tschicht zieht ins Lokalradio ein.","author":"Administrator","date":"August 29, 2025","format":false,"excerpt":"Nach 15 Jahren: dein fm wird eingestellt \u2013 Sp\u00e4tschicht zieht ins Lokalradio ein. Nach rund 15 Jahren wird der Radiosender dein fm eingestellt. Eine \u00dcberf\u00fchrung des Senders ins Digitalradio (DAB+) ist derzeit nicht geplant. Damit endet eine \u00c4ra f\u00fcr viele treue H\u00f6rerinnen und H\u00f6rer, die den lokalen Radiosender \u00fcber die\u2026","rel":"","context":"In &quot;Deutsch&quot;","block_context":{"text":"Deutsch","link":"https:\/\/www.achimbrueckner.de\/dxradio\/php\/wordpress\/?cat=1"},"img":{"alt_text":"","src":"","width":0,"height":0},"classes":[]},{"id":14191,"url":"https:\/\/www.achimbrueckner.de\/dxradio\/php\/wordpress\/?p=14191","url_meta":{"origin":5052,"position":3},"title":"Geiselnahme bei Radiosender in Holland","author":"Administrator","date":"August 17, 2017","format":false,"excerpt":"http:\/\/www.radioszene.de\/109423\/geiselnahme-radiosender-holland.html","rel":"","context":"In &quot;Deutsch&quot;","block_context":{"text":"Deutsch","link":"https:\/\/www.achimbrueckner.de\/dxradio\/php\/wordpress\/?cat=1"},"img":{"alt_text":"","src":"","width":0,"height":0},"classes":[]},{"id":27740,"url":"https:\/\/www.achimbrueckner.de\/dxradio\/php\/wordpress\/?p=27740","url_meta":{"origin":5052,"position":4},"title":"N\u00fcrnberger Radiosender im Corona-Modus","author":"Administrator","date":"March 25, 2020","format":false,"excerpt":"https:\/\/www.radioszene.de\/142030\/nuernberger-radiosender-corona-modus.html","rel":"","context":"In &quot;Deutsch&quot;","block_context":{"text":"Deutsch","link":"https:\/\/www.achimbrueckner.de\/dxradio\/php\/wordpress\/?cat=1"},"img":{"alt_text":"","src":"","width":0,"height":0},"classes":[]},{"id":11926,"url":"https:\/\/www.achimbrueckner.de\/dxradio\/php\/wordpress\/?p=11926","url_meta":{"origin":5052,"position":5},"title":"Radiosender hacken \u2013 heute schon Realit\u00e4t","author":"Administrator","date":"January 31, 2017","format":false,"excerpt":"http:\/\/www.radioszene.de\/100584\/radiosender-hacken-radiostation-hacking.html","rel":"","context":"In &quot;Deutsch&quot;","block_context":{"text":"Deutsch","link":"https:\/\/www.achimbrueckner.de\/dxradio\/php\/wordpress\/?cat=1"},"img":{"alt_text":"","src":"","width":0,"height":0},"classes":[]}],"_links":{"self":[{"href":"https:\/\/www.achimbrueckner.de\/dxradio\/php\/wordpress\/index.php?rest_route=\/wp\/v2\/posts\/5052","targetHints":{"allow":["GET"]}}],"collection":[{"href":"https:\/\/www.achimbrueckner.de\/dxradio\/php\/wordpress\/index.php?rest_route=\/wp\/v2\/posts"}],"about":[{"href":"https:\/\/www.achimbrueckner.de\/dxradio\/php\/wordpress\/index.php?rest_route=\/wp\/v2\/types\/post"}],"author":[{"embeddable":true,"href":"https:\/\/www.achimbrueckner.de\/dxradio\/php\/wordpress\/index.php?rest_route=\/wp\/v2\/users\/1"}],"replies":[{"embeddable":true,"href":"https:\/\/www.achimbrueckner.de\/dxradio\/php\/wordpress\/index.php?rest_route=%2Fwp%2Fv2%2Fcomments&post=5052"}],"version-history":[{"count":0,"href":"https:\/\/www.achimbrueckner.de\/dxradio\/php\/wordpress\/index.php?rest_route=\/wp\/v2\/posts\/5052\/revisions"}],"wp:attachment":[{"href":"https:\/\/www.achimbrueckner.de\/dxradio\/php\/wordpress\/index.php?rest_route=%2Fwp%2Fv2%2Fmedia&parent=5052"}],"wp:term":[{"taxonomy":"category","embeddable":true,"href":"https:\/\/www.achimbrueckner.de\/dxradio\/php\/wordpress\/index.php?rest_route=%2Fwp%2Fv2%2Fcategories&post=5052"},{"taxonomy":"post_tag","embeddable":true,"href":"https:\/\/www.achimbrueckner.de\/dxradio\/php\/wordpress\/index.php?rest_route=%2Fwp%2Fv2%2Ftags&post=5052"}],"curies":[{"name":"wp","href":"https:\/\/api.w.org\/{rel}","templated":true}]}}