{"id":5122,"date":"2015-07-06T15:07:25","date_gmt":"2015-07-06T15:07:25","guid":{"rendered":"https:\/\/www.achimbrueckner.de\/dxradio\/php\/wordpress\/?p=5122"},"modified":"2015-07-06T15:07:25","modified_gmt":"2015-07-06T15:07:25","slug":"vortrage-bei-der-ham-radio-in-friedrichshafen-2015","status":"publish","type":"post","link":"https:\/\/www.achimbrueckner.de\/dxradio\/php\/wordpress\/?p=5122","title":{"rendered":"Vortr\u00e4ge bei der Ham Radio in Friedrichshafen 2015"},"content":{"rendered":"<p><a href=\"http:\/\/www.dokufunk.org\/\" target=\"_blank\">http:\/\/www.dokufunk.org\/<\/a><\/p>\n","protected":false},"excerpt":{"rendered":"<p>http:\/\/www.dokufunk.org\/<\/p>\n","protected":false},"author":1,"featured_media":0,"comment_status":"open","ping_status":"open","sticky":false,"template":"","format":"standard","meta":{"_jetpack_memberships_contains_paid_content":false,"footnotes":"","jetpack_publicize_message":"","jetpack_publicize_feature_enabled":true,"jetpack_social_post_already_shared":true,"jetpack_social_options":{"image_generator_settings":{"template":"highway","default_image_id":0,"font":"","enabled":false},"version":2}},"categories":[5,1],"tags":[24],"class_list":["post-5122","post","type-post","status-publish","format-standard","hentry","category-camps","category-deutsch","tag-am"],"jetpack_publicize_connections":[],"jetpack_featured_media_url":"","jetpack_sharing_enabled":true,"jetpack_shortlink":"https:\/\/wp.me\/p5CDmr-1kC","jetpack-related-posts":[{"id":3467,"url":"https:\/\/www.achimbrueckner.de\/dxradio\/php\/wordpress\/?p=3467","url_meta":{"origin":5122,"position":0},"title":"DokuFunk: Vortr\u00e4ge von der Ham Radio 2014","author":"Administrator","date":"August 29, 2014","format":false,"excerpt":"Das Dokumentationsarchiv Funk in Wien hat die ersten Vortr\u00e4ge von der Ham Radio 2014 in Friedrichshafen mit Bild und Ton auf seine Homepage gestellt: Yagi- und Quad- Antennen f\u00fcr den Kurzwellenamateur Martin Steyer, DK7ZB The Enigma and Others famous Cipher Machines Tom Perera, W1TP FT5ZM- Amsterdam Island DXpedition Ralph Fedor,\u2026","rel":"","context":"In &quot;camps&quot;","block_context":{"text":"camps","link":"https:\/\/www.achimbrueckner.de\/dxradio\/php\/wordpress\/?cat=5"},"img":{"alt_text":"","src":"","width":0,"height":0},"classes":[]},{"id":8870,"url":"https:\/\/www.achimbrueckner.de\/dxradio\/php\/wordpress\/?p=8870","url_meta":{"origin":5122,"position":1},"title":"Vortr\u00e4ge und Pr\u00e4sentationen der Ham Radio 2016","author":"Administrator","date":"July 18, 2016","format":false,"excerpt":"Das Dokumentationsarchiv Funk hat die wichtigsten Vortr\u00e4ge und Pr\u00e4sentationen der Ham Radio 2016 in Bild und Ton online gestellt. Zugang zum \u201eH\u00f6rsaal\u201c 2008-2016: www.dokufunk.org","rel":"","context":"In &quot;Deutsch&quot;","block_context":{"text":"Deutsch","link":"https:\/\/www.achimbrueckner.de\/dxradio\/php\/wordpress\/?cat=1"},"img":{"alt_text":"","src":"","width":0,"height":0},"classes":[]},{"id":1057,"url":"https:\/\/www.achimbrueckner.de\/dxradio\/php\/wordpress\/?p=1057","url_meta":{"origin":5122,"position":2},"title":"H\u00f6rertreffen Friedrichshafen","author":"Administrator","date":"June 21, 2010","format":false,"excerpt":"H\u00f6rertreffen am Rande der HAM RADIO in Friedrichshafen am 26.06.2010 Die auf der HAM RADIO anwesenden H\u00f6rer von KBS, Seoul und Radio HCJB, Quito, treffen sich am Abend des \u00e2\u20ac\u017eMesse-Samstags\u00e2\u20ac\u0153 (26.06.2010) ab 20.00 Uhr Ortszeit im Hotel Koenigsaecker Zeppelinstrasse 299 88048 Friedrichshafen-Fischbach gleich bei der Bushaltestelle \u00e2\u20ac\u017eHotel Mayer\u00e2\u20ac\u0153 in Friedrichshafen-Fischbach\u2026","rel":"","context":"In &quot;camps&quot;","block_context":{"text":"camps","link":"https:\/\/www.achimbrueckner.de\/dxradio\/php\/wordpress\/?cat=5"},"img":{"alt_text":"","src":"","width":0,"height":0},"classes":[]},{"id":21454,"url":"https:\/\/www.achimbrueckner.de\/dxradio\/php\/wordpress\/?p=21454","url_meta":{"origin":5122,"position":3},"title":"HAM Radio 2019","author":"Administrator","date":"February 10, 2019","format":false,"excerpt":"Liebe A-DXer, Die HAM Radio 2019 findet vom 21.- 23. Juni 2019 in Friedrichshafen statt. Ich m\u00f6chte daher zeitgerecht informieren falls man die M\u00f6glichkeit nutzen m\u00f6chte der Messe, nein es ist ja lt. Messegesellschaft nun nur mehr eine \u201eAusstellung\u201c, einen Besuch abzustatten und rechtzeitig eine \u00dcbernachtungsm\u00f6glichkeit zu suchen. Da es\u2026","rel":"","context":"In &quot;camps&quot;","block_context":{"text":"camps","link":"https:\/\/www.achimbrueckner.de\/dxradio\/php\/wordpress\/?cat=5"},"img":{"alt_text":"","src":"","width":0,"height":0},"classes":[]},{"id":7826,"url":"https:\/\/www.achimbrueckner.de\/dxradio\/php\/wordpress\/?p=7826","url_meta":{"origin":5122,"position":4},"title":"HAM Radio 2017 (!) verschoben","author":"Administrator","date":"March 15, 2016","format":false,"excerpt":"Messe Friedrichshafen und DARC fixieren den Messetermin f\u00fcr 2017 \u2013 Funkamateure treffen sich vom 14. bis 16. Juli 2017 am Bodensee Neue Terminierung: Messe Ham Radio findet im Jahr 2017 im Juli in Friedrichshafen statt Friedrichshafen \u2013 Die Ham Radio zieht es in den Sommer. Die Veranstalter der Messe Friedrichshafen\u2026","rel":"","context":"In &quot;camps&quot;","block_context":{"text":"camps","link":"https:\/\/www.achimbrueckner.de\/dxradio\/php\/wordpress\/?cat=5"},"img":{"alt_text":"","src":"","width":0,"height":0},"classes":[]},{"id":13779,"url":"https:\/\/www.achimbrueckner.de\/dxradio\/php\/wordpress\/?p=13779","url_meta":{"origin":5122,"position":5},"title":"Viel Programm bei Ham Radio und Maker Faire","author":"Administrator","date":"July 16, 2017","format":false,"excerpt":"http:\/\/www.suedkurier.de\/region\/bodenseekreis-oberschwaben\/friedrichshafen\/Viel-Programm-bei-Ham-Radio-und-Maker-Faire;art372474,9331837","rel":"","context":"In &quot;Deutsch&quot;","block_context":{"text":"Deutsch","link":"https:\/\/www.achimbrueckner.de\/dxradio\/php\/wordpress\/?cat=1"},"img":{"alt_text":"","src":"","width":0,"height":0},"classes":[]}],"_links":{"self":[{"href":"https:\/\/www.achimbrueckner.de\/dxradio\/php\/wordpress\/index.php?rest_route=\/wp\/v2\/posts\/5122","targetHints":{"allow":["GET"]}}],"collection":[{"href":"https:\/\/www.achimbrueckner.de\/dxradio\/php\/wordpress\/index.php?rest_route=\/wp\/v2\/posts"}],"about":[{"href":"https:\/\/www.achimbrueckner.de\/dxradio\/php\/wordpress\/index.php?rest_route=\/wp\/v2\/types\/post"}],"author":[{"embeddable":true,"href":"https:\/\/www.achimbrueckner.de\/dxradio\/php\/wordpress\/index.php?rest_route=\/wp\/v2\/users\/1"}],"replies":[{"embeddable":true,"href":"https:\/\/www.achimbrueckner.de\/dxradio\/php\/wordpress\/index.php?rest_route=%2Fwp%2Fv2%2Fcomments&post=5122"}],"version-history":[{"count":0,"href":"https:\/\/www.achimbrueckner.de\/dxradio\/php\/wordpress\/index.php?rest_route=\/wp\/v2\/posts\/5122\/revisions"}],"wp:attachment":[{"href":"https:\/\/www.achimbrueckner.de\/dxradio\/php\/wordpress\/index.php?rest_route=%2Fwp%2Fv2%2Fmedia&parent=5122"}],"wp:term":[{"taxonomy":"category","embeddable":true,"href":"https:\/\/www.achimbrueckner.de\/dxradio\/php\/wordpress\/index.php?rest_route=%2Fwp%2Fv2%2Fcategories&post=5122"},{"taxonomy":"post_tag","embeddable":true,"href":"https:\/\/www.achimbrueckner.de\/dxradio\/php\/wordpress\/index.php?rest_route=%2Fwp%2Fv2%2Ftags&post=5122"}],"curies":[{"name":"wp","href":"https:\/\/api.w.org\/{rel}","templated":true}]}}