{"id":521,"date":"2009-09-04T15:42:34","date_gmt":"2009-09-04T15:42:34","guid":{"rendered":"https:\/\/www.achimbrueckner.de\/dxradio\/php\/wordpress\/?p=521"},"modified":"2009-09-04T15:42:34","modified_gmt":"2009-09-04T15:42:34","slug":"jugendradio-dt-64","status":"publish","type":"post","link":"https:\/\/www.achimbrueckner.de\/dxradio\/php\/wordpress\/?p=521","title":{"rendered":"Jugendradio DT 64"},"content":{"rendered":"<p>DLF Das Feature 08.09.2009 1905 MESZ:<\/p>\n<p>&#8220;Ein Sputnik ist heute abgest\u00fcrzt&#8221;<br \/>\nVorwendezeit bei Jugendradio DT 64<\/p>\n<p><a href=\"http:\/\/www.dradio.de\/dlf\/sendungen\/dasfeature\/991323\/\">http:\/\/www.dradio.de\/dlf\/sendungen\/dasfeature\/991323\/<\/a><\/p>\n<p>Info via <a href=\"http:\/\/forum.mysnip.de\/read.php?15515,701861\">Radioh\u00f6rerforum<\/a><\/p>\n","protected":false},"excerpt":{"rendered":"<p>DLF Das Feature 08.09.2009 1905 MESZ: &#8220;Ein Sputnik ist heute abgest\u00fcrzt&#8221; Vorwendezeit bei Jugendradio DT 64 http:\/\/www.dradio.de\/dlf\/sendungen\/dasfeature\/991323\/ Info via Radioh\u00f6rerforum<\/p>\n","protected":false},"author":1,"featured_media":0,"comment_status":"open","ping_status":"open","sticky":false,"template":"","format":"standard","meta":{"_jetpack_memberships_contains_paid_content":false,"footnotes":"","jetpack_publicize_message":"","jetpack_publicize_feature_enabled":true,"jetpack_social_post_already_shared":false,"jetpack_social_options":{"image_generator_settings":{"template":"highway","default_image_id":0,"font":"","enabled":false},"version":2}},"categories":[1],"tags":[],"class_list":["post-521","post","type-post","status-publish","format-standard","hentry","category-deutsch"],"jetpack_publicize_connections":[],"jetpack_featured_media_url":"","jetpack_sharing_enabled":true,"jetpack_shortlink":"https:\/\/wp.me\/p5CDmr-8p","jetpack-related-posts":[{"id":461,"url":"https:\/\/www.achimbrueckner.de\/dxradio\/php\/wordpress\/?p=461","url_meta":{"origin":521,"position":0},"title":"Ein Sputnik ist abgest\u00fcrzt &#8211; Das Vorwende-Jahr bei DT 64","author":"Administrator","date":"June 10, 2009","format":false,"excerpt":"F\u00fcr alle DT64 Fans,aufgepasst und reinh\u00f6ren: Figaro am Vormittag Datum Sendezeit Sa., 13.06. 09:00 Uhr 09.00 Nachrichten 09.05 Feature Wir waren das Volk! - MDR FIGARO erinnert an die Friedliche Revolution: Ein Sputnik ist abgest\u00fcrzt - Das Vorwende-Jahr bei DT 64 Von J\u00fcrgen Balitzki und Marcus Heumann (Ursendung) Am 19.\u2026","rel":"","context":"In &quot;Deutsch&quot;","block_context":{"text":"Deutsch","link":"https:\/\/www.achimbrueckner.de\/dxradio\/php\/wordpress\/?cat=1"},"img":{"alt_text":"","src":"","width":0,"height":0},"classes":[]},{"id":1199,"url":"https:\/\/www.achimbrueckner.de\/dxradio\/php\/wordpress\/?p=1199","url_meta":{"origin":521,"position":1},"title":"Jugendradio DT64 September 1990","author":"Administrator","date":"October 22, 2010","format":false,"excerpt":"Jugendradio DT 64 Abschaltung \/ Wiederaufnahme auf UKW R0020JugendradioDT64070990A.mp3 R0020JugendradioDT64080990B.mp3","rel":"","context":"In &quot;download&quot;","block_context":{"text":"download","link":"https:\/\/www.achimbrueckner.de\/dxradio\/php\/wordpress\/?cat=13"},"img":{"alt_text":"","src":"","width":0,"height":0},"classes":[]},{"id":3084,"url":"https:\/\/www.achimbrueckner.de\/dxradio\/php\/wordpress\/?p=3084","url_meta":{"origin":521,"position":2},"title":"Jugendradio DT 64","author":"Administrator","date":"April 14, 2014","format":false,"excerpt":"https:\/\/www.youtube.com\/watch?v=QN9ff1ikJDM&feature=youtu.be","rel":"","context":"In &quot;Deutsch&quot;","block_context":{"text":"Deutsch","link":"https:\/\/www.achimbrueckner.de\/dxradio\/php\/wordpress\/?cat=1"},"img":{"alt_text":"","src":"","width":0,"height":0},"classes":[]},{"id":14954,"url":"https:\/\/www.achimbrueckner.de\/dxradio\/php\/wordpress\/?p=14954","url_meta":{"origin":521,"position":3},"title":"Jugendradio hashtag+ hat Sendebetrieb aufgenommen","author":"Administrator","date":"October 12, 2017","format":false,"excerpt":"http:\/\/www.radiowoche.de\/jugendradio-hashtag-hat-sendebetrieb-aufgenommen\/","rel":"","context":"In &quot;Deutsch&quot;","block_context":{"text":"Deutsch","link":"https:\/\/www.achimbrueckner.de\/dxradio\/php\/wordpress\/?cat=1"},"img":{"alt_text":"","src":"","width":0,"height":0},"classes":[]},{"id":41274,"url":"https:\/\/www.achimbrueckner.de\/dxradio\/php\/wordpress\/?p=41274","url_meta":{"origin":521,"position":4},"title":"60 Jahre Jugendradio DT64","author":"Administrator","date":"May 19, 2024","format":false,"excerpt":"https:\/\/www.radioblog.eu\/2024\/05\/17\/60-jahre-jugendradio-dt64\/","rel":"","context":"In &quot;Deutsch&quot;","block_context":{"text":"Deutsch","link":"https:\/\/www.achimbrueckner.de\/dxradio\/php\/wordpress\/?cat=1"},"img":{"alt_text":"","src":"","width":0,"height":0},"classes":[]},{"id":34866,"url":"https:\/\/www.achimbrueckner.de\/dxradio\/php\/wordpress\/?p=34866","url_meta":{"origin":521,"position":5},"title":"Gr\u00fcnes Licht f\u00fcr privates NRW-Jugendradio","author":"Administrator","date":"March 4, 2022","format":false,"excerpt":"https:\/\/www.radiowoche.de\/gruenes-licht-fuer-privates-nrw-jugendradio\/","rel":"","context":"In &quot;Deutsch&quot;","block_context":{"text":"Deutsch","link":"https:\/\/www.achimbrueckner.de\/dxradio\/php\/wordpress\/?cat=1"},"img":{"alt_text":"","src":"","width":0,"height":0},"classes":[]}],"_links":{"self":[{"href":"https:\/\/www.achimbrueckner.de\/dxradio\/php\/wordpress\/index.php?rest_route=\/wp\/v2\/posts\/521","targetHints":{"allow":["GET"]}}],"collection":[{"href":"https:\/\/www.achimbrueckner.de\/dxradio\/php\/wordpress\/index.php?rest_route=\/wp\/v2\/posts"}],"about":[{"href":"https:\/\/www.achimbrueckner.de\/dxradio\/php\/wordpress\/index.php?rest_route=\/wp\/v2\/types\/post"}],"author":[{"embeddable":true,"href":"https:\/\/www.achimbrueckner.de\/dxradio\/php\/wordpress\/index.php?rest_route=\/wp\/v2\/users\/1"}],"replies":[{"embeddable":true,"href":"https:\/\/www.achimbrueckner.de\/dxradio\/php\/wordpress\/index.php?rest_route=%2Fwp%2Fv2%2Fcomments&post=521"}],"version-history":[{"count":0,"href":"https:\/\/www.achimbrueckner.de\/dxradio\/php\/wordpress\/index.php?rest_route=\/wp\/v2\/posts\/521\/revisions"}],"wp:attachment":[{"href":"https:\/\/www.achimbrueckner.de\/dxradio\/php\/wordpress\/index.php?rest_route=%2Fwp%2Fv2%2Fmedia&parent=521"}],"wp:term":[{"taxonomy":"category","embeddable":true,"href":"https:\/\/www.achimbrueckner.de\/dxradio\/php\/wordpress\/index.php?rest_route=%2Fwp%2Fv2%2Fcategories&post=521"},{"taxonomy":"post_tag","embeddable":true,"href":"https:\/\/www.achimbrueckner.de\/dxradio\/php\/wordpress\/index.php?rest_route=%2Fwp%2Fv2%2Ftags&post=521"}],"curies":[{"name":"wp","href":"https:\/\/api.w.org\/{rel}","templated":true}]}}