{"id":5264,"date":"2015-07-18T18:28:31","date_gmt":"2015-07-18T18:28:31","guid":{"rendered":"https:\/\/www.achimbrueckner.de\/dxradio\/php\/wordpress\/?p=5264"},"modified":"2015-07-18T18:28:31","modified_gmt":"2015-07-18T18:28:31","slug":"radio-aus-der-schule-in-stein","status":"publish","type":"post","link":"https:\/\/www.achimbrueckner.de\/dxradio\/php\/wordpress\/?p=5264","title":{"rendered":"Radio aus der Schule in Stein"},"content":{"rendered":"<p><a href=\"http:\/\/www.nordbayern.de\/region\/fuerth\/radio-aus-der-schule-in-stein-1.4522350\" target=\"_blank\">http:\/\/www.nordbayern.de\/region\/fuerth\/radio-aus-der-schule-in-stein-1.4522350<\/a><\/p>\n","protected":false},"excerpt":{"rendered":"<p>http:\/\/www.nordbayern.de\/region\/fuerth\/radio-aus-der-schule-in-stein-1.4522350<\/p>\n","protected":false},"author":1,"featured_media":0,"comment_status":"open","ping_status":"open","sticky":false,"template":"","format":"standard","meta":{"_jetpack_memberships_contains_paid_content":false,"footnotes":"","jetpack_publicize_message":"","jetpack_publicize_feature_enabled":true,"jetpack_social_post_already_shared":true,"jetpack_social_options":{"image_generator_settings":{"template":"highway","default_image_id":0,"font":"","enabled":false},"version":2}},"categories":[1],"tags":[],"class_list":["post-5264","post","type-post","status-publish","format-standard","hentry","category-deutsch"],"jetpack_publicize_connections":[],"jetpack_featured_media_url":"","jetpack_sharing_enabled":true,"jetpack_shortlink":"https:\/\/wp.me\/p5CDmr-1mU","jetpack-related-posts":[{"id":12325,"url":"https:\/\/www.achimbrueckner.de\/dxradio\/php\/wordpress\/?p=12325","url_meta":{"origin":5264,"position":0},"title":"F\u00fcrther Rundfunkmuseum schl\u00e4gt Radio-Spende aus","author":"Administrator","date":"February 27, 2017","format":false,"excerpt":"http:\/\/www.nordbayern.de\/region\/fuerth\/further-rundfunkmuseum-schlagt-radio-spende-aus-1.5839876","rel":"","context":"In &quot;Deutsch&quot;","block_context":{"text":"Deutsch","link":"https:\/\/www.achimbrueckner.de\/dxradio\/php\/wordpress\/?cat=1"},"img":{"alt_text":"","src":"","width":0,"height":0},"classes":[]},{"id":12728,"url":"https:\/\/www.achimbrueckner.de\/dxradio\/php\/wordpress\/?p=12728","url_meta":{"origin":5264,"position":1},"title":"Radio-AG der Geschwister-Scholl-Schule: Sie gehen auf Sendung","author":"Administrator","date":"April 3, 2017","format":false,"excerpt":"http:\/\/www.suedkurier.de\/region\/kreis-konstanz\/konstanz\/Radio-AG-der-Geschwister-Scholl-Schule-Sie-gehen-auf-Sendung;art372448,9198289","rel":"","context":"In &quot;Deutsch&quot;","block_context":{"text":"Deutsch","link":"https:\/\/www.achimbrueckner.de\/dxradio\/php\/wordpress\/?cat=1"},"img":{"alt_text":"","src":"","width":0,"height":0},"classes":[]},{"id":27835,"url":"https:\/\/www.achimbrueckner.de\/dxradio\/php\/wordpress\/?p=27835","url_meta":{"origin":5264,"position":2},"title":"Neuer Podcast: Melanie Stein f\u00fchrt f\u00fcr Detektor.FM Gespr\u00e4che aus der Quarant\u00e4ne","author":"Administrator","date":"March 30, 2020","format":false,"excerpt":"http:\/\/www.radiowoche.de\/neuer-podcast-melanie-stein-fuehrt-fuer-detektor-fm-gespraeche-aus-der-quarantaene\/","rel":"","context":"In &quot;Deutsch&quot;","block_context":{"text":"Deutsch","link":"https:\/\/www.achimbrueckner.de\/dxradio\/php\/wordpress\/?cat=1"},"img":{"alt_text":"","src":"","width":0,"height":0},"classes":[]},{"id":12817,"url":"https:\/\/www.achimbrueckner.de\/dxradio\/php\/wordpress\/?p=12817","url_meta":{"origin":5264,"position":3},"title":"Veitsbronns Mittelsch\u00fcler machen Radio","author":"Administrator","date":"April 11, 2017","format":false,"excerpt":"http:\/\/www.nordbayern.de\/region\/fuerth\/veitsbronns-mittelschuler-machen-radio-1.5972289","rel":"","context":"In &quot;Deutsch&quot;","block_context":{"text":"Deutsch","link":"https:\/\/www.achimbrueckner.de\/dxradio\/php\/wordpress\/?cat=1"},"img":{"alt_text":"","src":"","width":0,"height":0},"classes":[]},{"id":17986,"url":"https:\/\/www.achimbrueckner.de\/dxradio\/php\/wordpress\/?p=17986","url_meta":{"origin":5264,"position":4},"title":"Hessischer Rundfunk zeichnet Sender der Nell-Breuning-Schule aus","author":"Administrator","date":"May 30, 2018","format":false,"excerpt":"https:\/\/www.op-online.de\/region\/roedermark\/hessischer-rundfunk-zeichnet-sender-nell-breuning-schule-nelly-9906427.html","rel":"","context":"In &quot;Deutsch&quot;","block_context":{"text":"Deutsch","link":"https:\/\/www.achimbrueckner.de\/dxradio\/php\/wordpress\/?cat=1"},"img":{"alt_text":"","src":"","width":0,"height":0},"classes":[]},{"id":17028,"url":"https:\/\/www.achimbrueckner.de\/dxradio\/php\/wordpress\/?p=17028","url_meta":{"origin":5264,"position":5},"title":"F\u00fcnftkl\u00e4ssler der Friedrich-Fr\u00f6bel-Schule machen Radio","author":"Administrator","date":"March 22, 2018","format":false,"excerpt":"https:\/\/www.op-online.de\/region\/neu-isenburg\/klingt-schule-fuenftklaessler-machen-radio-9714859.html","rel":"","context":"In &quot;Deutsch&quot;","block_context":{"text":"Deutsch","link":"https:\/\/www.achimbrueckner.de\/dxradio\/php\/wordpress\/?cat=1"},"img":{"alt_text":"","src":"","width":0,"height":0},"classes":[]}],"_links":{"self":[{"href":"https:\/\/www.achimbrueckner.de\/dxradio\/php\/wordpress\/index.php?rest_route=\/wp\/v2\/posts\/5264","targetHints":{"allow":["GET"]}}],"collection":[{"href":"https:\/\/www.achimbrueckner.de\/dxradio\/php\/wordpress\/index.php?rest_route=\/wp\/v2\/posts"}],"about":[{"href":"https:\/\/www.achimbrueckner.de\/dxradio\/php\/wordpress\/index.php?rest_route=\/wp\/v2\/types\/post"}],"author":[{"embeddable":true,"href":"https:\/\/www.achimbrueckner.de\/dxradio\/php\/wordpress\/index.php?rest_route=\/wp\/v2\/users\/1"}],"replies":[{"embeddable":true,"href":"https:\/\/www.achimbrueckner.de\/dxradio\/php\/wordpress\/index.php?rest_route=%2Fwp%2Fv2%2Fcomments&post=5264"}],"version-history":[{"count":0,"href":"https:\/\/www.achimbrueckner.de\/dxradio\/php\/wordpress\/index.php?rest_route=\/wp\/v2\/posts\/5264\/revisions"}],"wp:attachment":[{"href":"https:\/\/www.achimbrueckner.de\/dxradio\/php\/wordpress\/index.php?rest_route=%2Fwp%2Fv2%2Fmedia&parent=5264"}],"wp:term":[{"taxonomy":"category","embeddable":true,"href":"https:\/\/www.achimbrueckner.de\/dxradio\/php\/wordpress\/index.php?rest_route=%2Fwp%2Fv2%2Fcategories&post=5264"},{"taxonomy":"post_tag","embeddable":true,"href":"https:\/\/www.achimbrueckner.de\/dxradio\/php\/wordpress\/index.php?rest_route=%2Fwp%2Fv2%2Ftags&post=5264"}],"curies":[{"name":"wp","href":"https:\/\/api.w.org\/{rel}","templated":true}]}}