{"id":5317,"date":"2015-07-26T15:04:24","date_gmt":"2015-07-26T15:04:24","guid":{"rendered":"https:\/\/www.achimbrueckner.de\/dxradio\/php\/wordpress\/?p=5317"},"modified":"2015-07-26T15:04:24","modified_gmt":"2015-07-26T15:04:24","slug":"single-cq-cq-1979","status":"publish","type":"post","link":"https:\/\/www.achimbrueckner.de\/dxradio\/php\/wordpress\/?p=5317","title":{"rendered":"Single &#8211; CQ, CQ &#8211; 1979"},"content":{"rendered":"<p><a href=\"https:\/\/www.youtube.com\/watch?v=vOY_zyzwRQ0\" target=\"_blank\">https:\/\/www.youtube.com\/watch?v=vOY_zyzwRQ0<\/a><\/p>\n<p>Info via <a href=\"https:\/\/twitter.com\/radiopiraten\" target=\"_blank\">Twitter<\/a><\/p>\n","protected":false},"excerpt":{"rendered":"<p>https:\/\/www.youtube.com\/watch?v=vOY_zyzwRQ0 Info via Twitter<\/p>\n","protected":false},"author":1,"featured_media":0,"comment_status":"open","ping_status":"open","sticky":false,"template":"","format":"standard","meta":{"_jetpack_memberships_contains_paid_content":false,"footnotes":"","jetpack_publicize_message":"","jetpack_publicize_feature_enabled":true,"jetpack_social_post_already_shared":true,"jetpack_social_options":{"image_generator_settings":{"template":"highway","default_image_id":0,"font":"","enabled":false},"version":2}},"categories":[1],"tags":[],"class_list":["post-5317","post","type-post","status-publish","format-standard","hentry","category-deutsch"],"jetpack_publicize_connections":[],"jetpack_featured_media_url":"","jetpack_sharing_enabled":true,"jetpack_shortlink":"https:\/\/wp.me\/p5CDmr-1nL","jetpack-related-posts":[{"id":32957,"url":"https:\/\/www.achimbrueckner.de\/dxradio\/php\/wordpress\/?p=32957","url_meta":{"origin":5317,"position":0},"title":"Wie entsteht das Amateurfunkmagazin CQ DL | Vortrag","author":"Administrator","date":"June 28, 2021","format":false,"excerpt":"https:\/\/www.youtube.com\/watch?v=_1g6PJqDcSE","rel":"","context":"In &quot;Deutsch&quot;","block_context":{"text":"Deutsch","link":"https:\/\/www.achimbrueckner.de\/dxradio\/php\/wordpress\/?cat=1"},"img":{"alt_text":"","src":"","width":0,"height":0},"classes":[]},{"id":2023,"url":"https:\/\/www.achimbrueckner.de\/dxradio\/php\/wordpress\/?p=2023","url_meta":{"origin":5317,"position":1},"title":"CQ DL Spezial: Amateurfunk digital","author":"Administrator","date":"December 8, 2011","format":false,"excerpt":"CQ DL Spezial: Amateurfunk digital http:\/\/darcverlag.de\/CQ-DL-Spezial-Amateurfunk-digital Info via A-DX","rel":"","context":"In &quot;Deutsch&quot;","block_context":{"text":"Deutsch","link":"https:\/\/www.achimbrueckner.de\/dxradio\/php\/wordpress\/?cat=1"},"img":{"alt_text":"","src":"","width":0,"height":0},"classes":[]},{"id":2840,"url":"https:\/\/www.achimbrueckner.de\/dxradio\/php\/wordpress\/?p=2840","url_meta":{"origin":5317,"position":2},"title":"WDR2 Stichtag \/ 7. Januar 1904 &#8211; Einf\u00fchrung des Seenotrufs CQ","author":"Administrator","date":"January 7, 2014","format":false,"excerpt":"Das Morse-K\u00fcrzel CQ f\u00fcr \"An alle Stationen\" gibt es seit Beginn des Seefunks, eingef\u00fchrt durch den Italiener Guglielmo Marconi. Bald aber erkannte Marconi, dass f\u00fcr Schiffe, die schnelle Hilfe ben\u00f6tigen, ein besonderes Zeichen n\u00f6tig war. Deshalb gab er im Januar 1904 seinen Funkern die Order, im Notfall dem K\u00fcrzel CQ\u2026","rel":"","context":"In &quot;Deutsch&quot;","block_context":{"text":"Deutsch","link":"https:\/\/www.achimbrueckner.de\/dxradio\/php\/wordpress\/?cat=1"},"img":{"alt_text":"","src":"","width":0,"height":0},"classes":[]},{"id":2019,"url":"https:\/\/www.achimbrueckner.de\/dxradio\/php\/wordpress\/?p=2019","url_meta":{"origin":5317,"position":3},"title":"CQ Niederrhein Podcast","author":"Administrator","date":"December 5, 2011","format":false,"excerpt":"Hallo zusammen, heute erschien die erste Folge des neuen Amateurfunk-Podcasts \"CQ Niederrhein\". Dieser wird von Uwe Leigraf, DL2UL, aus Krefeld gestaltet. In diesem wurde unter anderem auch ich interviewt. Wer sich den Podcast anh\u00f6ren mag, kann dies unter http:\/\/www.dl2ul.de . 73, Michael \"Meikel\" Wlochinski Info via DX-Nrw","rel":"","context":"In &quot;Deutsch&quot;","block_context":{"text":"Deutsch","link":"https:\/\/www.achimbrueckner.de\/dxradio\/php\/wordpress\/?cat=1"},"img":{"alt_text":"","src":"","width":0,"height":0},"classes":[]},{"id":26302,"url":"https:\/\/www.achimbrueckner.de\/dxradio\/php\/wordpress\/?p=26302","url_meta":{"origin":5317,"position":4},"title":"CQ von LG5LG\/SJ9WL und SK6SAQ","author":"Administrator","date":"December 22, 2019","format":false,"excerpt":"https:\/\/www.fox69.de\/cq-von-lg5lg-sj9wl-und-sk6saq\/","rel":"","context":"In &quot;Deutsch&quot;","block_context":{"text":"Deutsch","link":"https:\/\/www.achimbrueckner.de\/dxradio\/php\/wordpress\/?cat=1"},"img":{"alt_text":"","src":"","width":0,"height":0},"classes":[]},{"id":2851,"url":"https:\/\/www.achimbrueckner.de\/dxradio\/php\/wordpress\/?p=2851","url_meta":{"origin":5317,"position":5},"title":"Offener Brief an BMWi, BMVI und BNetzA: Lobbypolitik f\u00fcr untaugliche PLC-Technologie statt Sachverstand und technische Vernunft","author":"Administrator","date":"January 15, 2014","format":false,"excerpt":"http:\/\/cq-cq.eu\/DJ5IL_Offener_Brief.pdf Info via A-DX","rel":"","context":"In &quot;Deutsch&quot;","block_context":{"text":"Deutsch","link":"https:\/\/www.achimbrueckner.de\/dxradio\/php\/wordpress\/?cat=1"},"img":{"alt_text":"","src":"","width":0,"height":0},"classes":[]}],"_links":{"self":[{"href":"https:\/\/www.achimbrueckner.de\/dxradio\/php\/wordpress\/index.php?rest_route=\/wp\/v2\/posts\/5317","targetHints":{"allow":["GET"]}}],"collection":[{"href":"https:\/\/www.achimbrueckner.de\/dxradio\/php\/wordpress\/index.php?rest_route=\/wp\/v2\/posts"}],"about":[{"href":"https:\/\/www.achimbrueckner.de\/dxradio\/php\/wordpress\/index.php?rest_route=\/wp\/v2\/types\/post"}],"author":[{"embeddable":true,"href":"https:\/\/www.achimbrueckner.de\/dxradio\/php\/wordpress\/index.php?rest_route=\/wp\/v2\/users\/1"}],"replies":[{"embeddable":true,"href":"https:\/\/www.achimbrueckner.de\/dxradio\/php\/wordpress\/index.php?rest_route=%2Fwp%2Fv2%2Fcomments&post=5317"}],"version-history":[{"count":0,"href":"https:\/\/www.achimbrueckner.de\/dxradio\/php\/wordpress\/index.php?rest_route=\/wp\/v2\/posts\/5317\/revisions"}],"wp:attachment":[{"href":"https:\/\/www.achimbrueckner.de\/dxradio\/php\/wordpress\/index.php?rest_route=%2Fwp%2Fv2%2Fmedia&parent=5317"}],"wp:term":[{"taxonomy":"category","embeddable":true,"href":"https:\/\/www.achimbrueckner.de\/dxradio\/php\/wordpress\/index.php?rest_route=%2Fwp%2Fv2%2Fcategories&post=5317"},{"taxonomy":"post_tag","embeddable":true,"href":"https:\/\/www.achimbrueckner.de\/dxradio\/php\/wordpress\/index.php?rest_route=%2Fwp%2Fv2%2Ftags&post=5317"}],"curies":[{"name":"wp","href":"https:\/\/api.w.org\/{rel}","templated":true}]}}