{"id":539,"date":"2009-09-21T18:57:47","date_gmt":"2009-09-21T18:57:47","guid":{"rendered":"https:\/\/www.achimbrueckner.de\/dxradio\/php\/wordpress\/?p=539"},"modified":"2009-09-21T18:57:47","modified_gmt":"2009-09-21T18:57:47","slug":"orf","status":"publish","type":"post","link":"https:\/\/www.achimbrueckner.de\/dxradio\/php\/wordpress\/?p=539","title":{"rendered":"ORF"},"content":{"rendered":"<p>Zur Lage des ORF ist in der Zeit ein Artikel erschienen:<\/p>\n<p><a href=\"http:\/\/www.zeit.de\/2009\/39\/01-A-ORF\">http:\/\/www.zeit.de\/2009\/39\/01-A-ORF<\/a><\/p>\n<p>Info via <a href=\"http:\/\/www.ratzer.at\/\">Net-Radio<\/a><\/p>\n","protected":false},"excerpt":{"rendered":"<p>Zur Lage des ORF ist in der Zeit ein Artikel erschienen: http:\/\/www.zeit.de\/2009\/39\/01-A-ORF Info via Net-Radio<\/p>\n","protected":false},"author":1,"featured_media":0,"comment_status":"open","ping_status":"open","sticky":false,"template":"","format":"standard","meta":{"_jetpack_memberships_contains_paid_content":false,"footnotes":"","jetpack_publicize_message":"","jetpack_publicize_feature_enabled":true,"jetpack_social_post_already_shared":false,"jetpack_social_options":{"image_generator_settings":{"template":"highway","default_image_id":0,"font":"","enabled":false},"version":2}},"categories":[1],"tags":[],"class_list":["post-539","post","type-post","status-publish","format-standard","hentry","category-deutsch"],"jetpack_publicize_connections":[],"jetpack_featured_media_url":"","jetpack_sharing_enabled":true,"jetpack_shortlink":"https:\/\/wp.me\/s5CDmr-orf","jetpack-related-posts":[{"id":35134,"url":"https:\/\/www.achimbrueckner.de\/dxradio\/php\/wordpress\/?p=35134","url_meta":{"origin":539,"position":0},"title":"Wieder QSL-Karten von der ORF Kurzwelle!","author":"Administrator","date":"March 12, 2022","format":false,"excerpt":"Wieder QSL-Karten von der ORF Kurzwelle! Vor dem Hintergrund des Krieges in der Ukraine weitet der ORF sein Informationsangebot via Radio-Kurzwelle aus. Ab sofort bietet der ORF, zus\u00e4tzlich zum \u201e\u00d61 Morgenjournal\u201c (6155 kHz, 7.00 Uhr MEZ, Mo\u2013Sa), t\u00e4glich auch das \u201e\u00d61 Mittagsjournal\u201c (13730 kHz, 12.00 Uhr MEZ, Mo\u2013Sa,) und das\u2026","rel":"","context":"In &quot;Deutsch&quot;","block_context":{"text":"Deutsch","link":"https:\/\/www.achimbrueckner.de\/dxradio\/php\/wordpress\/?cat=1"},"img":{"alt_text":"","src":"","width":0,"height":0},"classes":[]},{"id":6252,"url":"https:\/\/www.achimbrueckner.de\/dxradio\/php\/wordpress\/?p=6252","url_meta":{"origin":539,"position":1},"title":"ORF-Kurzwelle Moosbrunn, Tag der offenen T\u00fcr beim ORF 1974","author":"Administrator","date":"October 16, 2015","format":false,"excerpt":"Im Jahr 1974 lud der ORF seine Zuseher und Zuh\u00f6rer zu einem Tag der offenen T\u00fcr ein. In allen Bundesl\u00e4ndern und in Wien waren technische Einrichtungen, Studios und Sendeanlagen auf den Besuch der G\u00e4ste vorbereitet. Mehr als 75.000 G\u00e4ste kamen allein ins ORF-Zentrum. Sendung: ORF-Transparent Moderator: Hans Georg Heinke Interview\u2026","rel":"","context":"In &quot;Deutsch&quot;","block_context":{"text":"Deutsch","link":"https:\/\/www.achimbrueckner.de\/dxradio\/php\/wordpress\/?cat=1"},"img":{"alt_text":"","src":"","width":0,"height":0},"classes":[]},{"id":929,"url":"https:\/\/www.achimbrueckner.de\/dxradio\/php\/wordpress\/?p=929","url_meta":{"origin":539,"position":2},"title":"Menschen im Gespr\u00e4ch &#8211; Wolf Harranth","author":"Administrator","date":"March 2, 2010","format":false,"excerpt":"in der o.g. Sendereihe beim ORF-Radio-Wien war am 13.2.2010: Zu Gast ist der Rundfunkhistoriker Wolf Harranth. Er arbeitet f\u00fcr das Dokumentationsarchiv Funk, das die \u00f6sterreichische Rundfunkgeschichte aufarbeitet und dokumentiert. Bernd Matschedolnig spricht mit ihm \u00fcber die Faszination des Radios, die Entwicklung des Rundfunks in \u00d6sterreich und \u00fcber ein stadtpr\u00e4gendes St\u00fcck\u2026","rel":"","context":"In &quot;Deutsch&quot;","block_context":{"text":"Deutsch","link":"https:\/\/www.achimbrueckner.de\/dxradio\/php\/wordpress\/?cat=1"},"img":{"alt_text":"","src":"","width":0,"height":0},"classes":[]},{"id":41742,"url":"https:\/\/www.achimbrueckner.de\/dxradio\/php\/wordpress\/?p=41742","url_meta":{"origin":539,"position":3},"title":"Sondersendung 100 Jahre Radio in \u00d6sterreich 6 Oktober 2024","author":"Administrator","date":"September 28, 2024","format":false,"excerpt":"Anl\u00e4sslich 100 Jahre Radio in \u00d6sterreich sendet der Kurzwellensender Moosbrunn eines der letzten Interviews mit Professor Wolf Harranth, der im Sommer 2021 verstarb. Wolf Harranth, eine Legende in der Welt des Rundfunks, wird Ihnen in dieser Sondersendung einzigartige Einblicke in die Entstehungsgeschichte der RAVAG (Radio Verkehrs AG) und deren Bedeutung\u2026","rel":"","context":"In &quot;Deutsch&quot;","block_context":{"text":"Deutsch","link":"https:\/\/www.achimbrueckner.de\/dxradio\/php\/wordpress\/?cat=1"},"img":{"alt_text":"","src":"","width":0,"height":0},"classes":[]},{"id":36443,"url":"https:\/\/www.achimbrueckner.de\/dxradio\/php\/wordpress\/?p=36443","url_meta":{"origin":539,"position":4},"title":"Friedrichshafen: ORF- und DokuFunk-Freundestreffen + ROI-H\u00f6rertreffen","author":"Administrator","date":"May 31, 2022","format":false,"excerpt":"Ein guter Treffpunkt auf der HAM RADIO: Samstag, 25. Juni, 12 Uhr, Raum Liechtenstein ORF- und DokuFunk-Freundestreffen + ROI-H\u00f6rertreffen - Radio \u00d6sterreich International Ein- und Ausblick, in Gedenken an Wolf Harranth, OE1WHC Paulina Petri, OE1YPP Info via A-DX","rel":"","context":"In &quot;camps&quot;","block_context":{"text":"camps","link":"https:\/\/www.achimbrueckner.de\/dxradio\/php\/wordpress\/?cat=5"},"img":{"alt_text":"","src":"","width":0,"height":0},"classes":[]},{"id":34782,"url":"https:\/\/www.achimbrueckner.de\/dxradio\/php\/wordpress\/?p=34782","url_meta":{"origin":539,"position":5},"title":"ORF &#8211; Radio \u00d61 International Journale auf Kurzwelle","author":"Administrator","date":"March 1, 2022","format":false,"excerpt":"ORF - Radio \u00d61 International: Ab 1.M\u00e4rz 2022 ganz aktuell werden die ORS die ORF Nachrichten-Journale \u00fcber den Kurzwellensender Moosbrunn \u00fcbertragen, dazu folgendes Sendeschema: 6155 kHz 0600-0720 UTC t\u00e4glich das Morgenjournal 13730 kHz 1100-1200 UTC Mo-Sa das Mittagsjournal (Sonntag gibt es dieses Journal nicht) 5940 kHz 1700-1725 UTC Mo-Do, am\u2026","rel":"","context":"In &quot;Deutsch&quot;","block_context":{"text":"Deutsch","link":"https:\/\/www.achimbrueckner.de\/dxradio\/php\/wordpress\/?cat=1"},"img":{"alt_text":"","src":"","width":0,"height":0},"classes":[]}],"_links":{"self":[{"href":"https:\/\/www.achimbrueckner.de\/dxradio\/php\/wordpress\/index.php?rest_route=\/wp\/v2\/posts\/539","targetHints":{"allow":["GET"]}}],"collection":[{"href":"https:\/\/www.achimbrueckner.de\/dxradio\/php\/wordpress\/index.php?rest_route=\/wp\/v2\/posts"}],"about":[{"href":"https:\/\/www.achimbrueckner.de\/dxradio\/php\/wordpress\/index.php?rest_route=\/wp\/v2\/types\/post"}],"author":[{"embeddable":true,"href":"https:\/\/www.achimbrueckner.de\/dxradio\/php\/wordpress\/index.php?rest_route=\/wp\/v2\/users\/1"}],"replies":[{"embeddable":true,"href":"https:\/\/www.achimbrueckner.de\/dxradio\/php\/wordpress\/index.php?rest_route=%2Fwp%2Fv2%2Fcomments&post=539"}],"version-history":[{"count":0,"href":"https:\/\/www.achimbrueckner.de\/dxradio\/php\/wordpress\/index.php?rest_route=\/wp\/v2\/posts\/539\/revisions"}],"wp:attachment":[{"href":"https:\/\/www.achimbrueckner.de\/dxradio\/php\/wordpress\/index.php?rest_route=%2Fwp%2Fv2%2Fmedia&parent=539"}],"wp:term":[{"taxonomy":"category","embeddable":true,"href":"https:\/\/www.achimbrueckner.de\/dxradio\/php\/wordpress\/index.php?rest_route=%2Fwp%2Fv2%2Fcategories&post=539"},{"taxonomy":"post_tag","embeddable":true,"href":"https:\/\/www.achimbrueckner.de\/dxradio\/php\/wordpress\/index.php?rest_route=%2Fwp%2Fv2%2Ftags&post=539"}],"curies":[{"name":"wp","href":"https:\/\/api.w.org\/{rel}","templated":true}]}}