{"id":5692,"date":"2015-08-27T15:09:07","date_gmt":"2015-08-27T15:09:07","guid":{"rendered":"https:\/\/www.achimbrueckner.de\/dxradio\/php\/wordpress\/?p=5692"},"modified":"2015-08-27T15:09:07","modified_gmt":"2015-08-27T15:09:07","slug":"radio-der-bund-setzt-in-der-krise-weiter-auf-ukw-unkaputtbare-ultrakurzwelle","status":"publish","type":"post","link":"https:\/\/www.achimbrueckner.de\/dxradio\/php\/wordpress\/?p=5692","title":{"rendered":"RADIO: DER BUND SETZT IN DER KRISE WEITER AUF UKW Unkaputtbare Ultrakurzwelle"},"content":{"rendered":"<p><a href=\"http:\/\/medienwoche.ch\/2015\/08\/26\/unkaputbare-ultrakurzwelle\/\" target=\"_blank\">http:\/\/medienwoche.ch\/2015\/08\/26\/unkaputbare-ultrakurzwelle\/<\/a><\/p>\n","protected":false},"excerpt":{"rendered":"<p>http:\/\/medienwoche.ch\/2015\/08\/26\/unkaputbare-ultrakurzwelle\/<\/p>\n","protected":false},"author":1,"featured_media":0,"comment_status":"open","ping_status":"open","sticky":false,"template":"","format":"standard","meta":{"_jetpack_memberships_contains_paid_content":false,"footnotes":"","jetpack_publicize_message":"","jetpack_publicize_feature_enabled":true,"jetpack_social_post_already_shared":true,"jetpack_social_options":{"image_generator_settings":{"template":"highway","default_image_id":0,"font":"","enabled":false},"version":2}},"categories":[1,15],"tags":[45,27],"class_list":["post-5692","post","type-post","status-publish","format-standard","hentry","category-deutsch","category-medien","tag-medien","tag-ukw"],"jetpack_publicize_connections":[],"jetpack_featured_media_url":"","jetpack_sharing_enabled":true,"jetpack_shortlink":"https:\/\/wp.me\/p5CDmr-1tO","jetpack-related-posts":[{"id":21891,"url":"https:\/\/www.achimbrueckner.de\/dxradio\/php\/wordpress\/?p=21891","url_meta":{"origin":5692,"position":0},"title":"70 Jahre UKW-Radio Ultrakurzwelle der Freude","author":"Administrator","date":"February 28, 2019","format":false,"excerpt":"https:\/\/www.tagesspiegel.de\/gesellschaft\/medien\/70-jahre-ukw-radio-ultrakurzwelle-der-freude\/24045634.html","rel":"","context":"In &quot;Deutsch&quot;","block_context":{"text":"Deutsch","link":"https:\/\/www.achimbrueckner.de\/dxradio\/php\/wordpress\/?cat=1"},"img":{"alt_text":"","src":"","width":0,"height":0},"classes":[]},{"id":2920,"url":"https:\/\/www.achimbrueckner.de\/dxradio\/php\/wordpress\/?p=2920","url_meta":{"origin":5692,"position":1},"title":"RADIO AUF ULTRAKURZWELLE UKW Welle der Freude","author":"Administrator","date":"February 27, 2014","format":false,"excerpt":"http:\/\/www.berliner-zeitung.de\/medien\/radio-auf-ultrakurzwelle-ukw-welle-der-freude,10809188,26413086.html","rel":"","context":"In &quot;Deutsch&quot;","block_context":{"text":"Deutsch","link":"https:\/\/www.achimbrueckner.de\/dxradio\/php\/wordpress\/?cat=1"},"img":{"alt_text":"","src":"","width":0,"height":0},"classes":[]},{"id":40932,"url":"https:\/\/www.achimbrueckner.de\/dxradio\/php\/wordpress\/?p=40932","url_meta":{"origin":5692,"position":2},"title":"TOTGESAGTE LEBEN L\u00c4NGER Rundfunksendungen auf Ultrakurzwelle: 2025 soll nun endg\u00fcltig Schluss in Sachsen-Anhalt sein","author":"Administrator","date":"February 13, 2024","format":false,"excerpt":"https:\/\/www.volksstimme.de\/sachsen-anhalt\/ukw-rundfunk-ultrakurzwelle-2025-schluss-in-sachsen-anhalt-3785848","rel":"","context":"In &quot;Deutsch&quot;","block_context":{"text":"Deutsch","link":"https:\/\/www.achimbrueckner.de\/dxradio\/php\/wordpress\/?cat=1"},"img":{"alt_text":"","src":"","width":0,"height":0},"classes":[]},{"id":39656,"url":"https:\/\/www.achimbrueckner.de\/dxradio\/php\/wordpress\/?p=39656","url_meta":{"origin":5692,"position":3},"title":"Jubil\u00e4um f\u00fcr Ultrakurzwelle vom Inselsberg","author":"Administrator","date":"June 14, 2023","format":false,"excerpt":"https:\/\/www.ardmediathek.de\/video\/mdr-thueringen-journal\/jubilaeum-fuer-ultrakurzwelle-vom-inselsberg\/mdr-thueringen\/Y3JpZDovL21kci5kZS9iZWl0cmFnL2Ntcy9kMzkxZGVlOC04NDI1LTQxOTAtYTY3ZC1hZmI0ODc0OWRlYTg","rel":"","context":"In &quot;Deutsch&quot;","block_context":{"text":"Deutsch","link":"https:\/\/www.achimbrueckner.de\/dxradio\/php\/wordpress\/?cat=1"},"img":{"alt_text":"","src":"","width":0,"height":0},"classes":[]},{"id":4140,"url":"https:\/\/www.achimbrueckner.de\/dxradio\/php\/wordpress\/?p=4140","url_meta":{"origin":5692,"position":4},"title":"Das ist der Gipfel in Heusweiler Gr\u00f6\u00dfere Reichweite: SR erweitert die Technik des Senders auf der G\u00f6ttelborner H\u00f6he","author":"Administrator","date":"February 25, 2015","format":false,"excerpt":"http:\/\/www.saarbruecker-zeitung.de\/saarland\/koellertal\/heusweiler\/heusweiler\/Heusweiler-Antennen-Fernsehen-Meeresspiegel-Ultrakurzwelle;art446759,5635708","rel":"","context":"In &quot;Deutsch&quot;","block_context":{"text":"Deutsch","link":"https:\/\/www.achimbrueckner.de\/dxradio\/php\/wordpress\/?cat=1"},"img":{"alt_text":"","src":"","width":0,"height":0},"classes":[]},{"id":16092,"url":"https:\/\/www.achimbrueckner.de\/dxradio\/php\/wordpress\/?p=16092","url_meta":{"origin":5692,"position":5},"title":"Umstellung auf Digitalradio in Norwegen Bye, Ultrakurzwelle","author":"Administrator","date":"January 4, 2018","format":false,"excerpt":"http:\/\/www.taz.de\/!5471703\/","rel":"","context":"In &quot;Deutsch&quot;","block_context":{"text":"Deutsch","link":"https:\/\/www.achimbrueckner.de\/dxradio\/php\/wordpress\/?cat=1"},"img":{"alt_text":"","src":"","width":0,"height":0},"classes":[]}],"_links":{"self":[{"href":"https:\/\/www.achimbrueckner.de\/dxradio\/php\/wordpress\/index.php?rest_route=\/wp\/v2\/posts\/5692","targetHints":{"allow":["GET"]}}],"collection":[{"href":"https:\/\/www.achimbrueckner.de\/dxradio\/php\/wordpress\/index.php?rest_route=\/wp\/v2\/posts"}],"about":[{"href":"https:\/\/www.achimbrueckner.de\/dxradio\/php\/wordpress\/index.php?rest_route=\/wp\/v2\/types\/post"}],"author":[{"embeddable":true,"href":"https:\/\/www.achimbrueckner.de\/dxradio\/php\/wordpress\/index.php?rest_route=\/wp\/v2\/users\/1"}],"replies":[{"embeddable":true,"href":"https:\/\/www.achimbrueckner.de\/dxradio\/php\/wordpress\/index.php?rest_route=%2Fwp%2Fv2%2Fcomments&post=5692"}],"version-history":[{"count":0,"href":"https:\/\/www.achimbrueckner.de\/dxradio\/php\/wordpress\/index.php?rest_route=\/wp\/v2\/posts\/5692\/revisions"}],"wp:attachment":[{"href":"https:\/\/www.achimbrueckner.de\/dxradio\/php\/wordpress\/index.php?rest_route=%2Fwp%2Fv2%2Fmedia&parent=5692"}],"wp:term":[{"taxonomy":"category","embeddable":true,"href":"https:\/\/www.achimbrueckner.de\/dxradio\/php\/wordpress\/index.php?rest_route=%2Fwp%2Fv2%2Fcategories&post=5692"},{"taxonomy":"post_tag","embeddable":true,"href":"https:\/\/www.achimbrueckner.de\/dxradio\/php\/wordpress\/index.php?rest_route=%2Fwp%2Fv2%2Ftags&post=5692"}],"curies":[{"name":"wp","href":"https:\/\/api.w.org\/{rel}","templated":true}]}}