{"id":5881,"date":"2015-09-09T18:09:48","date_gmt":"2015-09-09T18:09:48","guid":{"rendered":"https:\/\/www.achimbrueckner.de\/dxradio\/php\/wordpress\/?p=5881"},"modified":"2015-09-09T18:09:48","modified_gmt":"2015-09-09T18:09:48","slug":"feier-zum-70-grundungstag-des-radiosenders-die-stimme-vietnams","status":"publish","type":"post","link":"https:\/\/www.achimbrueckner.de\/dxradio\/php\/wordpress\/?p=5881","title":{"rendered":"Feier zum 70. Gr\u00fcndungstag des Radiosenders \u201cDie Stimme Vietnams\u201d"},"content":{"rendered":"<p><a href=\"http:\/\/vovworld.vn\/de-DE\/Nachrichten\/Feier-zum-70-Gr%C3%BCndungstag-des-Radiosenders-Die-Stimme-Vietnams\/366028.vov\" target=\"_blank\">http:\/\/vovworld.vn\/de-DE\/Nachrichten\/Feier-zum-70-Gr%C3%BCndungstag-des-Radiosenders-Die-Stimme-Vietnams\/366028.vov<\/a><\/p>\n","protected":false},"excerpt":{"rendered":"<p>http:\/\/vovworld.vn\/de-DE\/Nachrichten\/Feier-zum-70-Gr%C3%BCndungstag-des-Radiosenders-Die-Stimme-Vietnams\/366028.vov<\/p>\n","protected":false},"author":1,"featured_media":0,"comment_status":"open","ping_status":"open","sticky":false,"template":"","format":"standard","meta":{"_jetpack_memberships_contains_paid_content":false,"footnotes":"","jetpack_publicize_message":"","jetpack_publicize_feature_enabled":true,"jetpack_social_post_already_shared":true,"jetpack_social_options":{"image_generator_settings":{"template":"highway","default_image_id":0,"font":"","enabled":false},"version":2}},"categories":[1],"tags":[24],"class_list":["post-5881","post","type-post","status-publish","format-standard","hentry","category-deutsch","tag-am"],"jetpack_publicize_connections":[],"jetpack_featured_media_url":"","jetpack_sharing_enabled":true,"jetpack_shortlink":"https:\/\/wp.me\/p5CDmr-1wR","jetpack-related-posts":[{"id":6126,"url":"https:\/\/www.achimbrueckner.de\/dxradio\/php\/wordpress\/?p=6126","url_meta":{"origin":5881,"position":0},"title":"Die Stimme Vietnams hat einen neuen Radio-Kanal f\u00fcr Ausl\u00e4nder","author":"Administrator","date":"October 3, 2015","format":false,"excerpt":"http:\/\/vovworld.vn\/de-DE\/Nachrichten\/Die-Stimme-Vietnams-hat-einen-neuen-RadioKanal-f%C3%BCr-Ausl%C3%A4nder\/372692.vov","rel":"","context":"In &quot;Deutsch&quot;","block_context":{"text":"Deutsch","link":"https:\/\/www.achimbrueckner.de\/dxradio\/php\/wordpress\/?cat=1"},"img":{"alt_text":"","src":"","width":0,"height":0},"classes":[]},{"id":701,"url":"https:\/\/www.achimbrueckner.de\/dxradio\/php\/wordpress\/?p=701","url_meta":{"origin":5881,"position":1},"title":"Diplomwettbewerb","author":"Administrator","date":"November 18, 2009","format":false,"excerpt":"Der Radio Taiwan International H\u00f6rerclub Ottenau f\u00fchrt um den Zeitraum Weihnachten und Neujahr 2009 \/ 2010 wieder einen gro\u00dfen Diplomwettbewerb durch. In dieser Zeit m\u00fcssen die vier Stationen KBS World Radio, Radio China International, Radio Taiwan International und die Stimme Vietnams geh\u00f6rt werden. Weitere Infos unter http:\/\/www.adxb-dl.de\/Contest_Winter_2009_2010.pdf. Info via ADDX","rel":"","context":"In &quot;contests&quot;","block_context":{"text":"contests","link":"https:\/\/www.achimbrueckner.de\/dxradio\/php\/wordpress\/?cat=6"},"img":{"alt_text":"","src":"","width":0,"height":0},"classes":[]},{"id":777,"url":"https:\/\/www.achimbrueckner.de\/dxradio\/php\/wordpress\/?p=777","url_meta":{"origin":5881,"position":2},"title":"Kontest Zum Jahreswechsel","author":"Administrator","date":"December 19, 2009","format":false,"excerpt":"Kontest Jahreswechsel 2009 \/ 2010 von Bernd Seiser Liebe H\u00f6rerinnen und H\u00f6rer, liebe Mitglieder und Freunde des RTI H\u00f6rerklubs Ottenau, vor 30 Jahren wurde der Kurzwellenh\u00f6rerklub Murgtal als SWLCS Ortsring Murgtal gegr\u00fcndet. Aus diesem Anlass gibt es nun einen gemeinsamen Kontest mit dem RTI H\u00f6rerklub Ottenau, zu dem ich Euch\u2026","rel":"","context":"In &quot;contests&quot;","block_context":{"text":"contests","link":"https:\/\/www.achimbrueckner.de\/dxradio\/php\/wordpress\/?cat=6"},"img":{"alt_text":"","src":"","width":0,"height":0},"classes":[]},{"id":31504,"url":"https:\/\/www.achimbrueckner.de\/dxradio\/php\/wordpress\/?p=31504","url_meta":{"origin":5881,"position":3},"title":"Trauer um Gusty Hufschmid, den Gr\u00fcnder des ersten privaten Radiosenders im Land","author":"Administrator","date":"January 5, 2021","format":false,"excerpt":"https:\/\/www.badische-zeitung.de\/trauer-um-gusty-hufschmid-den-gruender-des-ersten-privaten-radiosenders-im-land","rel":"","context":"In &quot;Deutsch&quot;","block_context":{"text":"Deutsch","link":"https:\/\/www.achimbrueckner.de\/dxradio\/php\/wordpress\/?cat=1"},"img":{"alt_text":"","src":"","width":0,"height":0},"classes":[]},{"id":486,"url":"https:\/\/www.achimbrueckner.de\/dxradio\/php\/wordpress\/?p=486","url_meta":{"origin":5881,"position":4},"title":"H\u00f6rertreffen IFA Berlin","author":"Administrator","date":"August 8, 2009","format":false,"excerpt":"Einladung zum H\u00f6rertreffen w\u00e4hrend der Internationalen Funkausstellung 2009 \"Wie es schon seit vielen Jahren Tradition ist, wird es auch in diesem Jahr zur Internationalen Funkausstellung, f\u00fcr alle die am Radio-Hobby interessiert sind, in Berlin ein Treffen geben. Wir laden alle Hobbyfreunde am 05. September 2009 nach Berlin zu einem Austausch\u2026","rel":"","context":"In &quot;camps&quot;","block_context":{"text":"camps","link":"https:\/\/www.achimbrueckner.de\/dxradio\/php\/wordpress\/?cat=5"},"img":{"alt_text":"","src":"","width":0,"height":0},"classes":[]},{"id":24977,"url":"https:\/\/www.achimbrueckner.de\/dxradio\/php\/wordpress\/?p=24977","url_meta":{"origin":5881,"position":5},"title":"Pleite eines privaten Radiosenders","author":"Administrator","date":"September 26, 2019","format":false,"excerpt":"https:\/\/kurier.at\/wirtschaft\/kurios-pleite-eines-privaten-radiosenders\/400542638","rel":"","context":"In &quot;Deutsch&quot;","block_context":{"text":"Deutsch","link":"https:\/\/www.achimbrueckner.de\/dxradio\/php\/wordpress\/?cat=1"},"img":{"alt_text":"","src":"","width":0,"height":0},"classes":[]}],"_links":{"self":[{"href":"https:\/\/www.achimbrueckner.de\/dxradio\/php\/wordpress\/index.php?rest_route=\/wp\/v2\/posts\/5881","targetHints":{"allow":["GET"]}}],"collection":[{"href":"https:\/\/www.achimbrueckner.de\/dxradio\/php\/wordpress\/index.php?rest_route=\/wp\/v2\/posts"}],"about":[{"href":"https:\/\/www.achimbrueckner.de\/dxradio\/php\/wordpress\/index.php?rest_route=\/wp\/v2\/types\/post"}],"author":[{"embeddable":true,"href":"https:\/\/www.achimbrueckner.de\/dxradio\/php\/wordpress\/index.php?rest_route=\/wp\/v2\/users\/1"}],"replies":[{"embeddable":true,"href":"https:\/\/www.achimbrueckner.de\/dxradio\/php\/wordpress\/index.php?rest_route=%2Fwp%2Fv2%2Fcomments&post=5881"}],"version-history":[{"count":0,"href":"https:\/\/www.achimbrueckner.de\/dxradio\/php\/wordpress\/index.php?rest_route=\/wp\/v2\/posts\/5881\/revisions"}],"wp:attachment":[{"href":"https:\/\/www.achimbrueckner.de\/dxradio\/php\/wordpress\/index.php?rest_route=%2Fwp%2Fv2%2Fmedia&parent=5881"}],"wp:term":[{"taxonomy":"category","embeddable":true,"href":"https:\/\/www.achimbrueckner.de\/dxradio\/php\/wordpress\/index.php?rest_route=%2Fwp%2Fv2%2Fcategories&post=5881"},{"taxonomy":"post_tag","embeddable":true,"href":"https:\/\/www.achimbrueckner.de\/dxradio\/php\/wordpress\/index.php?rest_route=%2Fwp%2Fv2%2Ftags&post=5881"}],"curies":[{"name":"wp","href":"https:\/\/api.w.org\/{rel}","templated":true}]}}