{"id":5882,"date":"2015-09-09T18:14:14","date_gmt":"2015-09-09T18:14:14","guid":{"rendered":"https:\/\/www.achimbrueckner.de\/dxradio\/php\/wordpress\/?p=5882"},"modified":"2015-09-09T18:14:14","modified_gmt":"2015-09-09T18:14:14","slug":"this-company-is-still-making-audio-cassettes-and-sales-are-better-than-ever","status":"publish","type":"post","link":"https:\/\/www.achimbrueckner.de\/dxradio\/php\/wordpress\/?p=5882","title":{"rendered":"This Company Is Still Making Audio Cassettes and Sales Are Better Than Ever"},"content":{"rendered":"<p><a href=\"http:\/\/www.bloomberg.com\/news\/articles\/2015-09-01\/this-company-is-still-making-audio-cassettes-and-sales-are-better-than-ever\" target=\"_blank\">http:\/\/www.bloomberg.com\/news\/articles\/2015-09-01\/this-company-is-still-making-audio-cassettes-and-sales-are-better-than-ever<\/a><\/p>\n","protected":false},"excerpt":{"rendered":"<p>http:\/\/www.bloomberg.com\/news\/articles\/2015-09-01\/this-company-is-still-making-audio-cassettes-and-sales-are-better-than-ever<\/p>\n","protected":false},"author":1,"featured_media":0,"comment_status":"open","ping_status":"open","sticky":false,"template":"","format":"standard","meta":{"_jetpack_memberships_contains_paid_content":false,"footnotes":"","jetpack_publicize_message":"","jetpack_publicize_feature_enabled":true,"jetpack_social_post_already_shared":true,"jetpack_social_options":{"image_generator_settings":{"template":"highway","default_image_id":0,"font":"","enabled":false},"version":2}},"categories":[47,2],"tags":[19],"class_list":["post-5882","post","type-post","status-publish","format-standard","hentry","category-audio","category-english","tag-audio"],"jetpack_publicize_connections":[],"jetpack_featured_media_url":"","jetpack_sharing_enabled":true,"jetpack_shortlink":"https:\/\/wp.me\/p5CDmr-1wS","jetpack-related-posts":[{"id":37354,"url":"https:\/\/www.achimbrueckner.de\/dxradio\/php\/wordpress\/?p=37354","url_meta":{"origin":5882,"position":0},"title":"AM\/FM Receiver Sales Have \u2018Stabilized\u2019 Even As Audio Turns Up On More Devices.","author":"Administrator","date":"August 27, 2022","format":false,"excerpt":"https:\/\/www.insideradio.com\/free\/am-fm-receiver-sales-have-stabilized-even-as-audio-turns-up-on-more-devices\/article_de15d248-1d26-11ed-aa13-9f5b1f463459.html","rel":"","context":"In &quot;English&quot;","block_context":{"text":"English","link":"https:\/\/www.achimbrueckner.de\/dxradio\/php\/wordpress\/?cat=2"},"img":{"alt_text":"","src":"","width":0,"height":0},"classes":[]},{"id":26167,"url":"https:\/\/www.achimbrueckner.de\/dxradio\/php\/wordpress\/?p=26167","url_meta":{"origin":5882,"position":1},"title":"Mehr Geld f\u00fcr Audio: Medienanstalt NRW f\u00f6rdert k\u00fcnftig Audio-Innovationen","author":"Administrator","date":"December 13, 2019","format":false,"excerpt":"http:\/\/www.radiowoche.de\/mehr-geld-fuer-audio-medienanstalt-nrw-foerdert-kuenftig-audio-innovationen\/","rel":"","context":"In &quot;audio&quot;","block_context":{"text":"audio","link":"https:\/\/www.achimbrueckner.de\/dxradio\/php\/wordpress\/?cat=47"},"img":{"alt_text":"","src":"","width":0,"height":0},"classes":[]},{"id":29459,"url":"https:\/\/www.achimbrueckner.de\/dxradio\/php\/wordpress\/?p=29459","url_meta":{"origin":5882,"position":2},"title":"ma 2020 Audio II: Zuw\u00e4chse bei DAB+ und Online Audio","author":"Administrator","date":"July 16, 2020","format":false,"excerpt":"http:\/\/www.radiowoche.de\/ma-2020-audio-ii-zuwaechse-bei-dab-und-online-audio\/","rel":"","context":"In &quot;audio&quot;","block_context":{"text":"audio","link":"https:\/\/www.achimbrueckner.de\/dxradio\/php\/wordpress\/?cat=47"},"img":{"alt_text":"","src":"","width":0,"height":0},"classes":[]},{"id":24712,"url":"https:\/\/www.achimbrueckner.de\/dxradio\/php\/wordpress\/?p=24712","url_meta":{"origin":5882,"position":3},"title":"Online-Audio-Monitor 2019: Zwei von drei Deutschen nutzen Online-Audio-Angebote","author":"Administrator","date":"September 10, 2019","format":false,"excerpt":"http:\/\/www.radiowoche.de\/online-audio-monitor-2019-zwei-von-drei-deutschen-nutzen-online-audio-angebote\/","rel":"","context":"In &quot;audio&quot;","block_context":{"text":"audio","link":"https:\/\/www.achimbrueckner.de\/dxradio\/php\/wordpress\/?cat=47"},"img":{"alt_text":"","src":"","width":0,"height":0},"classes":[]},{"id":11618,"url":"https:\/\/www.achimbrueckner.de\/dxradio\/php\/wordpress\/?p=11618","url_meta":{"origin":5882,"position":4},"title":"Why Facebook Live Audio is just the beginning of its bid for audio domination","author":"Administrator","date":"January 5, 2017","format":false,"excerpt":"https:\/\/www.themediabriefing.com\/article\/why-facebook-live-audio-is-just-the-beginning-of-its-bid-for-audio-domination","rel":"","context":"In &quot;audio&quot;","block_context":{"text":"audio","link":"https:\/\/www.achimbrueckner.de\/dxradio\/php\/wordpress\/?cat=47"},"img":{"alt_text":"","src":"","width":0,"height":0},"classes":[]},{"id":30920,"url":"https:\/\/www.achimbrueckner.de\/dxradio\/php\/wordpress\/?p=30920","url_meta":{"origin":5882,"position":5},"title":"ma 2020 IP Audio IV: Online-Audio-Nutzung geht zur\u00fcck \u2013 SWR3 bleibt vorne","author":"Administrator","date":"December 2, 2020","format":false,"excerpt":"https:\/\/www.radiowoche.de\/ma-2020-ip-audio-iv-online-audio-nutzung-geht-zurueck-swr3-bleibt-vorne\/","rel":"","context":"In &quot;audio&quot;","block_context":{"text":"audio","link":"https:\/\/www.achimbrueckner.de\/dxradio\/php\/wordpress\/?cat=47"},"img":{"alt_text":"","src":"","width":0,"height":0},"classes":[]}],"_links":{"self":[{"href":"https:\/\/www.achimbrueckner.de\/dxradio\/php\/wordpress\/index.php?rest_route=\/wp\/v2\/posts\/5882","targetHints":{"allow":["GET"]}}],"collection":[{"href":"https:\/\/www.achimbrueckner.de\/dxradio\/php\/wordpress\/index.php?rest_route=\/wp\/v2\/posts"}],"about":[{"href":"https:\/\/www.achimbrueckner.de\/dxradio\/php\/wordpress\/index.php?rest_route=\/wp\/v2\/types\/post"}],"author":[{"embeddable":true,"href":"https:\/\/www.achimbrueckner.de\/dxradio\/php\/wordpress\/index.php?rest_route=\/wp\/v2\/users\/1"}],"replies":[{"embeddable":true,"href":"https:\/\/www.achimbrueckner.de\/dxradio\/php\/wordpress\/index.php?rest_route=%2Fwp%2Fv2%2Fcomments&post=5882"}],"version-history":[{"count":0,"href":"https:\/\/www.achimbrueckner.de\/dxradio\/php\/wordpress\/index.php?rest_route=\/wp\/v2\/posts\/5882\/revisions"}],"wp:attachment":[{"href":"https:\/\/www.achimbrueckner.de\/dxradio\/php\/wordpress\/index.php?rest_route=%2Fwp%2Fv2%2Fmedia&parent=5882"}],"wp:term":[{"taxonomy":"category","embeddable":true,"href":"https:\/\/www.achimbrueckner.de\/dxradio\/php\/wordpress\/index.php?rest_route=%2Fwp%2Fv2%2Fcategories&post=5882"},{"taxonomy":"post_tag","embeddable":true,"href":"https:\/\/www.achimbrueckner.de\/dxradio\/php\/wordpress\/index.php?rest_route=%2Fwp%2Fv2%2Ftags&post=5882"}],"curies":[{"name":"wp","href":"https:\/\/api.w.org\/{rel}","templated":true}]}}