{"id":5942,"date":"2015-09-14T13:46:27","date_gmt":"2015-09-14T13:46:27","guid":{"rendered":"https:\/\/www.achimbrueckner.de\/dxradio\/php\/wordpress\/?p=5942"},"modified":"2015-09-14T13:46:27","modified_gmt":"2015-09-14T13:46:27","slug":"keine-rundfunkbeitragspflicht-fur-asylbewerberinnen-und-asylbewerber","status":"publish","type":"post","link":"https:\/\/www.achimbrueckner.de\/dxradio\/php\/wordpress\/?p=5942","title":{"rendered":"Keine Rundfunkbeitragspflicht f\u00fcr Asylbewerberinnen und Asylbewerber"},"content":{"rendered":"<p><a href=\"http:\/\/www.radioszene.de\/83498\/keine-rundfunkbeitragspflicht-fuer-asylbewerberinnen-und-asylbewerber.html\" target=\"_blank\">http:\/\/www.radioszene.de\/83498\/keine-rundfunkbeitragspflicht-fuer-asylbewerberinnen-und-asylbewerber.html<\/a><\/p>\n","protected":false},"excerpt":{"rendered":"<p>http:\/\/www.radioszene.de\/83498\/keine-rundfunkbeitragspflicht-fuer-asylbewerberinnen-und-asylbewerber.html<\/p>\n","protected":false},"author":1,"featured_media":0,"comment_status":"open","ping_status":"open","sticky":false,"template":"","format":"standard","meta":{"_jetpack_memberships_contains_paid_content":false,"footnotes":"","jetpack_publicize_message":"","jetpack_publicize_feature_enabled":true,"jetpack_social_post_already_shared":true,"jetpack_social_options":{"image_generator_settings":{"template":"highway","default_image_id":0,"font":"","enabled":false},"version":2}},"categories":[1,16],"tags":[41],"class_list":["post-5942","post","type-post","status-publish","format-standard","hentry","category-deutsch","category-radioszene","tag-radioszene"],"jetpack_publicize_connections":[],"jetpack_featured_media_url":"","jetpack_sharing_enabled":true,"jetpack_shortlink":"https:\/\/wp.me\/p5CDmr-1xQ","jetpack-related-posts":[{"id":31114,"url":"https:\/\/www.achimbrueckner.de\/dxradio\/php\/wordpress\/?p=31114","url_meta":{"origin":5942,"position":0},"title":"Keine Rundfunkbeitragserh\u00f6hung: ARD und Deutschlandradio reichen Verfassungsbeschwerde ein","author":"Administrator","date":"December 12, 2020","format":false,"excerpt":"https:\/\/www.radioszene.de\/150350\/erhoehung-rundfunkbeitrag-verfassungsbeschwerde.html","rel":"","context":"In &quot;Deutsch&quot;","block_context":{"text":"Deutsch","link":"https:\/\/www.achimbrueckner.de\/dxradio\/php\/wordpress\/?cat=1"},"img":{"alt_text":"","src":"","width":0,"height":0},"classes":[]},{"id":22994,"url":"https:\/\/www.achimbrueckner.de\/dxradio\/php\/wordpress\/?p=22994","url_meta":{"origin":5942,"position":1},"title":"Interview: Darum gibt es bei radioeins keine Blitzer mehr","author":"Administrator","date":"May 7, 2019","format":false,"excerpt":"https:\/\/www.radioszene.de\/132949\/radioeins-keine-blitzer-mehr.html","rel":"","context":"In &quot;Deutsch&quot;","block_context":{"text":"Deutsch","link":"https:\/\/www.achimbrueckner.de\/dxradio\/php\/wordpress\/?cat=1"},"img":{"alt_text":"","src":"","width":0,"height":0},"classes":[]},{"id":11037,"url":"https:\/\/www.achimbrueckner.de\/dxradio\/php\/wordpress\/?p=11037","url_meta":{"origin":5942,"position":2},"title":"Radio braucht Bilder, aber bitte keine antiquierten mehr!","author":"Administrator","date":"November 16, 2016","format":false,"excerpt":"http:\/\/www.radioszene.de\/97809\/radio-braucht-keine-altmodischen-bilder.html","rel":"","context":"In &quot;Deutsch&quot;","block_context":{"text":"Deutsch","link":"https:\/\/www.achimbrueckner.de\/dxradio\/php\/wordpress\/?cat=1"},"img":{"alt_text":"","src":"","width":0,"height":0},"classes":[]},{"id":5159,"url":"https:\/\/www.achimbrueckner.de\/dxradio\/php\/wordpress\/?p=5159","url_meta":{"origin":5942,"position":3},"title":"Warum WhatsApp im Radio keine Zukunft hat","author":"Administrator","date":"July 9, 2015","format":false,"excerpt":"http:\/\/www.radioszene.de\/81509\/whatsapp-hat-im-radio-keine-zukunft.html","rel":"","context":"In &quot;Deutsch&quot;","block_context":{"text":"Deutsch","link":"https:\/\/www.achimbrueckner.de\/dxradio\/php\/wordpress\/?cat=1"},"img":{"alt_text":"","src":"","width":0,"height":0},"classes":[]},{"id":21871,"url":"https:\/\/www.achimbrueckner.de\/dxradio\/php\/wordpress\/?p=21871","url_meta":{"origin":5942,"position":4},"title":"Flugplatz Ganderkesee jetzt mit eigenem Radiosender: Keine Landegeb\u00fchr f\u00fcr Interviewg\u00e4ste","author":"Administrator","date":"February 28, 2019","format":false,"excerpt":"https:\/\/www.radioszene.de\/130849\/flugplatz-ganderkesee-jetzt-mit-eigenem-radiosender-keine-landegebuehr-fuer-interviewgaeste.html","rel":"","context":"In &quot;Deutsch&quot;","block_context":{"text":"Deutsch","link":"https:\/\/www.achimbrueckner.de\/dxradio\/php\/wordpress\/?cat=1"},"img":{"alt_text":"","src":"","width":0,"height":0},"classes":[]},{"id":23289,"url":"https:\/\/www.achimbrueckner.de\/dxradio\/php\/wordpress\/?p=23289","url_meta":{"origin":5942,"position":5},"title":"Keine Illusionen \u00fcber UKW-Chips in Handys","author":"Administrator","date":"May 30, 2019","format":false,"excerpt":"https:\/\/www.radioszene.de\/133480\/ukw-chips-in-handys.html","rel":"","context":"In &quot;Deutsch&quot;","block_context":{"text":"Deutsch","link":"https:\/\/www.achimbrueckner.de\/dxradio\/php\/wordpress\/?cat=1"},"img":{"alt_text":"","src":"","width":0,"height":0},"classes":[]}],"_links":{"self":[{"href":"https:\/\/www.achimbrueckner.de\/dxradio\/php\/wordpress\/index.php?rest_route=\/wp\/v2\/posts\/5942","targetHints":{"allow":["GET"]}}],"collection":[{"href":"https:\/\/www.achimbrueckner.de\/dxradio\/php\/wordpress\/index.php?rest_route=\/wp\/v2\/posts"}],"about":[{"href":"https:\/\/www.achimbrueckner.de\/dxradio\/php\/wordpress\/index.php?rest_route=\/wp\/v2\/types\/post"}],"author":[{"embeddable":true,"href":"https:\/\/www.achimbrueckner.de\/dxradio\/php\/wordpress\/index.php?rest_route=\/wp\/v2\/users\/1"}],"replies":[{"embeddable":true,"href":"https:\/\/www.achimbrueckner.de\/dxradio\/php\/wordpress\/index.php?rest_route=%2Fwp%2Fv2%2Fcomments&post=5942"}],"version-history":[{"count":0,"href":"https:\/\/www.achimbrueckner.de\/dxradio\/php\/wordpress\/index.php?rest_route=\/wp\/v2\/posts\/5942\/revisions"}],"wp:attachment":[{"href":"https:\/\/www.achimbrueckner.de\/dxradio\/php\/wordpress\/index.php?rest_route=%2Fwp%2Fv2%2Fmedia&parent=5942"}],"wp:term":[{"taxonomy":"category","embeddable":true,"href":"https:\/\/www.achimbrueckner.de\/dxradio\/php\/wordpress\/index.php?rest_route=%2Fwp%2Fv2%2Fcategories&post=5942"},{"taxonomy":"post_tag","embeddable":true,"href":"https:\/\/www.achimbrueckner.de\/dxradio\/php\/wordpress\/index.php?rest_route=%2Fwp%2Fv2%2Ftags&post=5942"}],"curies":[{"name":"wp","href":"https:\/\/api.w.org\/{rel}","templated":true}]}}