{"id":5943,"date":"2015-09-14T13:51:55","date_gmt":"2015-09-14T13:51:55","guid":{"rendered":"https:\/\/www.achimbrueckner.de\/dxradio\/php\/wordpress\/?p=5943"},"modified":"2015-09-14T13:51:55","modified_gmt":"2015-09-14T13:51:55","slug":"nachlese-zur-60-ukw-tagung-2015-60-jahre-treffpunkt-fur-technikbegeisterte","status":"publish","type":"post","link":"https:\/\/www.achimbrueckner.de\/dxradio\/php\/wordpress\/?p=5943","title":{"rendered":"Nachlese zur 60. UKW-Tagung 2015 60 Jahre Treffpunkt f\u00fcr Technikbegeisterte"},"content":{"rendered":"<p><a href=\"http:\/\/www.darc.de\/aktuelles\/details\/article\/60-jahre-treffpunkt-fuer-technikbegeisterte\/\" target=\"_blank\">http:\/\/www.darc.de\/aktuelles\/details\/article\/60-jahre-treffpunkt-fuer-technikbegeisterte\/<\/a><\/p>\n","protected":false},"excerpt":{"rendered":"<p>http:\/\/www.darc.de\/aktuelles\/details\/article\/60-jahre-treffpunkt-fuer-technikbegeisterte\/<\/p>\n","protected":false},"author":1,"featured_media":0,"comment_status":"open","ping_status":"open","sticky":false,"template":"","format":"standard","meta":{"_jetpack_memberships_contains_paid_content":false,"footnotes":"","jetpack_publicize_message":"","jetpack_publicize_feature_enabled":true,"jetpack_social_post_already_shared":true,"jetpack_social_options":{"image_generator_settings":{"template":"highway","default_image_id":0,"font":"","enabled":false},"version":2}},"categories":[5],"tags":[27],"class_list":["post-5943","post","type-post","status-publish","format-standard","hentry","category-camps","tag-ukw"],"jetpack_publicize_connections":[],"jetpack_featured_media_url":"","jetpack_sharing_enabled":true,"jetpack_shortlink":"https:\/\/wp.me\/p5CDmr-1xR","jetpack-related-posts":[{"id":18032,"url":"https:\/\/www.achimbrueckner.de\/dxradio\/php\/wordpress\/?p=18032","url_meta":{"origin":5943,"position":0},"title":"Der Funke springt \u00fcber: Technikbegeisterte aus aller Welt kontakten auf der Ham Radio","author":"Administrator","date":"June 3, 2018","format":false,"excerpt":"http:\/\/www.hamradio-friedrichshafen.de\/ham-de\/news\/Schlussbericht_2018.php","rel":"","context":"In &quot;Deutsch&quot;","block_context":{"text":"Deutsch","link":"https:\/\/www.achimbrueckner.de\/dxradio\/php\/wordpress\/?cat=1"},"img":{"alt_text":"","src":"","width":0,"height":0},"classes":[]},{"id":435,"url":"https:\/\/www.achimbrueckner.de\/dxradio\/php\/wordpress\/?p=435","url_meta":{"origin":5943,"position":1},"title":"K\u00fcrzere Wellen f\u00fcr besseren Klang: 60 Jahre UKW-Radio","author":"Administrator","date":"February 26, 2009","format":false,"excerpt":"Donnerstag | 26.02.2009 | 18.05 Uhr Bayern2 K\u00fcrzere Wellen f\u00fcr besseren Klang : 60 Jahre UKW-Radio Vor 60 Jahren wurde aus einer Notlage heraus das UKW-Rundfunksystem in Deutschland entwickelt. Ein Gl\u00fcck f\u00fcr die H\u00f6rer: Denn UKW brachte ihnen vieleVorteile. Ein Feature von David Globig Info via Paul Gager auf A-DX","rel":"","context":"In &quot;Deutsch&quot;","block_context":{"text":"Deutsch","link":"https:\/\/www.achimbrueckner.de\/dxradio\/php\/wordpress\/?cat=1"},"img":{"alt_text":"","src":"","width":0,"height":0},"classes":[]},{"id":39927,"url":"https:\/\/www.achimbrueckner.de\/dxradio\/php\/wordpress\/?p=39927","url_meta":{"origin":5943,"position":2},"title":"60 Jahre UKW-Stereo in Deutschland: Raumklang im Schneckentempo","author":"Administrator","date":"July 29, 2023","format":false,"excerpt":"https:\/\/www.heise.de\/hintergrund\/60-Jahre-UKW-Stereo-in-Deutschland-Raumklang-im-Schneckentempo-9229515.html","rel":"","context":"In &quot;Deutsch&quot;","block_context":{"text":"Deutsch","link":"https:\/\/www.achimbrueckner.de\/dxradio\/php\/wordpress\/?cat=1"},"img":{"alt_text":"","src":"","width":0,"height":0},"classes":[]},{"id":17303,"url":"https:\/\/www.achimbrueckner.de\/dxradio\/php\/wordpress\/?p=17303","url_meta":{"origin":5943,"position":3},"title":"60 JAHRE UKW IN BERLIN","author":"Administrator","date":"April 12, 2018","format":false,"excerpt":"http:\/\/www.wwwagner.tv\/?p=32954","rel":"","context":"In &quot;Deutsch&quot;","block_context":{"text":"Deutsch","link":"https:\/\/www.achimbrueckner.de\/dxradio\/php\/wordpress\/?cat=1"},"img":{"alt_text":"","src":"","width":0,"height":0},"classes":[]},{"id":6771,"url":"https:\/\/www.achimbrueckner.de\/dxradio\/php\/wordpress\/?p=6771","url_meta":{"origin":5943,"position":4},"title":"SRH Treffpunkt Heilbronn &#8211; Willi Kloss","author":"Administrator","date":"December 5, 2015","format":false,"excerpt":"https:\/\/soundcloud.com\/baraquemichel\/srh-treffpunkt-heilbronn-willi-kloss","rel":"","context":"In &quot;Deutsch&quot;","block_context":{"text":"Deutsch","link":"https:\/\/www.achimbrueckner.de\/dxradio\/php\/wordpress\/?cat=1"},"img":{"alt_text":"","src":"","width":0,"height":0},"classes":[]},{"id":19544,"url":"https:\/\/www.achimbrueckner.de\/dxradio\/php\/wordpress\/?p=19544","url_meta":{"origin":5943,"position":5},"title":"Deutscher Amateur-Radio-Club OV Ahrweiler Vom Handelsplatz zum Treffpunkt","author":"Administrator","date":"October 13, 2018","format":false,"excerpt":"https:\/\/www.blick-aktuell.de\/Berichte\/Vom-Handelsplatz-zum-Treffpunkt-352891.html","rel":"","context":"In &quot;Deutsch&quot;","block_context":{"text":"Deutsch","link":"https:\/\/www.achimbrueckner.de\/dxradio\/php\/wordpress\/?cat=1"},"img":{"alt_text":"","src":"","width":0,"height":0},"classes":[]}],"_links":{"self":[{"href":"https:\/\/www.achimbrueckner.de\/dxradio\/php\/wordpress\/index.php?rest_route=\/wp\/v2\/posts\/5943","targetHints":{"allow":["GET"]}}],"collection":[{"href":"https:\/\/www.achimbrueckner.de\/dxradio\/php\/wordpress\/index.php?rest_route=\/wp\/v2\/posts"}],"about":[{"href":"https:\/\/www.achimbrueckner.de\/dxradio\/php\/wordpress\/index.php?rest_route=\/wp\/v2\/types\/post"}],"author":[{"embeddable":true,"href":"https:\/\/www.achimbrueckner.de\/dxradio\/php\/wordpress\/index.php?rest_route=\/wp\/v2\/users\/1"}],"replies":[{"embeddable":true,"href":"https:\/\/www.achimbrueckner.de\/dxradio\/php\/wordpress\/index.php?rest_route=%2Fwp%2Fv2%2Fcomments&post=5943"}],"version-history":[{"count":0,"href":"https:\/\/www.achimbrueckner.de\/dxradio\/php\/wordpress\/index.php?rest_route=\/wp\/v2\/posts\/5943\/revisions"}],"wp:attachment":[{"href":"https:\/\/www.achimbrueckner.de\/dxradio\/php\/wordpress\/index.php?rest_route=%2Fwp%2Fv2%2Fmedia&parent=5943"}],"wp:term":[{"taxonomy":"category","embeddable":true,"href":"https:\/\/www.achimbrueckner.de\/dxradio\/php\/wordpress\/index.php?rest_route=%2Fwp%2Fv2%2Fcategories&post=5943"},{"taxonomy":"post_tag","embeddable":true,"href":"https:\/\/www.achimbrueckner.de\/dxradio\/php\/wordpress\/index.php?rest_route=%2Fwp%2Fv2%2Ftags&post=5943"}],"curies":[{"name":"wp","href":"https:\/\/api.w.org\/{rel}","templated":true}]}}