{"id":6034,"date":"2015-09-23T16:14:43","date_gmt":"2015-09-23T16:14:43","guid":{"rendered":"https:\/\/www.achimbrueckner.de\/dxradio\/php\/wordpress\/?p=6034"},"modified":"2015-09-23T16:14:43","modified_gmt":"2015-09-23T16:14:43","slug":"fmk-radiotage-2016-innsbruck","status":"publish","type":"post","link":"https:\/\/www.achimbrueckner.de\/dxradio\/php\/wordpress\/?p=6034","title":{"rendered":"FMK Radiotage 2016 Innsbruck"},"content":{"rendered":"<p>FMK on Tour: Folgende Info zu den FMK-Radiotagen 2016 rund um Innsbruck : Der Termin f\u00fcr den Ausflug nach Innsbruck steht nun fest: Von Freitag, 27.05.2016 bis (mindestens) Sonntag, 29.05.2016 haben wir eine Menge vor. Dank der Organisation von Matthias Hornsteiner und Thomas Winkler wollen wir u.a. den ORF Innsbruck, diverse Privatsender, das Innsbrucker Radiomuseum und den Standort Patscherkofel besichtigen. Entsprechend der Wetterverh\u00e4ltnisse ist f\u00fcr die hochalpin Gefestigten im Anschluss an das offizielle Treffen noch ein Ausflug zur Zirogalm und zur Flatschspitze geplant. J\u00fcrgen von Wedel, einst Betreiber von Radio Bavaria International, hat sich bereit erkl\u00e4rt, diese anspruchsvolle Begehung zu \u00fcbernehmen.<br \/>\nWie auch in den Vorjahren, bekommen wir derzeit auch rund um Innsbruck nur vage Aussagen zu Besuchsanfragen. Wie gehabt, antworten die Stationen und Ansprechpartner, dass wir zu fr\u00fch sind, erst im kommenden Jahr nochmal nachfragen sollen, da man soweit nicht planen kann\/will. Doch ich bin guter Dinge, dass alles passend wird, genauso wie bei all den vergangenen Treffen. Je nachdem, wo wir \u00fcberall reingelassen werden, k\u00f6nnte deshalb auch noch der Montag, 30.05.2016 in Innsbruck zum offiziellen Abschlusstag werden.<br \/>\nD.h. ab sofort k\u00f6nnt ihr euch bei mir anmelden. Die Pl\u00e4tze sind wie immer begrenzt ! fmkompakt@web.de<br \/>\nIch freue mich auf sch\u00f6ne und entspannte Radiostunden mit Euch,<br \/>\nund nat\u00fcrlich auf ein gesundes Wiedersehen !<br \/>\nMit Megaherzlichem Gru\u00df<br \/>\nThomas Kircher<br \/>\nfmkompakt.de<\/p>\n","protected":false},"excerpt":{"rendered":"<p>FMK on Tour: Folgende Info zu den FMK-Radiotagen 2016 rund um Innsbruck : Der Termin f\u00fcr den Ausflug nach Innsbruck steht nun fest: Von Freitag, 27.05.2016 bis (mindestens) Sonntag, 29.05.2016 haben wir eine Menge vor. Dank der Organisation von Matthias Hornsteiner und Thomas Winkler wollen wir u.a. den ORF Innsbruck, diverse Privatsender, das Innsbrucker Radiomuseum &hellip; <a href=\"https:\/\/www.achimbrueckner.de\/dxradio\/php\/wordpress\/?p=6034\" class=\"more-link\">Continue reading <span class=\"screen-reader-text\">FMK Radiotage 2016 Innsbruck<\/span><\/a><\/p>\n","protected":false},"author":1,"featured_media":0,"comment_status":"open","ping_status":"open","sticky":false,"template":"","format":"standard","meta":{"_jetpack_memberships_contains_paid_content":false,"footnotes":"","jetpack_publicize_message":"","jetpack_publicize_feature_enabled":true,"jetpack_social_post_already_shared":true,"jetpack_social_options":{"image_generator_settings":{"template":"highway","default_image_id":0,"font":"","enabled":false},"version":2}},"categories":[5],"tags":[28],"class_list":["post-6034","post","type-post","status-publish","format-standard","hentry","category-camps","tag-fm"],"jetpack_publicize_connections":[],"jetpack_featured_media_url":"","jetpack_sharing_enabled":true,"jetpack_shortlink":"https:\/\/wp.me\/p5CDmr-1zk","jetpack-related-posts":[{"id":1403,"url":"https:\/\/www.achimbrueckner.de\/dxradio\/php\/wordpress\/?p=1403","url_meta":{"origin":6034,"position":0},"title":"FMK Treffen 2011 30. April 2011","author":"Administrator","date":"March 12, 2011","format":false,"excerpt":"FMK-Treffen 2011 : Nun ist der Termin f\u00fcr \"unseren\" grossen Tag fix: Am Samstag, den 30. April 2011, ab 11:00 Uhr veranstaltet FMK sein diesj\u00e4hriges Treffen (Treffpunkt Sendeanlage Ismaning) mit folgendem Inhalt : Beginn um 11:00 Uhr : F\u00fchrung durch das Gel\u00e4nde der Senderanlage Ismaning. Hier sind neben Sender auch\u2026","rel":"","context":"In &quot;camps&quot;","block_context":{"text":"camps","link":"https:\/\/www.achimbrueckner.de\/dxradio\/php\/wordpress\/?cat=5"},"img":{"alt_text":"","src":"","width":0,"height":0},"classes":[]},{"id":1792,"url":"https:\/\/www.achimbrueckner.de\/dxradio\/php\/wordpress\/?p=1792","url_meta":{"origin":6034,"position":1},"title":"FMK-Radiotag 14.04.2012 N\u00fcrnberg","author":"Administrator","date":"September 14, 2011","format":false,"excerpt":"Liebe Radiofreunde, am Samstag, den 14.04.2012 findet der n\u00e4chste FMK-Radiotag statt ! Dank der Unterst\u00fctzung von J\u00f6rn Krieger wurde erneut ein ganz besonders interessanter Ablauf zusammengestellt - diesesmal treffen wir uns in der Region F\u00fcrth\/N\u00fcrnberg : 11:00 Uhr : Besichtigung des Rundfunkmuseums F\u00fcrth http:\/\/www.rundfunkmuseum.fuerth.de\/german\/index.htm - mit einem SPEZIELL f\u00fcr FMK\u2026","rel":"","context":"In &quot;camps&quot;","block_context":{"text":"camps","link":"https:\/\/www.achimbrueckner.de\/dxradio\/php\/wordpress\/?cat=5"},"img":{"alt_text":"","src":"","width":0,"height":0},"classes":[]},{"id":39199,"url":"https:\/\/www.achimbrueckner.de\/dxradio\/php\/wordpress\/?p=39199","url_meta":{"origin":6034,"position":2},"title":"Sender M\u00fchlacker Kalender 2023 im Nachdruck &#8220;Wie`s einmal war &#8211; Wahrzeichen Sender M\u00fchlacker&#8221;","author":"Administrator","date":"April 1, 2023","format":false,"excerpt":"Sender M\u00fchlacker Kalender 2023 im Nachdruck \"Wie`s einmal war - Wahrzeichen Sender M\u00fchlacker\" Liebe Radiofreunde, vor einer Woche waren wir, von FMK, beim Sender M\u00fchlacker. Der F\u00f6rderverein rund um Hans-Bernd Weiner und J\u00fcrgen Fegert signalisierten uns gegen\u00fcber, dass man den beliebten Sender-Kalender extra f\u00fcr die FMK-Leser nachdrucken l\u00e4sst, sobald gen\u00fcgend\u2026","rel":"","context":"In &quot;Deutsch&quot;","block_context":{"text":"Deutsch","link":"https:\/\/www.achimbrueckner.de\/dxradio\/php\/wordpress\/?cat=1"},"img":{"alt_text":"","src":"","width":0,"height":0},"classes":[]},{"id":34200,"url":"https:\/\/www.achimbrueckner.de\/dxradio\/php\/wordpress\/?p=34200","url_meta":{"origin":6034,"position":3},"title":"FMK Weihnachten 2021","author":"Administrator","date":"December 18, 2021","format":false,"excerpt":"Hallo liebe Radiofreunde, es wird dieses Jahr keinen DX-Marathon geben an dem sich FM Kompakt bzw. Radio Klein Paris beteiligen. Trotzdem habe ich mir etwas, einen kleinen Kontest, \u00fcberlegt. FM Kompakt hat in den Programmen von Partnerstationen jeweils einen Gru\u00df platziert und auch Musikw\u00fcnsche ge\u00e4u\u00dfert. Schaltet bitte folgende Programme ein\u2026","rel":"","context":"In &quot;Deutsch&quot;","block_context":{"text":"Deutsch","link":"https:\/\/www.achimbrueckner.de\/dxradio\/php\/wordpress\/?cat=1"},"img":{"alt_text":"","src":"","width":0,"height":0},"classes":[]},{"id":7562,"url":"https:\/\/www.achimbrueckner.de\/dxradio\/php\/wordpress\/?p=7562","url_meta":{"origin":6034,"position":4},"title":"FMK-Treffen M\u00e4rz 2016 Charly 2000 Ged\u00e4chtnis-Treffen","author":"Administrator","date":"February 14, 2016","format":false,"excerpt":"FMK-Treffen - Termin\u00e4nderung: Zu Ehren des einstigen Kult-DJ`s Charly 2000 veranstaltet FM Kompakt ein Ged\u00e4chtnis-Treffen. U.a. bekommen wir dank Uwe Carsten einen Einblick hiner die Kulissen von Radio Ohr (Charlys letzter Station). Danach werden beim geselligem Zusammensein Erinnerungen und Mitschnitte ausgetauscht. Da der Termin im April 16 nicht vereinbar war,\u2026","rel":"","context":"In &quot;camps&quot;","block_context":{"text":"camps","link":"https:\/\/www.achimbrueckner.de\/dxradio\/php\/wordpress\/?cat=5"},"img":{"alt_text":"","src":"","width":0,"height":0},"classes":[]},{"id":2836,"url":"https:\/\/www.achimbrueckner.de\/dxradio\/php\/wordpress\/?p=2836","url_meta":{"origin":6034,"position":5},"title":"1.Ausgabe FMK-RTI-H\u00f6rerclubmagazin","author":"Administrator","date":"January 3, 2014","format":false,"excerpt":"Liebe Radiofreunde, morgen am Samstag den 04.01.14 um 11:00 Uhr geht es los. Im Rahmen des Radio Brenner Streams (http:\/\/laut.fm\/kompakt) wird das erste \u201eFMK-RTI-H\u00f6rerclubmagazin\u201c ausgestrahlt. Mit dabei sind die H\u00f6rerclubecke des RTI-H\u00f6rerclubs, die DX-Tipps von Hans-Werner Lange und Bernd Seiser sowie Beitr\u00e4ge aus den Archiven von Kunos-Radiothek, FM Kompakt und\u2026","rel":"","context":"In &quot;Deutsch&quot;","block_context":{"text":"Deutsch","link":"https:\/\/www.achimbrueckner.de\/dxradio\/php\/wordpress\/?cat=1"},"img":{"alt_text":"","src":"","width":0,"height":0},"classes":[]}],"_links":{"self":[{"href":"https:\/\/www.achimbrueckner.de\/dxradio\/php\/wordpress\/index.php?rest_route=\/wp\/v2\/posts\/6034","targetHints":{"allow":["GET"]}}],"collection":[{"href":"https:\/\/www.achimbrueckner.de\/dxradio\/php\/wordpress\/index.php?rest_route=\/wp\/v2\/posts"}],"about":[{"href":"https:\/\/www.achimbrueckner.de\/dxradio\/php\/wordpress\/index.php?rest_route=\/wp\/v2\/types\/post"}],"author":[{"embeddable":true,"href":"https:\/\/www.achimbrueckner.de\/dxradio\/php\/wordpress\/index.php?rest_route=\/wp\/v2\/users\/1"}],"replies":[{"embeddable":true,"href":"https:\/\/www.achimbrueckner.de\/dxradio\/php\/wordpress\/index.php?rest_route=%2Fwp%2Fv2%2Fcomments&post=6034"}],"version-history":[{"count":0,"href":"https:\/\/www.achimbrueckner.de\/dxradio\/php\/wordpress\/index.php?rest_route=\/wp\/v2\/posts\/6034\/revisions"}],"wp:attachment":[{"href":"https:\/\/www.achimbrueckner.de\/dxradio\/php\/wordpress\/index.php?rest_route=%2Fwp%2Fv2%2Fmedia&parent=6034"}],"wp:term":[{"taxonomy":"category","embeddable":true,"href":"https:\/\/www.achimbrueckner.de\/dxradio\/php\/wordpress\/index.php?rest_route=%2Fwp%2Fv2%2Fcategories&post=6034"},{"taxonomy":"post_tag","embeddable":true,"href":"https:\/\/www.achimbrueckner.de\/dxradio\/php\/wordpress\/index.php?rest_route=%2Fwp%2Fv2%2Ftags&post=6034"}],"curies":[{"name":"wp","href":"https:\/\/api.w.org\/{rel}","templated":true}]}}