{"id":6353,"date":"2015-10-28T16:15:19","date_gmt":"2015-10-28T16:15:19","guid":{"rendered":"https:\/\/www.achimbrueckner.de\/dxradio\/php\/wordpress\/?p=6353"},"modified":"2015-10-28T16:15:19","modified_gmt":"2015-10-28T16:15:19","slug":"lokalfunk-in-schleswig-holstein-vor-dem-start-z-b-syltfunk","status":"publish","type":"post","link":"https:\/\/www.achimbrueckner.de\/dxradio\/php\/wordpress\/?p=6353","title":{"rendered":"Lokalfunk in Schleswig-Holstein vor dem Start: z.B. Syltfunk"},"content":{"rendered":"<p><a href=\"http:\/\/www.radioszene.de\/84535\/lokalfunk-schleswig-holstein-syltfunk-sylt.html\" target=\"_blank\">http:\/\/www.radioszene.de\/84535\/lokalfunk-schleswig-holstein-syltfunk-sylt.html<\/a><\/p>\n","protected":false},"excerpt":{"rendered":"<p>http:\/\/www.radioszene.de\/84535\/lokalfunk-schleswig-holstein-syltfunk-sylt.html<\/p>\n","protected":false},"author":1,"featured_media":0,"comment_status":"open","ping_status":"open","sticky":false,"template":"","format":"standard","meta":{"_jetpack_memberships_contains_paid_content":false,"footnotes":"","jetpack_publicize_message":"","jetpack_publicize_feature_enabled":true,"jetpack_social_post_already_shared":true,"jetpack_social_options":{"image_generator_settings":{"template":"highway","default_image_id":0,"font":"","enabled":false},"version":2}},"categories":[1,16],"tags":[41],"class_list":["post-6353","post","type-post","status-publish","format-standard","hentry","category-deutsch","category-radioszene","tag-radioszene"],"jetpack_publicize_connections":[],"jetpack_featured_media_url":"","jetpack_sharing_enabled":true,"jetpack_shortlink":"https:\/\/wp.me\/p5CDmr-1Et","jetpack-related-posts":[{"id":17833,"url":"https:\/\/www.achimbrueckner.de\/dxradio\/php\/wordpress\/?p=17833","url_meta":{"origin":6353,"position":0},"title":"MA HSH verl\u00e4ngert Zulassung f\u00fcr \u201eSyltfunk S\u00f6lring Radio\u201c","author":"Administrator","date":"May 20, 2018","format":false,"excerpt":"https:\/\/www.radioszene.de\/122273\/zulassung-syltfunk-verlaengert.html","rel":"","context":"In &quot;Deutsch&quot;","block_context":{"text":"Deutsch","link":"https:\/\/www.achimbrueckner.de\/dxradio\/php\/wordpress\/?cat=1"},"img":{"alt_text":"","src":"","width":0,"height":0},"classes":[]},{"id":21302,"url":"https:\/\/www.achimbrueckner.de\/dxradio\/php\/wordpress\/?p=21302","url_meta":{"origin":6353,"position":1},"title":"Schleswig-Holstein schreibt UKW-Kapazit\u00e4ten f\u00fcr f\u00fcnf Radioprogramme aus","author":"Administrator","date":"February 4, 2019","format":false,"excerpt":"https:\/\/www.radioszene.de\/130042\/schleswig-holstein-ukw-radioprogramme.html","rel":"","context":"In &quot;Deutsch&quot;","block_context":{"text":"Deutsch","link":"https:\/\/www.achimbrueckner.de\/dxradio\/php\/wordpress\/?cat=1"},"img":{"alt_text":"","src":"","width":0,"height":0},"classes":[]},{"id":8097,"url":"https:\/\/www.achimbrueckner.de\/dxradio\/php\/wordpress\/?p=8097","url_meta":{"origin":6353,"position":2},"title":"Schleswig-Holstein: Aus Radio NORA wird RADIO BOB!","author":"Administrator","date":"April 22, 2016","format":false,"excerpt":"http:\/\/www.radioszene.de\/90402\/radio-nora-radio-bob-schleswig-holstein.html","rel":"","context":"In &quot;Deutsch&quot;","block_context":{"text":"Deutsch","link":"https:\/\/www.achimbrueckner.de\/dxradio\/php\/wordpress\/?cat=1"},"img":{"alt_text":"","src":"","width":0,"height":0},"classes":[]},{"id":24466,"url":"https:\/\/www.achimbrueckner.de\/dxradio\/php\/wordpress\/?p=24466","url_meta":{"origin":6353,"position":3},"title":"R.SH bleibt WOW: Neues Radiobrandingpaket bei Radio Schleswig-Holstein","author":"Administrator","date":"August 26, 2019","format":false,"excerpt":"https:\/\/www.radioszene.de\/135754\/rsh-wow-radiobranding-radio-schleswig-holstein.html","rel":"","context":"In &quot;Deutsch&quot;","block_context":{"text":"Deutsch","link":"https:\/\/www.achimbrueckner.de\/dxradio\/php\/wordpress\/?cat=1"},"img":{"alt_text":"","src":"","width":0,"height":0},"classes":[]},{"id":23307,"url":"https:\/\/www.achimbrueckner.de\/dxradio\/php\/wordpress\/?p=23307","url_meta":{"origin":6353,"position":4},"title":"Digitalradio: Schleswig Holstein startet DAB+ Modellversuch","author":"Administrator","date":"May 31, 2019","format":false,"excerpt":"https:\/\/www.radioszene.de\/133494\/dab-modellversuch-digitalradio.html","rel":"","context":"In &quot;Deutsch&quot;","block_context":{"text":"Deutsch","link":"https:\/\/www.achimbrueckner.de\/dxradio\/php\/wordpress\/?cat=1"},"img":{"alt_text":"","src":"","width":0,"height":0},"classes":[]},{"id":1616,"url":"https:\/\/www.achimbrueckner.de\/dxradio\/php\/wordpress\/?p=1616","url_meta":{"origin":6353,"position":5},"title":"Lokalfunk-Portr\u00e4t: Antenne D\u00fcsseldorf","author":"Administrator","date":"June 21, 2011","format":false,"excerpt":"Lokalfunk-Portr\u00e4t: Antenne D\u00fcsseldorf http:\/\/www.radioszene.de\/25873\/lokalfunk-portraet-antenne-duesseldorf.html","rel":"","context":"In &quot;Deutsch&quot;","block_context":{"text":"Deutsch","link":"https:\/\/www.achimbrueckner.de\/dxradio\/php\/wordpress\/?cat=1"},"img":{"alt_text":"","src":"","width":0,"height":0},"classes":[]}],"_links":{"self":[{"href":"https:\/\/www.achimbrueckner.de\/dxradio\/php\/wordpress\/index.php?rest_route=\/wp\/v2\/posts\/6353","targetHints":{"allow":["GET"]}}],"collection":[{"href":"https:\/\/www.achimbrueckner.de\/dxradio\/php\/wordpress\/index.php?rest_route=\/wp\/v2\/posts"}],"about":[{"href":"https:\/\/www.achimbrueckner.de\/dxradio\/php\/wordpress\/index.php?rest_route=\/wp\/v2\/types\/post"}],"author":[{"embeddable":true,"href":"https:\/\/www.achimbrueckner.de\/dxradio\/php\/wordpress\/index.php?rest_route=\/wp\/v2\/users\/1"}],"replies":[{"embeddable":true,"href":"https:\/\/www.achimbrueckner.de\/dxradio\/php\/wordpress\/index.php?rest_route=%2Fwp%2Fv2%2Fcomments&post=6353"}],"version-history":[{"count":0,"href":"https:\/\/www.achimbrueckner.de\/dxradio\/php\/wordpress\/index.php?rest_route=\/wp\/v2\/posts\/6353\/revisions"}],"wp:attachment":[{"href":"https:\/\/www.achimbrueckner.de\/dxradio\/php\/wordpress\/index.php?rest_route=%2Fwp%2Fv2%2Fmedia&parent=6353"}],"wp:term":[{"taxonomy":"category","embeddable":true,"href":"https:\/\/www.achimbrueckner.de\/dxradio\/php\/wordpress\/index.php?rest_route=%2Fwp%2Fv2%2Fcategories&post=6353"},{"taxonomy":"post_tag","embeddable":true,"href":"https:\/\/www.achimbrueckner.de\/dxradio\/php\/wordpress\/index.php?rest_route=%2Fwp%2Fv2%2Ftags&post=6353"}],"curies":[{"name":"wp","href":"https:\/\/api.w.org\/{rel}","templated":true}]}}