{"id":6370,"date":"2015-10-30T20:39:36","date_gmt":"2015-10-30T20:39:36","guid":{"rendered":"https:\/\/www.achimbrueckner.de\/dxradio\/php\/wordpress\/?p=6370"},"modified":"2015-10-30T20:39:36","modified_gmt":"2015-10-30T20:39:36","slug":"90-jahre-fusball-im-radio-erste-schalte-fiel-fast-ins-wasser","status":"publish","type":"post","link":"https:\/\/www.achimbrueckner.de\/dxradio\/php\/wordpress\/?p=6370","title":{"rendered":"90 Jahre Fu\u00dfball im Radio: Erste Schalte fiel fast ins Wasser"},"content":{"rendered":"<p><a href=\"https:\/\/www.infosat.de\/technik\/90-jahre-fu-ball-im-radio-erste-schalte-fiel-fast-ins-wasser\" target=\"_blank\">https:\/\/www.infosat.de\/technik\/90-jahre-fu-ball-im-radio-erste-schalte-fiel-fast-ins-wasser<\/a><\/p>\n","protected":false},"excerpt":{"rendered":"<p>https:\/\/www.infosat.de\/technik\/90-jahre-fu-ball-im-radio-erste-schalte-fiel-fast-ins-wasser<\/p>\n","protected":false},"author":1,"featured_media":0,"comment_status":"open","ping_status":"open","sticky":false,"template":"","format":"standard","meta":{"_jetpack_memberships_contains_paid_content":false,"footnotes":"","jetpack_publicize_message":"","jetpack_publicize_feature_enabled":true,"jetpack_social_post_already_shared":true,"jetpack_social_options":{"image_generator_settings":{"template":"highway","default_image_id":0,"font":"","enabled":false},"version":2}},"categories":[1],"tags":[],"class_list":["post-6370","post","type-post","status-publish","format-standard","hentry","category-deutsch"],"jetpack_publicize_connections":[],"jetpack_featured_media_url":"","jetpack_sharing_enabled":true,"jetpack_shortlink":"https:\/\/wp.me\/p5CDmr-1EK","jetpack-related-posts":[{"id":25840,"url":"https:\/\/www.achimbrueckner.de\/dxradio\/php\/wordpress\/?p=25840","url_meta":{"origin":6370,"position":0},"title":"Funkloch unterbricht \u201eTagesschau\u201c-Schalte zu Anti-Funkloch-Treffen","author":"Administrator","date":"November 19, 2019","format":false,"excerpt":"https:\/\/www.newsroom.de\/news\/aktuelle-meldungen\/medien-19\/funkloch-unterbricht-tagesschau-schalte-zu-anti-funkloch-treffen-900989\/","rel":"","context":"In &quot;Deutsch&quot;","block_context":{"text":"Deutsch","link":"https:\/\/www.achimbrueckner.de\/dxradio\/php\/wordpress\/?cat=1"},"img":{"alt_text":"","src":"","width":0,"height":0},"classes":[]},{"id":34690,"url":"https:\/\/www.achimbrueckner.de\/dxradio\/php\/wordpress\/?p=34690","url_meta":{"origin":6370,"position":1},"title":"&#8220;Network Slicing&#8221; RTL und Telekom arbeiten an sicherer Live-Schalte via 5G","author":"Administrator","date":"February 21, 2022","format":false,"excerpt":"https:\/\/www.dwdl.de\/nachrichten\/86649\/rtl_und_telekom_arbeiten_an_sicherer_liveschalte_via_5g\/","rel":"","context":"In &quot;Deutsch&quot;","block_context":{"text":"Deutsch","link":"https:\/\/www.achimbrueckner.de\/dxradio\/php\/wordpress\/?cat=1"},"img":{"alt_text":"","src":"","width":0,"height":0},"classes":[]},{"id":1285,"url":"https:\/\/www.achimbrueckner.de\/dxradio\/php\/wordpress\/?p=1285","url_meta":{"origin":6370,"position":2},"title":"90 Jahre Rundfunk aus K\u00f6nigs Wusterhausen","author":"Administrator","date":"December 18, 2010","format":false,"excerpt":"90 Jahre Rundfunk aus K\u00f6nigs Wusterhausen Als am 22. Dezember 1920 auf dem heutigen Funkerberg in der Rundfunkstadt K\u00f6nigs Wusterhausen erstmalig ein Weihnachtskonzert ausgestrahlt wurde, d\u00fcrfte den Beteiligten nicht bewusst gewesen sein, welche historisch bedeutende Leistung sie vollbrachten. Im Sommer 1920 hatten sie begonnen, in der Hauptfunkstelle der Deutschen Reichspost\u2026","rel":"","context":"In &quot;Deutsch&quot;","block_context":{"text":"Deutsch","link":"https:\/\/www.achimbrueckner.de\/dxradio\/php\/wordpress\/?cat=1"},"img":{"alt_text":"","src":"","width":0,"height":0},"classes":[]},{"id":18206,"url":"https:\/\/www.achimbrueckner.de\/dxradio\/php\/wordpress\/?p=18206","url_meta":{"origin":6370,"position":3},"title":"\u201eH\u00f6r\u2018 mal Wein\u201c: RPR1. bringt erste Weinsendung ins Radio","author":"Administrator","date":"June 13, 2018","format":false,"excerpt":"https:\/\/www.infosat.de\/radio\/h-r-mal-wein-rpr1-bringt-erste-weinsendung-ins-radio","rel":"","context":"In &quot;Deutsch&quot;","block_context":{"text":"Deutsch","link":"https:\/\/www.achimbrueckner.de\/dxradio\/php\/wordpress\/?cat=1"},"img":{"alt_text":"","src":"","width":0,"height":0},"classes":[]},{"id":27353,"url":"https:\/\/www.achimbrueckner.de\/dxradio\/php\/wordpress\/?p=27353","url_meta":{"origin":6370,"position":4},"title":"100 Jahre Radio K\u00f6nigs Wusterhausen feiert Deutschlands erste Sendung","author":"Administrator","date":"February 28, 2020","format":false,"excerpt":"https:\/\/archiv.berliner-kurier.de\/berlin\/brandenburg\/100-jahre-radio-koenigs-wusterhausen-feiert-deutschlands-erste-sendung-36288176","rel":"","context":"In &quot;Deutsch&quot;","block_context":{"text":"Deutsch","link":"https:\/\/www.achimbrueckner.de\/dxradio\/php\/wordpress\/?cat=1"},"img":{"alt_text":"","src":"","width":0,"height":0},"classes":[]},{"id":5032,"url":"https:\/\/www.achimbrueckner.de\/dxradio\/php\/wordpress\/?p=5032","url_meta":{"origin":6370,"position":5},"title":"FM Kompakt feiert Jubil\u00e4um &#8211; 30 Jahre FMK &#8211; 1985 bis 2015","author":"Administrator","date":"June 27, 2015","format":false,"excerpt":"FM Kompakt feiert Jubil\u00e4um - 30 Jahre FMK - 1985 bis 2015 Die erste Ausgabe erschien im Juli 1985 - damals noch unter dem Namen \"FM\/-KW und Kabelnews\" - Anf\u00e4nglich versendete ich das Infoblatt an ca. 10 Interessenten - im Lauf der Jahre hatte FM Kompakt dann \u00fcber 30 Abonennten.\u2026","rel":"","context":"In &quot;Deutsch&quot;","block_context":{"text":"Deutsch","link":"https:\/\/www.achimbrueckner.de\/dxradio\/php\/wordpress\/?cat=1"},"img":{"alt_text":"","src":"","width":0,"height":0},"classes":[]}],"_links":{"self":[{"href":"https:\/\/www.achimbrueckner.de\/dxradio\/php\/wordpress\/index.php?rest_route=\/wp\/v2\/posts\/6370","targetHints":{"allow":["GET"]}}],"collection":[{"href":"https:\/\/www.achimbrueckner.de\/dxradio\/php\/wordpress\/index.php?rest_route=\/wp\/v2\/posts"}],"about":[{"href":"https:\/\/www.achimbrueckner.de\/dxradio\/php\/wordpress\/index.php?rest_route=\/wp\/v2\/types\/post"}],"author":[{"embeddable":true,"href":"https:\/\/www.achimbrueckner.de\/dxradio\/php\/wordpress\/index.php?rest_route=\/wp\/v2\/users\/1"}],"replies":[{"embeddable":true,"href":"https:\/\/www.achimbrueckner.de\/dxradio\/php\/wordpress\/index.php?rest_route=%2Fwp%2Fv2%2Fcomments&post=6370"}],"version-history":[{"count":0,"href":"https:\/\/www.achimbrueckner.de\/dxradio\/php\/wordpress\/index.php?rest_route=\/wp\/v2\/posts\/6370\/revisions"}],"wp:attachment":[{"href":"https:\/\/www.achimbrueckner.de\/dxradio\/php\/wordpress\/index.php?rest_route=%2Fwp%2Fv2%2Fmedia&parent=6370"}],"wp:term":[{"taxonomy":"category","embeddable":true,"href":"https:\/\/www.achimbrueckner.de\/dxradio\/php\/wordpress\/index.php?rest_route=%2Fwp%2Fv2%2Fcategories&post=6370"},{"taxonomy":"post_tag","embeddable":true,"href":"https:\/\/www.achimbrueckner.de\/dxradio\/php\/wordpress\/index.php?rest_route=%2Fwp%2Fv2%2Ftags&post=6370"}],"curies":[{"name":"wp","href":"https:\/\/api.w.org\/{rel}","templated":true}]}}