{"id":6417,"date":"2015-11-07T09:36:33","date_gmt":"2015-11-07T09:36:33","guid":{"rendered":"https:\/\/www.achimbrueckner.de\/dxradio\/php\/wordpress\/?p=6417"},"modified":"2015-11-07T09:36:33","modified_gmt":"2015-11-07T09:36:33","slug":"dx-camp-westerheversand-februar-2016","status":"publish","type":"post","link":"https:\/\/www.achimbrueckner.de\/dxradio\/php\/wordpress\/?p=6417","title":{"rendered":"DX Camp Westerheversand Februar 2016"},"content":{"rendered":"<p>Hallo Liste,<br \/>\ndie Hamburger DX\u00e9r planen wieder ein DX Camp am Leuchtturm Westerheversand. Der Leuchtturm steht auf einer Warft im Wattenmeer der Halbinsel Eiderstedt in Schleswig Holstein.<br \/>\nAuf dieser Warft, neben dem Leuchtturm, stehen zwei kleine H\u00e4user, von denen eins als Schullandheim genutzt wird. In diesem Schullandheim<br \/>\nf\u00fchren wir unser DX-Camp durch. Termin ist von Dienstag, 9. Feb. bis<br \/>\nDienstag, 16. Feb. 2016. Zur Zeit sind noch einige Pl\u00e4tze frei. Wer einmal an einem besonderem DX-Camp an diesem einmaligen Ort teilnehmen m\u00f6chte, der hat jetzt die M\u00f6glichkeit.<br \/>\nN\u00e4here Infos \u00fcber meine privat Email : dl1lad@darc.de<br \/>\nDieter, DL1LAD<\/p>\n<p>Info via <a href=\"http:\/\/www.ratzer.at\" target=\"_blank\">A-DX<\/a><\/p>\n","protected":false},"excerpt":{"rendered":"<p>Hallo Liste, die Hamburger DX\u00e9r planen wieder ein DX Camp am Leuchtturm Westerheversand. Der Leuchtturm steht auf einer Warft im Wattenmeer der Halbinsel Eiderstedt in Schleswig Holstein. Auf dieser Warft, neben dem Leuchtturm, stehen zwei kleine H\u00e4user, von denen eins als Schullandheim genutzt wird. In diesem Schullandheim f\u00fchren wir unser DX-Camp durch. Termin ist von &hellip; <a href=\"https:\/\/www.achimbrueckner.de\/dxradio\/php\/wordpress\/?p=6417\" class=\"more-link\">Continue reading <span class=\"screen-reader-text\">DX Camp Westerheversand Februar 2016<\/span><\/a><\/p>\n","protected":false},"author":1,"featured_media":0,"comment_status":"open","ping_status":"open","sticky":false,"template":"","format":"standard","meta":{"_jetpack_memberships_contains_paid_content":false,"footnotes":"","jetpack_publicize_message":"","jetpack_publicize_feature_enabled":true,"jetpack_social_post_already_shared":true,"jetpack_social_options":{"image_generator_settings":{"template":"highway","default_image_id":0,"font":"","enabled":false},"version":2}},"categories":[5,14],"tags":[24,26,40],"class_list":["post-6417","post","type-post","status-publish","format-standard","hentry","category-camps","category-dx","tag-am","tag-camp","tag-dx"],"jetpack_publicize_connections":[],"jetpack_featured_media_url":"","jetpack_sharing_enabled":true,"jetpack_shortlink":"https:\/\/wp.me\/p5CDmr-1Fv","jetpack-related-posts":[{"id":1427,"url":"https:\/\/www.achimbrueckner.de\/dxradio\/php\/wordpress\/?p=1427","url_meta":{"origin":6417,"position":0},"title":"DX-Camp-Termine der KWFR eV. f\u00fcr 2012","author":"Administrator","date":"March 30, 2011","format":false,"excerpt":"inzwischen haben wir die Termine f\u00fcr unsere DX-Camps im Naturfreundehaus Holzerbachtal f\u00fcr 2012 festgelegt. Da die Nachfrage in diesem Jahr hoch genug war, werden wir wieder 3 Camps veranstalten: 25.1.-29.1.12 13.6.-17.6.12 26.9.-30.9.12 Die Camps dauern jeweils von Mittwoch abends (Aufbau ab ca. 12 Uhr m\u00f6glich) bis Sonntag nach dem Mittagessen\u2026","rel":"","context":"In &quot;camps&quot;","block_context":{"text":"camps","link":"https:\/\/www.achimbrueckner.de\/dxradio\/php\/wordpress\/?cat=5"},"img":{"alt_text":"","src":"","width":0,"height":0},"classes":[]},{"id":1133,"url":"https:\/\/www.achimbrueckner.de\/dxradio\/php\/wordpress\/?p=1133","url_meta":{"origin":6417,"position":1},"title":"46. DX Camp des Rhein-Main-Radio-Clubs","author":"Administrator","date":"September 8, 2010","format":false,"excerpt":"Einladung zum 46. DX Camp des Rhein-Main-Radio-Clubs Das mittlerweile 46. RMRC - DX - Camp findet traditionell im Naturfreundehaus auf dem Wingertskippel in 63505 Langenselbold bei Hanau vom 27.September bis zum 3.Oktober 2010 statt. Die ersten Camp-Tage sind wie immer vorwiegend zum H\u00f6ren. Hier gibt es Grasnarben DX mit unterschiedlichen\u2026","rel":"","context":"In &quot;camps&quot;","block_context":{"text":"camps","link":"https:\/\/www.achimbrueckner.de\/dxradio\/php\/wordpress\/?cat=5"},"img":{"alt_text":"","src":"","width":0,"height":0},"classes":[]},{"id":2298,"url":"https:\/\/www.achimbrueckner.de\/dxradio\/php\/wordpress\/?p=2298","url_meta":{"origin":6417,"position":2},"title":"50. RMRC DX-Camp Langenselbold","author":"Administrator","date":"September 15, 2012","format":false,"excerpt":"Unser 50. DX-Camp wird gro\u00df gefeiert. Es findet vom 01. bis 07. Oktober 2012 in Langenselbold statt. Vor dem DX-Camp werden wir eine KW-Sendung \u00fcber Sitkunai ausstrahlen: 1. voraussichtlich So. 23.9.2012 14.00-15.00 UTC auf 6180 kHz 2. voraussichtlich So. 21.10.2012 14.00-15.00 UTC auf 6180 kHz Das Programm steht noch nicht\u2026","rel":"","context":"In &quot;camps&quot;","block_context":{"text":"camps","link":"https:\/\/www.achimbrueckner.de\/dxradio\/php\/wordpress\/?cat=5"},"img":{"alt_text":"","src":"","width":0,"height":0},"classes":[]},{"id":1980,"url":"https:\/\/www.achimbrueckner.de\/dxradio\/php\/wordpress\/?p=1980","url_meta":{"origin":6417,"position":3},"title":"5. OKF DX-Tag 21.01.2012","author":"Administrator","date":"November 25, 2011","format":false,"excerpt":"Hallo Hobbyfreunde, die Oldenburger Kurzwellenfreunde veranstalten am Sa. 21.01.2012 von 09:30 bis ?? Uhr den 5. OKF DX Tag in Oldenburg, Bootshaus des Post SV , Achterdiek. Wir treffen uns dort f\u00fcr einen Tag , um in noisearmer, empfangsg\u00fcnstiger Umgebung zu h\u00f6ren, reden, uns austauschen und einiges auszuprobieren. Diese Veranstaltung\u2026","rel":"","context":"In &quot;camps&quot;","block_context":{"text":"camps","link":"https:\/\/www.achimbrueckner.de\/dxradio\/php\/wordpress\/?cat=5"},"img":{"alt_text":"","src":"","width":0,"height":0},"classes":[]},{"id":374,"url":"https:\/\/www.achimbrueckner.de\/dxradio\/php\/wordpress\/?p=374","url_meta":{"origin":6417,"position":4},"title":"40. DX-Camp Langenselbold","author":"Administrator","date":"March 3, 2008","format":false,"excerpt":"Unser 40. DX Camp findet vom Mo. 17. bis So. 23.3.08 im Naturfreundehaus in Langenselbold bei Hanau statt. DXer und Radiofreunde sind herzlich eingeladen. Die H\u00f6hepunkte: Die ersten Tage sind wie immer vorwiegend zum H\u00f6ren. Erstmalig haben wir jetzt auch **DSL-Anschlu\u00df **f\u00fcr jedermann \u00fcber einen WLAN-Zugang. Und wir haben eine\u2026","rel":"","context":"In &quot;camps&quot;","block_context":{"text":"camps","link":"https:\/\/www.achimbrueckner.de\/dxradio\/php\/wordpress\/?cat=5"},"img":{"alt_text":"","src":"","width":0,"height":0},"classes":[]},{"id":2351,"url":"https:\/\/www.achimbrueckner.de\/dxradio\/php\/wordpress\/?p=2351","url_meta":{"origin":6417,"position":5},"title":"DX Camp der OLKWF 2013 und DX Tag","author":"Administrator","date":"December 15, 2012","format":false,"excerpt":"Liebe Hobbyfreunde, das DX Camp der OLKWF findet im n\u00e4chsten Jahr in der Zeit vom 06.11.-10.11.2013 in Sandkrug im Haus Maranatha statt. Am Sa. den 19.Januar 2013 werden wir von 9:30 -? Uhr wieder einen DX-Tag im Bootshaus der Ruderabtlg. des PostSV am Achterdiek in Oldenburg veranstalten. Anmeldungen an Karl-J.Conrads(at)t-online.de\u2026","rel":"","context":"In &quot;camps&quot;","block_context":{"text":"camps","link":"https:\/\/www.achimbrueckner.de\/dxradio\/php\/wordpress\/?cat=5"},"img":{"alt_text":"","src":"","width":0,"height":0},"classes":[]}],"_links":{"self":[{"href":"https:\/\/www.achimbrueckner.de\/dxradio\/php\/wordpress\/index.php?rest_route=\/wp\/v2\/posts\/6417","targetHints":{"allow":["GET"]}}],"collection":[{"href":"https:\/\/www.achimbrueckner.de\/dxradio\/php\/wordpress\/index.php?rest_route=\/wp\/v2\/posts"}],"about":[{"href":"https:\/\/www.achimbrueckner.de\/dxradio\/php\/wordpress\/index.php?rest_route=\/wp\/v2\/types\/post"}],"author":[{"embeddable":true,"href":"https:\/\/www.achimbrueckner.de\/dxradio\/php\/wordpress\/index.php?rest_route=\/wp\/v2\/users\/1"}],"replies":[{"embeddable":true,"href":"https:\/\/www.achimbrueckner.de\/dxradio\/php\/wordpress\/index.php?rest_route=%2Fwp%2Fv2%2Fcomments&post=6417"}],"version-history":[{"count":0,"href":"https:\/\/www.achimbrueckner.de\/dxradio\/php\/wordpress\/index.php?rest_route=\/wp\/v2\/posts\/6417\/revisions"}],"wp:attachment":[{"href":"https:\/\/www.achimbrueckner.de\/dxradio\/php\/wordpress\/index.php?rest_route=%2Fwp%2Fv2%2Fmedia&parent=6417"}],"wp:term":[{"taxonomy":"category","embeddable":true,"href":"https:\/\/www.achimbrueckner.de\/dxradio\/php\/wordpress\/index.php?rest_route=%2Fwp%2Fv2%2Fcategories&post=6417"},{"taxonomy":"post_tag","embeddable":true,"href":"https:\/\/www.achimbrueckner.de\/dxradio\/php\/wordpress\/index.php?rest_route=%2Fwp%2Fv2%2Ftags&post=6417"}],"curies":[{"name":"wp","href":"https:\/\/api.w.org\/{rel}","templated":true}]}}