{"id":6429,"date":"2015-11-08T14:42:01","date_gmt":"2015-11-08T14:42:01","guid":{"rendered":"https:\/\/www.achimbrueckner.de\/dxradio\/php\/wordpress\/?p=6429"},"modified":"2015-11-08T14:42:01","modified_gmt":"2015-11-08T14:42:01","slug":"einladung-zum-wintercamp-der-radiofreunde-nrw-24-28-2-2016","status":"publish","type":"post","link":"https:\/\/www.achimbrueckner.de\/dxradio\/php\/wordpress\/?p=6429","title":{"rendered":"Einladung zum Wintercamp der RADIOFREUNDE NRW, 24.-28.2.2016"},"content":{"rendered":"<p>Hallo,<\/p>\n<p>im Augenblick sieht es ja noch nicht danach aus, aber irgendwann wird es Winter, die Tage noch k\u00fcrzer und k\u00e4lter und die Bedingungen hoffentlich besser.<\/p>\n<p>Wenn man sich dann ausgiebig vom Weihnachtsstre\u00df erholt und der Gl\u00fchwein ausgeschwitzt ist, wird es Zeit, sich wieder dem &#8220;Ernst des Hobbys&#8221; zuzuwenden. Das Wintercamp steht an.<\/p>\n<p>Wie immer im Naturfreundehaus Holzerbachtal in Solingen-Wald, vom 24.02.2016 bis zum 28.02.2016 (Mittwoch bis Sonntag). Wir werden die bew\u00e4hrten Loops aufstellen, aber auch die passive Antennentechnik nicht verschm\u00e4hen.<\/p>\n<p>Am Campsamstag (27.02.2016) ist wie immer der traditionelle Besuchertag, man trifft sich, tauscht Neuigkeiten aus oder testet die Ger\u00e4te, die neu auf das Camp kommen.<\/p>\n<p>Hier gibt es ein pdf mit einer Kurzvorstellung vom Camp samt Preisen:<br \/>\n<a href=\"http:\/\/filearea.christof-proft.de\/files\/pub\/rfnrw\/Wintercamp_2016.pdf\" target=\"_blank\">http:\/\/filearea.christof-proft.de\/files\/pub\/rfnrw\/Wintercamp_2016.pdf<\/a><\/p>\n<p>Die Rahmenbedingungen stehen hier in den Teilnahmebedingungen:<br \/>\n<a href=\"http:\/\/filearea.christof-proft.de\/files\/pub\/rfnrw\/Teilnahmebedingungen_03_14.pdf\" target=\"_blank\">http:\/\/filearea.christof-proft.de\/files\/pub\/rfnrw\/Teilnahmebedingungen_03_14.pdf<\/a><\/p>\n<p>Wer den Entschlu\u00df gefa\u00dft hat, am Camp teilzunehmen, nutze einfach das<br \/>\nAnmeldeformular. Oder er maile bzw. rufe an:<br \/>\n<a href=\"http:\/\/filearea.christof-proft.de\/files\/pub\/rfnrw\/Anmeldung_Wi_16.pdf\" target=\"_blank\">http:\/\/filearea.christof-proft.de\/files\/pub\/rfnrw\/Anmeldung_Wi_16.pdf<\/a><\/p>\n<p>10 DXer bringen wir unter, wir freuen uns auf Euch!<\/p>\n<p>vy73<\/p>\n<p>Christof Proft<br \/>\nRadiofreunde NRW<\/p>\n","protected":false},"excerpt":{"rendered":"<p>Hallo, im Augenblick sieht es ja noch nicht danach aus, aber irgendwann wird es Winter, die Tage noch k\u00fcrzer und k\u00e4lter und die Bedingungen hoffentlich besser. Wenn man sich dann ausgiebig vom Weihnachtsstre\u00df erholt und der Gl\u00fchwein ausgeschwitzt ist, wird es Zeit, sich wieder dem &#8220;Ernst des Hobbys&#8221; zuzuwenden. Das Wintercamp steht an. Wie immer &hellip; <a href=\"https:\/\/www.achimbrueckner.de\/dxradio\/php\/wordpress\/?p=6429\" class=\"more-link\">Continue reading <span class=\"screen-reader-text\">Einladung zum Wintercamp der RADIOFREUNDE NRW, 24.-28.2.2016<\/span><\/a><\/p>\n","protected":false},"author":1,"featured_media":0,"comment_status":"open","ping_status":"open","sticky":false,"template":"","format":"standard","meta":{"_jetpack_memberships_contains_paid_content":false,"footnotes":"","jetpack_publicize_message":"","jetpack_publicize_feature_enabled":true,"jetpack_social_post_already_shared":true,"jetpack_social_options":{"image_generator_settings":{"template":"highway","default_image_id":0,"font":"","enabled":false},"version":2}},"categories":[5,14],"tags":[24,26,40],"class_list":["post-6429","post","type-post","status-publish","format-standard","hentry","category-camps","category-dx","tag-am","tag-camp","tag-dx"],"jetpack_publicize_connections":[],"jetpack_featured_media_url":"","jetpack_sharing_enabled":true,"jetpack_shortlink":"https:\/\/wp.me\/p5CDmr-1FH","jetpack-related-posts":[{"id":2375,"url":"https:\/\/www.achimbrueckner.de\/dxradio\/php\/wordpress\/?p=2375","url_meta":{"origin":6429,"position":0},"title":"6. bis zum 10. M\u00e4rz 2013 Wintercamp der RADIOFREUNDE NRW","author":"Administrator","date":"January 26, 2013","format":false,"excerpt":"Hallo liebe YL und OM, vom 6. bis zum 10. M\u00e4rz findet das Wintercamp der RADIOFREUNDE NRW im Naturfreundehaus Holzerbachtal in Solingen, Ortsteil Solingen-Wald statt. Dort treffen sich bis zu 10 DXer zum H\u00f6ren, Fachsimpeln und gem\u00fctlichen Beisammensein. Die 10 Pl\u00e4tze waren diesmal in einer guten Woche ausgebucht. Tagesbesucher sind\u2026","rel":"","context":"In &quot;camps&quot;","block_context":{"text":"camps","link":"https:\/\/www.achimbrueckner.de\/dxradio\/php\/wordpress\/?cat=5"},"img":{"alt_text":"","src":"","width":0,"height":0},"classes":[]},{"id":2298,"url":"https:\/\/www.achimbrueckner.de\/dxradio\/php\/wordpress\/?p=2298","url_meta":{"origin":6429,"position":1},"title":"50. RMRC DX-Camp Langenselbold","author":"Administrator","date":"September 15, 2012","format":false,"excerpt":"Unser 50. DX-Camp wird gro\u00df gefeiert. Es findet vom 01. bis 07. Oktober 2012 in Langenselbold statt. Vor dem DX-Camp werden wir eine KW-Sendung \u00fcber Sitkunai ausstrahlen: 1. voraussichtlich So. 23.9.2012 14.00-15.00 UTC auf 6180 kHz 2. voraussichtlich So. 21.10.2012 14.00-15.00 UTC auf 6180 kHz Das Programm steht noch nicht\u2026","rel":"","context":"In &quot;camps&quot;","block_context":{"text":"camps","link":"https:\/\/www.achimbrueckner.de\/dxradio\/php\/wordpress\/?cat=5"},"img":{"alt_text":"","src":"","width":0,"height":0},"classes":[]},{"id":31601,"url":"https:\/\/www.achimbrueckner.de\/dxradio\/php\/wordpress\/?p=31601","url_meta":{"origin":6429,"position":2},"title":"[radiofreunde-nrw] Absage unseres Wintercamps im Holzerbachtal","author":"Administrator","date":"January 11, 2021","format":false,"excerpt":"wie schon in der letzten Woche bef\u00fcrchtet und angek\u00fcndigt, l\u00e4\u00dft die ab heute g\u00fcltige \"Coronaschutzverordnung NRW\" unser Wintercamp im Naturfreundehaus Holzerbachtal vom 26.1. bis zum 31.1.2021 nicht zu. Damit mu\u00df ich als Organisator an dieser Stelle \"offiziell\" absagen. Da die weitere Entwicklung der Corona-Pandemie \u00fcber die n\u00e4chsten 2-3 Monate nicht\u2026","rel":"","context":"In &quot;camps&quot;","block_context":{"text":"camps","link":"https:\/\/www.achimbrueckner.de\/dxradio\/php\/wordpress\/?cat=5"},"img":{"alt_text":"","src":"","width":0,"height":0},"classes":[]},{"id":26453,"url":"https:\/\/www.achimbrueckner.de\/dxradio\/php\/wordpress\/?p=26453","url_meta":{"origin":6429,"position":3},"title":"Radiofreunde Wintercamp 2020 Besuchertag","author":"Administrator","date":"December 30, 2019","format":false,"excerpt":"Die Radiofreunde NRW laden w\u00e4hrend ihres Wintercamps 2020 wieder zum traditionellen Besuchertag ein am Samstag, den 18. Januar 2020 ab 13:30 Uhr im Naturfreundehaus Holzerbachtal, Eipa\u00dfstr. 25 b in 42719 Solingen. Rundfunkfreunde, SWL, Funkamateure und Technikinteressierte treffen sich zu Gespr\u00e4ch & Austausch rund um die HF-Technik. Der neue HF-Signalverteiler \u201eJK-1000\u201c\u2026","rel":"","context":"In &quot;camps&quot;","block_context":{"text":"camps","link":"https:\/\/www.achimbrueckner.de\/dxradio\/php\/wordpress\/?cat=5"},"img":{"alt_text":"","src":"","width":0,"height":0},"classes":[]},{"id":1611,"url":"https:\/\/www.achimbrueckner.de\/dxradio\/php\/wordpress\/?p=1611","url_meta":{"origin":6429,"position":4},"title":"Herbstcamp der KWFR e.V. in Solingen","author":"Administrator","date":"June 20, 2011","format":false,"excerpt":"Hallo liebe YL und OM, vom 21. bis zum 25. September findet wieder das Herbstcamp der KWFR e.V. im Naturfreundehaus Holzerbachtal in Solingen, Ortsteil Solingen-Wald statt. http:\/\/kwfr.de\/ http:\/\/www.naturfreundehaus-holzerbachtal.de\/ Dort treffen sich bis zu 10 DXer zum H\u00f6ren, Fachsimpeln und gem\u00fctlichen Beisammensein. F\u00fcr Verpflegung (Vollpension) ist gesorgt, ebenso f\u00fcr die DX-\u00fcblichen\u2026","rel":"","context":"In &quot;camps&quot;","block_context":{"text":"camps","link":"https:\/\/www.achimbrueckner.de\/dxradio\/php\/wordpress\/?cat=5"},"img":{"alt_text":"","src":"","width":0,"height":0},"classes":[]},{"id":44795,"url":"https:\/\/www.achimbrueckner.de\/dxradio\/php\/wordpress\/?p=44795","url_meta":{"origin":6429,"position":5},"title":"Einladung zum Besuchertag auf dem Wintercamp der RADIOFREUNDE NRW in Solingen, 17.1.2026","author":"Administrator","date":"January 12, 2026","format":false,"excerpt":"Moin, moin, morgen fahren wieder einige Kollegen ins sch\u00f6ne Holzerbachtal ins Naturfreundehaus: Winter-DX-Camp! Wie bleiben dort bis zum Abbau am Sonntag, dem 18.1. Traditionell haben wir am Nachmittag des Samstags, dem 17.1., wieder unseren \"Besuchersamstag\". Da trifft man sich zum H\u00f6ren, Testen, Fachsimpeln und geselligen Beisammensein. Wer Lust und Zeit\u2026","rel":"","context":"In &quot;camps&quot;","block_context":{"text":"camps","link":"https:\/\/www.achimbrueckner.de\/dxradio\/php\/wordpress\/?cat=5"},"img":{"alt_text":"","src":"","width":0,"height":0},"classes":[]}],"_links":{"self":[{"href":"https:\/\/www.achimbrueckner.de\/dxradio\/php\/wordpress\/index.php?rest_route=\/wp\/v2\/posts\/6429","targetHints":{"allow":["GET"]}}],"collection":[{"href":"https:\/\/www.achimbrueckner.de\/dxradio\/php\/wordpress\/index.php?rest_route=\/wp\/v2\/posts"}],"about":[{"href":"https:\/\/www.achimbrueckner.de\/dxradio\/php\/wordpress\/index.php?rest_route=\/wp\/v2\/types\/post"}],"author":[{"embeddable":true,"href":"https:\/\/www.achimbrueckner.de\/dxradio\/php\/wordpress\/index.php?rest_route=\/wp\/v2\/users\/1"}],"replies":[{"embeddable":true,"href":"https:\/\/www.achimbrueckner.de\/dxradio\/php\/wordpress\/index.php?rest_route=%2Fwp%2Fv2%2Fcomments&post=6429"}],"version-history":[{"count":0,"href":"https:\/\/www.achimbrueckner.de\/dxradio\/php\/wordpress\/index.php?rest_route=\/wp\/v2\/posts\/6429\/revisions"}],"wp:attachment":[{"href":"https:\/\/www.achimbrueckner.de\/dxradio\/php\/wordpress\/index.php?rest_route=%2Fwp%2Fv2%2Fmedia&parent=6429"}],"wp:term":[{"taxonomy":"category","embeddable":true,"href":"https:\/\/www.achimbrueckner.de\/dxradio\/php\/wordpress\/index.php?rest_route=%2Fwp%2Fv2%2Fcategories&post=6429"},{"taxonomy":"post_tag","embeddable":true,"href":"https:\/\/www.achimbrueckner.de\/dxradio\/php\/wordpress\/index.php?rest_route=%2Fwp%2Fv2%2Ftags&post=6429"}],"curies":[{"name":"wp","href":"https:\/\/api.w.org\/{rel}","templated":true}]}}