{"id":6470,"date":"2015-11-11T19:05:08","date_gmt":"2015-11-11T19:05:08","guid":{"rendered":"https:\/\/www.achimbrueckner.de\/dxradio\/php\/wordpress\/?p=6470"},"modified":"2015-11-11T19:05:08","modified_gmt":"2015-11-11T19:05:08","slug":"warum-osterreich-auf-dab-nicht-verzichten-kann","status":"publish","type":"post","link":"https:\/\/www.achimbrueckner.de\/dxradio\/php\/wordpress\/?p=6470","title":{"rendered":"&#8220;Warum \u00d6sterreich auf DAB+ nicht verzichten kann&#8221;"},"content":{"rendered":"<p><a href=\"http:\/\/www.report.at\/home\/plusmeinung\/item\/88239-warum-oesterreich-auf-dab-nicht-verzichten-kann\" target=\"_blank\">http:\/\/www.report.at\/home\/plusmeinung\/item\/88239-warum-oesterreich-auf-dab-nicht-verzichten-kann<\/a><\/p>\n","protected":false},"excerpt":{"rendered":"<p>http:\/\/www.report.at\/home\/plusmeinung\/item\/88239-warum-oesterreich-auf-dab-nicht-verzichten-kann<\/p>\n","protected":false},"author":1,"featured_media":0,"comment_status":"open","ping_status":"open","sticky":false,"template":"","format":"standard","meta":{"_jetpack_memberships_contains_paid_content":false,"footnotes":"","jetpack_publicize_message":"","jetpack_publicize_feature_enabled":true,"jetpack_social_post_already_shared":true,"jetpack_social_options":{"image_generator_settings":{"template":"highway","default_image_id":0,"font":"","enabled":false},"version":2}},"categories":[1],"tags":[31],"class_list":["post-6470","post","type-post","status-publish","format-standard","hentry","category-deutsch","tag-dab"],"jetpack_publicize_connections":[],"jetpack_featured_media_url":"","jetpack_sharing_enabled":true,"jetpack_shortlink":"https:\/\/wp.me\/p5CDmr-1Gm","jetpack-related-posts":[{"id":1758,"url":"https:\/\/www.achimbrueckner.de\/dxradio\/php\/wordpress\/?p=1758","url_meta":{"origin":6470,"position":0},"title":"Digitalradio DAB+ unterwegs im Auto h\u00f6ren und dabei auf UKW, USB und iPod-Steuerung nicht verzichten m\u00fcssen","author":"Administrator","date":"August 27, 2011","format":false,"excerpt":"Digitalradio DAB+ unterwegs im Auto h\u00f6ren und dabei auf UKW, USB und iPod-Steuerung nicht verzichten m\u00fcssen http:\/\/kauftipps.fr-online.de\/digitalradio.html Info via A-DX","rel":"","context":"In &quot;Deutsch&quot;","block_context":{"text":"Deutsch","link":"https:\/\/www.achimbrueckner.de\/dxradio\/php\/wordpress\/?cat=1"},"img":{"alt_text":"","src":"","width":0,"height":0},"classes":[]},{"id":23246,"url":"https:\/\/www.achimbrueckner.de\/dxradio\/php\/wordpress\/?p=23246","url_meta":{"origin":6470,"position":1},"title":"80s80s: Warum nur in Hamburg auf DAB+?","author":"Administrator","date":"May 26, 2019","format":false,"excerpt":"https:\/\/www.smartphonefan.de\/2019\/05\/26\/80s80s-warum-nur-in-hamburg-auf-dab\/","rel":"","context":"In &quot;Deutsch&quot;","block_context":{"text":"Deutsch","link":"https:\/\/www.achimbrueckner.de\/dxradio\/php\/wordpress\/?cat=1"},"img":{"alt_text":"","src":"","width":0,"height":0},"classes":[]},{"id":37529,"url":"https:\/\/www.achimbrueckner.de\/dxradio\/php\/wordpress\/?p=37529","url_meta":{"origin":6470,"position":2},"title":"Radio Lohro auf DAB+: Warum keine weiteren Programme in Rostock?","author":"Administrator","date":"September 21, 2022","format":false,"excerpt":"https:\/\/www.radioblog.eu\/2022\/09\/21\/radio-lohro-auf-dab-warum-keine-weiteren-programme-in-rostock\/","rel":"","context":"In &quot;Deutsch&quot;","block_context":{"text":"Deutsch","link":"https:\/\/www.achimbrueckner.de\/dxradio\/php\/wordpress\/?cat=1"},"img":{"alt_text":"","src":"","width":0,"height":0},"classes":[]},{"id":23321,"url":"https:\/\/www.achimbrueckner.de\/dxradio\/php\/wordpress\/?p=23321","url_meta":{"origin":6470,"position":3},"title":"Warum der ORF und Kronehit nicht bei DAB+ mitmachen","author":"Administrator","date":"June 2, 2019","format":false,"excerpt":"https:\/\/www.teltarif.de\/dab-plus-oesterreich-digitalradio\/news\/76838.html","rel":"","context":"In &quot;Deutsch&quot;","block_context":{"text":"Deutsch","link":"https:\/\/www.achimbrueckner.de\/dxradio\/php\/wordpress\/?cat=1"},"img":{"alt_text":"","src":"","width":0,"height":0},"classes":[]},{"id":2980,"url":"https:\/\/www.achimbrueckner.de\/dxradio\/php\/wordpress\/?p=2980","url_meta":{"origin":6470,"position":4},"title":"DAB+ kann sich nicht alleine auf dem Markt durchsetzen","author":"Administrator","date":"March 13, 2014","format":false,"excerpt":"http:\/\/www.teltarif.de\/dab-dabplus-radio-br-auto-ukw\/news\/54852.html","rel":"","context":"In &quot;Deutsch&quot;","block_context":{"text":"Deutsch","link":"https:\/\/www.achimbrueckner.de\/dxradio\/php\/wordpress\/?cat=1"},"img":{"alt_text":"","src":"","width":0,"height":0},"classes":[]},{"id":11025,"url":"https:\/\/www.achimbrueckner.de\/dxradio\/php\/wordpress\/?p=11025","url_meta":{"origin":6470,"position":5},"title":"Warum klingt DAB+ auf manchen Stationen so grauenhaft?","author":"Administrator","date":"November 15, 2016","format":false,"excerpt":"http:\/\/www.radioszene.de\/97745\/dab-digitalradio-sound-processing.html","rel":"","context":"In &quot;Deutsch&quot;","block_context":{"text":"Deutsch","link":"https:\/\/www.achimbrueckner.de\/dxradio\/php\/wordpress\/?cat=1"},"img":{"alt_text":"","src":"","width":0,"height":0},"classes":[]}],"_links":{"self":[{"href":"https:\/\/www.achimbrueckner.de\/dxradio\/php\/wordpress\/index.php?rest_route=\/wp\/v2\/posts\/6470","targetHints":{"allow":["GET"]}}],"collection":[{"href":"https:\/\/www.achimbrueckner.de\/dxradio\/php\/wordpress\/index.php?rest_route=\/wp\/v2\/posts"}],"about":[{"href":"https:\/\/www.achimbrueckner.de\/dxradio\/php\/wordpress\/index.php?rest_route=\/wp\/v2\/types\/post"}],"author":[{"embeddable":true,"href":"https:\/\/www.achimbrueckner.de\/dxradio\/php\/wordpress\/index.php?rest_route=\/wp\/v2\/users\/1"}],"replies":[{"embeddable":true,"href":"https:\/\/www.achimbrueckner.de\/dxradio\/php\/wordpress\/index.php?rest_route=%2Fwp%2Fv2%2Fcomments&post=6470"}],"version-history":[{"count":0,"href":"https:\/\/www.achimbrueckner.de\/dxradio\/php\/wordpress\/index.php?rest_route=\/wp\/v2\/posts\/6470\/revisions"}],"wp:attachment":[{"href":"https:\/\/www.achimbrueckner.de\/dxradio\/php\/wordpress\/index.php?rest_route=%2Fwp%2Fv2%2Fmedia&parent=6470"}],"wp:term":[{"taxonomy":"category","embeddable":true,"href":"https:\/\/www.achimbrueckner.de\/dxradio\/php\/wordpress\/index.php?rest_route=%2Fwp%2Fv2%2Fcategories&post=6470"},{"taxonomy":"post_tag","embeddable":true,"href":"https:\/\/www.achimbrueckner.de\/dxradio\/php\/wordpress\/index.php?rest_route=%2Fwp%2Fv2%2Ftags&post=6470"}],"curies":[{"name":"wp","href":"https:\/\/api.w.org\/{rel}","templated":true}]}}