{"id":7376,"date":"2016-01-26T19:37:25","date_gmt":"2016-01-26T19:37:25","guid":{"rendered":"https:\/\/www.achimbrueckner.de\/dxradio\/php\/wordpress\/?p=7376"},"modified":"2016-01-26T19:37:25","modified_gmt":"2016-01-26T19:37:25","slug":"31-januar-2016-sonntag-ab-10-uhr-mez-radio-menschen-geschichten","status":"publish","type":"post","link":"https:\/\/www.achimbrueckner.de\/dxradio\/php\/wordpress\/?p=7376","title":{"rendered":"31. Januar 2016 Sonntag ab 10 Uhr MEZ: &#8220;Radio. Menschen &#038; Geschichten&#8221;"},"content":{"rendered":"<p>Hallo in die Runde,<\/p>\n<p>Wir haben ja schon \u00fcber ein neues &#8220;Radio-im-Radio-Magazin&#8221; hier berichtet..<br \/>\nDieses &#8220;Corona-freie&#8221;, Ihr wisst schon. In 5 Tagen geht es dann also los mit<br \/>\nAusgabe 1. In den letzten Tagen hat sich einiges getan. Der Name steht fest:<br \/>\n&#8220;Radio. Menschen und Geschichten&#8221;. Ne Facebookseite gibt&#8217;s derweil auch schon:<br \/>\n<a href=\"https:\/\/www.facebook.com\/RadioMenschenGeschichten\" target=\"_blank\">https:\/\/www.facebook.com\/RadioMenschenGeschichten<\/a><br \/>\nUnd ebenso stehen die Themen f\u00fcr das Erstlingswerk:<\/p>\n<p>&#8211; HFCC &#8211; ohne diese 4 Buchstaben w\u00e4re der internationale Kurzwellenfunk nur<br \/>\nWellensalat. Wir schalten nach Istanbul, wo in dieser Woche die Konferenz tagt.<\/p>\n<p>&#8211; Sirenen k\u00f6nnen Leben retten &#8211; vorausgesetzt man weiss, was man machen muss,<br \/>\nwenn sie aufheulen. Welchen Weg da die Schweizer gehen und was das Ganze mit<br \/>\nRadio zu tun hat erfahren Sie bei uns.<\/p>\n<p>&#8211; Polen hat ein neues Mediengesetz und es wird von vielen in Europa kritisiert.<br \/>\nAber ist die Kritik berechtigt? Und welche Folgen hat das Gesetz?<\/p>\n<p>&#8211; Rico Herold &#8211; seine Stimme hat w\u00e4hrend 38 Jahren die Nachrichten im Schweizer<br \/>\nRadio verlesen, er erz\u00e4hlt uns seine Radiogeschichte und \u00fcber sein soziales<br \/>\nEngagement.<\/p>\n<p>&#8211; Aus und vorbei. Radio Schweden stellt nach 76 Jahren seine deutschsprachigen<br \/>\nSendungen ein.<\/p>\n<p>&#8211; Und &#8220;Vox Populi&#8221;: Euer Thema und Eure Meinung.<\/p>\n<p>Und die Sendezeiten sind auch schon gebucht: Kurzwelle von 10-11 Uhr auf 7310<br \/>\nkHz (live), von 12-13 Uhr auf 6005 kHz (Wiederholung) und von 17-18 Uhr auf 3985<br \/>\nkHz (Wiederholung) &#8211; Alle Zeiten in komfortabler MEZ.<\/p>\n<p>!! UND JETZT DER KNALLER !!<\/p>\n<p>Wir legen noch einen drauf. Dank eines edlen Spenders (Danke!) sind wir am 31.<br \/>\nJanuar 2016 auch von 10-11 Uhr MEZ auf 6045 kHz \u00fcber den Sender Nauen mit 100 kW<br \/>\nzu h\u00f6ren.<\/p>\n<p>Da die morgentliche Erstausstrahlung live ist, k\u00f6nnt Ihr Euch auch interaktiv an<br \/>\nder Sendung beteiligen.<\/p>\n<p>Hier schon mal die Kontaktinfos:<\/p>\n<p>Shortwaveservice Telefon: +49 (2251) 146085<br \/>\ne-Mail: info@shortwaveservice.com<\/p>\n<p>Wir h\u00f6ren uns am Sonntag \ud83d\ude42<\/p>\n<p>Info via <a href=\"http:\/\/www.ratzer.at\" target=\"_blank\">A-DX<\/a><\/p>\n","protected":false},"excerpt":{"rendered":"<p>Hallo in die Runde, Wir haben ja schon \u00fcber ein neues &#8220;Radio-im-Radio-Magazin&#8221; hier berichtet.. Dieses &#8220;Corona-freie&#8221;, Ihr wisst schon. In 5 Tagen geht es dann also los mit Ausgabe 1. In den letzten Tagen hat sich einiges getan. Der Name steht fest: &#8220;Radio. Menschen und Geschichten&#8221;. Ne Facebookseite gibt&#8217;s derweil auch schon: https:\/\/www.facebook.com\/RadioMenschenGeschichten Und ebenso &hellip; <a href=\"https:\/\/www.achimbrueckner.de\/dxradio\/php\/wordpress\/?p=7376\" class=\"more-link\">Continue reading <span class=\"screen-reader-text\">31. Januar 2016 Sonntag ab 10 Uhr MEZ: &#8220;Radio. Menschen &#038; Geschichten&#8221;<\/span><\/a><\/p>\n","protected":false},"author":1,"featured_media":0,"comment_status":"open","ping_status":"open","sticky":false,"template":"","format":"standard","meta":{"_jetpack_memberships_contains_paid_content":false,"footnotes":"","jetpack_publicize_message":"","jetpack_publicize_feature_enabled":true,"jetpack_social_post_already_shared":true,"jetpack_social_options":{"image_generator_settings":{"template":"highway","default_image_id":0,"font":"","enabled":false},"version":2}},"categories":[1,14,15,18],"tags":[24,40,45,43],"class_list":["post-7376","post","type-post","status-publish","format-standard","hentry","category-deutsch","category-dx","category-medien","category-shortwave","tag-am","tag-dx","tag-medien","tag-shortwave"],"jetpack_publicize_connections":[],"jetpack_featured_media_url":"","jetpack_sharing_enabled":true,"jetpack_shortlink":"https:\/\/wp.me\/p5CDmr-1UY","jetpack-related-posts":[{"id":7696,"url":"https:\/\/www.achimbrueckner.de\/dxradio\/php\/wordpress\/?p=7696","url_meta":{"origin":7376,"position":0},"title":"Radio. Menschen &#038; Geschichten &#8211; Februarausgabe 2016","author":"Administrator","date":"February 27, 2016","format":false,"excerpt":"am Sonntag, 28.02.2016 ist es wieder soweit: eine neue Ausgabe von \"Radio. Menschen & Geschichten\" geht an den Start. Unsere Themen: *** M\u00e4nner, Antennen und Empf\u00e4nger: Das DX Camp in Solingen - wir schalten live dort hin *** AFN in Stuttgart: Wir werfen einen Blick hinter die Kulissen *** Werner\u2026","rel":"","context":"In &quot;Deutsch&quot;","block_context":{"text":"Deutsch","link":"https:\/\/www.achimbrueckner.de\/dxradio\/php\/wordpress\/?cat=1"},"img":{"alt_text":"","src":"","width":0,"height":0},"classes":[]},{"id":15933,"url":"https:\/\/www.achimbrueckner.de\/dxradio\/php\/wordpress\/?p=15933","url_meta":{"origin":7376,"position":1},"title":"SWS Programmtipps f\u00fcr den Rest des Dezembers 2017","author":"Administrator","date":"December 16, 2017","format":false,"excerpt":"Liebe Radiofreunde, das Jahr neigt sich dem Ende zu und wir melden uns ein letztes mal mit einer \u00dcbersicht an Sondersendungen und Programmtipps. Die Dezember-Sendung von Radio. \"Menschen und Geschichten\" ist die Ausgabe, in der wir nur Radiomenschen und deren Geschichten bringen. Alexander Tauscher geht seit Jahren auf Radioreise. Er\u2026","rel":"","context":"In &quot;Deutsch&quot;","block_context":{"text":"Deutsch","link":"https:\/\/www.achimbrueckner.de\/dxradio\/php\/wordpress\/?cat=1"},"img":{"alt_text":"","src":"","width":0,"height":0},"classes":[]},{"id":8122,"url":"https:\/\/www.achimbrueckner.de\/dxradio\/php\/wordpress\/?p=8122","url_meta":{"origin":7376,"position":2},"title":"Programmtipp: Radio &#8211; Menschen &#038; Geschichten am 24.04.2016","author":"Administrator","date":"April 23, 2016","format":false,"excerpt":"Ladies and Gentlemen, freaks and monsters, schon wieder ein Monat rum; auch am kommenden Sonntag hei\u00dft es wieder \"Radio - Menschen & Geschichten\". Die inhaltliche Klammer der Sendung macht Wei\u00dfrussland. Wir schauen uns vor Ort bei Radio Belarus um und sprechen in den Radiogeschichten mit einem der Gr\u00fcndungsmitarbeiter der deutschen\u2026","rel":"","context":"In &quot;Deutsch&quot;","block_context":{"text":"Deutsch","link":"https:\/\/www.achimbrueckner.de\/dxradio\/php\/wordpress\/?cat=1"},"img":{"alt_text":"","src":"","width":0,"height":0},"classes":[]},{"id":29738,"url":"https:\/\/www.achimbrueckner.de\/dxradio\/php\/wordpress\/?p=29738","url_meta":{"origin":7376,"position":3},"title":"Radio. Menschen und Geschichten am 16. August 2020","author":"Administrator","date":"August 12, 2020","format":false,"excerpt":"Werte H\u00f6rende, Kleider machen Leute, Ereignisse machen Sendungen. Nach l\u00e4ngerer Pause treibt es das Rundfunkballett Eifel wieder auf die Bretter, die die Welt bedeuten. Da Ballett im Radio \u00e4hnlich spannend ist, wie Zeitunglesen unter Wasser, verdingen sich die Prachtelf:Innen dieses H\u00f6rfunkelaborats sprechenderweise an kommenden Sonntag (16.08.2020) Hier schon mal 2\u2026","rel":"","context":"In &quot;Deutsch&quot;","block_context":{"text":"Deutsch","link":"https:\/\/www.achimbrueckner.de\/dxradio\/php\/wordpress\/?cat=1"},"img":{"alt_text":"","src":"","width":0,"height":0},"classes":[]},{"id":10099,"url":"https:\/\/www.achimbrueckner.de\/dxradio\/php\/wordpress\/?p=10099","url_meta":{"origin":7376,"position":4},"title":"80 Jahre Radio Prag \u2013 Sondersendung auf Kurzwelle","author":"Administrator","date":"August 26, 2016","format":false,"excerpt":"Am Mittwoch, den 31.08.2016, feiert Radio Prag seinen 80. Geburtstag. Der Shortwaveservice und einige Spender (Danke!), denen Radio Prag ebenfalls sehr am Herzen liegt, bringen den tschechischen Auslandsdienst an diesem Tag zur\u00fcck auf Kurzwelle \u2013 und zwar voraussichtlich zu folgenden Zeiten: 1630-1700 UTC on 9535 kHz towards 42\u00b0 Russia (Russisch)*\u2026","rel":"","context":"In &quot;Deutsch&quot;","block_context":{"text":"Deutsch","link":"https:\/\/www.achimbrueckner.de\/dxradio\/php\/wordpress\/?cat=1"},"img":{"alt_text":"","src":"","width":0,"height":0},"classes":[]},{"id":24853,"url":"https:\/\/www.achimbrueckner.de\/dxradio\/php\/wordpress\/?p=24853","url_meta":{"origin":7376,"position":5},"title":"Radio Festival","author":"Administrator","date":"September 18, 2019","format":false,"excerpt":"die heutige Ausgabe der Bremerhavener Nordsee-Zeitung k\u00fcndigt f\u00fcr kommendes Wochenende ein dreit\u00e4giges Radio Festival im Deutschen Schifffahrtsmuseum (DSM) am Hans-Scharoun-Platz 1, in 27568 Bremerhaven an. Die \u00d6ffnungszeiten: Fr. 20.9. 1700 \u2013 2200 Uhr, Sa. 21.9. 1500 \u2013 2200 Uhr, So. 22.9. 1000 \u2013 1500 Uhr. Im Zeitungstext hei\u00dft es u.\u2026","rel":"","context":"In &quot;Deutsch&quot;","block_context":{"text":"Deutsch","link":"https:\/\/www.achimbrueckner.de\/dxradio\/php\/wordpress\/?cat=1"},"img":{"alt_text":"","src":"","width":0,"height":0},"classes":[]}],"_links":{"self":[{"href":"https:\/\/www.achimbrueckner.de\/dxradio\/php\/wordpress\/index.php?rest_route=\/wp\/v2\/posts\/7376","targetHints":{"allow":["GET"]}}],"collection":[{"href":"https:\/\/www.achimbrueckner.de\/dxradio\/php\/wordpress\/index.php?rest_route=\/wp\/v2\/posts"}],"about":[{"href":"https:\/\/www.achimbrueckner.de\/dxradio\/php\/wordpress\/index.php?rest_route=\/wp\/v2\/types\/post"}],"author":[{"embeddable":true,"href":"https:\/\/www.achimbrueckner.de\/dxradio\/php\/wordpress\/index.php?rest_route=\/wp\/v2\/users\/1"}],"replies":[{"embeddable":true,"href":"https:\/\/www.achimbrueckner.de\/dxradio\/php\/wordpress\/index.php?rest_route=%2Fwp%2Fv2%2Fcomments&post=7376"}],"version-history":[{"count":0,"href":"https:\/\/www.achimbrueckner.de\/dxradio\/php\/wordpress\/index.php?rest_route=\/wp\/v2\/posts\/7376\/revisions"}],"wp:attachment":[{"href":"https:\/\/www.achimbrueckner.de\/dxradio\/php\/wordpress\/index.php?rest_route=%2Fwp%2Fv2%2Fmedia&parent=7376"}],"wp:term":[{"taxonomy":"category","embeddable":true,"href":"https:\/\/www.achimbrueckner.de\/dxradio\/php\/wordpress\/index.php?rest_route=%2Fwp%2Fv2%2Fcategories&post=7376"},{"taxonomy":"post_tag","embeddable":true,"href":"https:\/\/www.achimbrueckner.de\/dxradio\/php\/wordpress\/index.php?rest_route=%2Fwp%2Fv2%2Ftags&post=7376"}],"curies":[{"name":"wp","href":"https:\/\/api.w.org\/{rel}","templated":true}]}}