{"id":7555,"date":"2016-02-14T08:06:28","date_gmt":"2016-02-14T08:06:28","guid":{"rendered":"https:\/\/www.achimbrueckner.de\/dxradio\/php\/wordpress\/?p=7555"},"modified":"2016-02-14T08:06:28","modified_gmt":"2016-02-14T08:06:28","slug":"perfekte-mitschnitte-so-gelingen-audioaufnahmen-mit-dem-iphone","status":"publish","type":"post","link":"https:\/\/www.achimbrueckner.de\/dxradio\/php\/wordpress\/?p=7555","title":{"rendered":"Perfekte Mitschnitte: So gelingen Audioaufnahmen mit dem iPhone"},"content":{"rendered":"<p><a href=\"http:\/\/www.spiegel.de\/netzwelt\/gadgets\/iphone-audioaufnahmen-so-gelingt-der-stoerfreie-mitschnitt-a-1076318.html\" target=\"_blank\">http:\/\/www.spiegel.de\/netzwelt\/gadgets\/iphone-audioaufnahmen-so-gelingt-der-stoerfreie-mitschnitt-a-1076318.html<\/a><\/p>\n","protected":false},"excerpt":{"rendered":"<p>http:\/\/www.spiegel.de\/netzwelt\/gadgets\/iphone-audioaufnahmen-so-gelingt-der-stoerfreie-mitschnitt-a-1076318.html<\/p>\n","protected":false},"author":1,"featured_media":0,"comment_status":"open","ping_status":"open","sticky":false,"template":"","format":"standard","meta":{"_jetpack_memberships_contains_paid_content":false,"footnotes":"","jetpack_publicize_message":"","jetpack_publicize_feature_enabled":true,"jetpack_social_post_already_shared":true,"jetpack_social_options":{"image_generator_settings":{"template":"highway","default_image_id":0,"font":"","enabled":false},"version":2}},"categories":[47,1],"tags":[19],"class_list":["post-7555","post","type-post","status-publish","format-standard","hentry","category-audio","category-deutsch","tag-audio"],"jetpack_publicize_connections":[],"jetpack_featured_media_url":"","jetpack_sharing_enabled":true,"jetpack_shortlink":"https:\/\/wp.me\/p5CDmr-1XR","jetpack-related-posts":[{"id":26167,"url":"https:\/\/www.achimbrueckner.de\/dxradio\/php\/wordpress\/?p=26167","url_meta":{"origin":7555,"position":0},"title":"Mehr Geld f\u00fcr Audio: Medienanstalt NRW f\u00f6rdert k\u00fcnftig Audio-Innovationen","author":"Administrator","date":"December 13, 2019","format":false,"excerpt":"http:\/\/www.radiowoche.de\/mehr-geld-fuer-audio-medienanstalt-nrw-foerdert-kuenftig-audio-innovationen\/","rel":"","context":"In &quot;audio&quot;","block_context":{"text":"audio","link":"https:\/\/www.achimbrueckner.de\/dxradio\/php\/wordpress\/?cat=47"},"img":{"alt_text":"","src":"","width":0,"height":0},"classes":[]},{"id":29459,"url":"https:\/\/www.achimbrueckner.de\/dxradio\/php\/wordpress\/?p=29459","url_meta":{"origin":7555,"position":1},"title":"ma 2020 Audio II: Zuw\u00e4chse bei DAB+ und Online Audio","author":"Administrator","date":"July 16, 2020","format":false,"excerpt":"http:\/\/www.radiowoche.de\/ma-2020-audio-ii-zuwaechse-bei-dab-und-online-audio\/","rel":"","context":"In &quot;audio&quot;","block_context":{"text":"audio","link":"https:\/\/www.achimbrueckner.de\/dxradio\/php\/wordpress\/?cat=47"},"img":{"alt_text":"","src":"","width":0,"height":0},"classes":[]},{"id":24712,"url":"https:\/\/www.achimbrueckner.de\/dxradio\/php\/wordpress\/?p=24712","url_meta":{"origin":7555,"position":2},"title":"Online-Audio-Monitor 2019: Zwei von drei Deutschen nutzen Online-Audio-Angebote","author":"Administrator","date":"September 10, 2019","format":false,"excerpt":"http:\/\/www.radiowoche.de\/online-audio-monitor-2019-zwei-von-drei-deutschen-nutzen-online-audio-angebote\/","rel":"","context":"In &quot;audio&quot;","block_context":{"text":"audio","link":"https:\/\/www.achimbrueckner.de\/dxradio\/php\/wordpress\/?cat=47"},"img":{"alt_text":"","src":"","width":0,"height":0},"classes":[]},{"id":11618,"url":"https:\/\/www.achimbrueckner.de\/dxradio\/php\/wordpress\/?p=11618","url_meta":{"origin":7555,"position":3},"title":"Why Facebook Live Audio is just the beginning of its bid for audio domination","author":"Administrator","date":"January 5, 2017","format":false,"excerpt":"https:\/\/www.themediabriefing.com\/article\/why-facebook-live-audio-is-just-the-beginning-of-its-bid-for-audio-domination","rel":"","context":"In &quot;audio&quot;","block_context":{"text":"audio","link":"https:\/\/www.achimbrueckner.de\/dxradio\/php\/wordpress\/?cat=47"},"img":{"alt_text":"","src":"","width":0,"height":0},"classes":[]},{"id":30920,"url":"https:\/\/www.achimbrueckner.de\/dxradio\/php\/wordpress\/?p=30920","url_meta":{"origin":7555,"position":4},"title":"ma 2020 IP Audio IV: Online-Audio-Nutzung geht zur\u00fcck \u2013 SWR3 bleibt vorne","author":"Administrator","date":"December 2, 2020","format":false,"excerpt":"https:\/\/www.radiowoche.de\/ma-2020-ip-audio-iv-online-audio-nutzung-geht-zurueck-swr3-bleibt-vorne\/","rel":"","context":"In &quot;audio&quot;","block_context":{"text":"audio","link":"https:\/\/www.achimbrueckner.de\/dxradio\/php\/wordpress\/?cat=47"},"img":{"alt_text":"","src":"","width":0,"height":0},"classes":[]},{"id":32179,"url":"https:\/\/www.achimbrueckner.de\/dxradio\/php\/wordpress\/?p=32179","url_meta":{"origin":7555,"position":5},"title":"ma 2021 IP Audio I: Online-Audio-Nutzung legt im 4. Quartal 2020 deutlich zu","author":"Administrator","date":"March 3, 2021","format":false,"excerpt":"https:\/\/www.radiowoche.de\/ma-2021-ip-audio-i-online-audio-nutzung-legt-im-4-quartal-2020-deutlich-zu\/","rel":"","context":"In &quot;audio&quot;","block_context":{"text":"audio","link":"https:\/\/www.achimbrueckner.de\/dxradio\/php\/wordpress\/?cat=47"},"img":{"alt_text":"","src":"","width":0,"height":0},"classes":[]}],"_links":{"self":[{"href":"https:\/\/www.achimbrueckner.de\/dxradio\/php\/wordpress\/index.php?rest_route=\/wp\/v2\/posts\/7555","targetHints":{"allow":["GET"]}}],"collection":[{"href":"https:\/\/www.achimbrueckner.de\/dxradio\/php\/wordpress\/index.php?rest_route=\/wp\/v2\/posts"}],"about":[{"href":"https:\/\/www.achimbrueckner.de\/dxradio\/php\/wordpress\/index.php?rest_route=\/wp\/v2\/types\/post"}],"author":[{"embeddable":true,"href":"https:\/\/www.achimbrueckner.de\/dxradio\/php\/wordpress\/index.php?rest_route=\/wp\/v2\/users\/1"}],"replies":[{"embeddable":true,"href":"https:\/\/www.achimbrueckner.de\/dxradio\/php\/wordpress\/index.php?rest_route=%2Fwp%2Fv2%2Fcomments&post=7555"}],"version-history":[{"count":0,"href":"https:\/\/www.achimbrueckner.de\/dxradio\/php\/wordpress\/index.php?rest_route=\/wp\/v2\/posts\/7555\/revisions"}],"wp:attachment":[{"href":"https:\/\/www.achimbrueckner.de\/dxradio\/php\/wordpress\/index.php?rest_route=%2Fwp%2Fv2%2Fmedia&parent=7555"}],"wp:term":[{"taxonomy":"category","embeddable":true,"href":"https:\/\/www.achimbrueckner.de\/dxradio\/php\/wordpress\/index.php?rest_route=%2Fwp%2Fv2%2Fcategories&post=7555"},{"taxonomy":"post_tag","embeddable":true,"href":"https:\/\/www.achimbrueckner.de\/dxradio\/php\/wordpress\/index.php?rest_route=%2Fwp%2Fv2%2Ftags&post=7555"}],"curies":[{"name":"wp","href":"https:\/\/api.w.org\/{rel}","templated":true}]}}