{"id":758,"date":"2009-12-10T12:57:54","date_gmt":"2009-12-10T12:57:54","guid":{"rendered":"https:\/\/www.achimbrueckner.de\/dxradio\/php\/wordpress\/?p=758"},"modified":"2009-12-10T12:57:54","modified_gmt":"2009-12-10T12:57:54","slug":"radioseiten","status":"publish","type":"post","link":"https:\/\/www.achimbrueckner.de\/dxradio\/php\/wordpress\/?p=758","title":{"rendered":"Radioseiten"},"content":{"rendered":"<p>Airchecks und mehr<\/p>\n<p><a href=\"http:\/\/www.radioseiten.de\/index.html\">http:\/\/www.radioseiten.de\/index.html<\/a><\/p>\n<p>Info via <a href=\"http:\/\/www.fmkompakt.de\/cms\/website.php?id=\/de\/news.htm\">fmkompakt<\/a><\/p>\n","protected":false},"excerpt":{"rendered":"<p>Airchecks und mehr http:\/\/www.radioseiten.de\/index.html Info via fmkompakt<\/p>\n","protected":false},"author":1,"featured_media":0,"comment_status":"open","ping_status":"open","sticky":false,"template":"","format":"standard","meta":{"_jetpack_memberships_contains_paid_content":false,"footnotes":"","jetpack_publicize_message":"","jetpack_publicize_feature_enabled":true,"jetpack_social_post_already_shared":false,"jetpack_social_options":{"image_generator_settings":{"template":"highway","default_image_id":0,"font":"","enabled":false},"version":2}},"categories":[7],"tags":[28],"class_list":["post-758","post","type-post","status-publish","format-standard","hentry","category-links","tag-fm"],"jetpack_publicize_connections":[],"jetpack_featured_media_url":"","jetpack_sharing_enabled":true,"jetpack_shortlink":"https:\/\/wp.me\/p5CDmr-ce","jetpack-related-posts":[{"id":615,"url":"https:\/\/www.achimbrueckner.de\/dxradio\/php\/wordpress\/?p=615","url_meta":{"origin":758,"position":0},"title":"Privatradio M\u00fcnchen","author":"Administrator","date":"October 22, 2009","format":false,"excerpt":"Peter Pelunka hat einige Audio-Mitschnitte aus den Anf\u00e4ngen des Privatradios online gestellt: http:\/\/www.peterpelunka.de\/00000198700c24306\/index.html Info via fmkompakt","rel":"","context":"In &quot;links&quot;","block_context":{"text":"links","link":"https:\/\/www.achimbrueckner.de\/dxradio\/php\/wordpress\/?cat=7"},"img":{"alt_text":"","src":"","width":0,"height":0},"classes":[]},{"id":2481,"url":"https:\/\/www.achimbrueckner.de\/dxradio\/php\/wordpress\/?p=2481","url_meta":{"origin":758,"position":1},"title":"Australian radio airchecks at my web page","author":"Administrator","date":"April 11, 2013","format":false,"excerpt":"taped some radio station airchecks during a vacation I took there in April 1986. MP3's of these can be found of these at my web page of Aussie radio airchecks http:\/\/www.wa2ise.com\/aussie_airchecks_apr86\/ Stations such as 2ws 2sm 3xy eon 3rrr 3ak 4am 4ca 3mmm 2day 8ha 2sm Info via radioshare","rel":"","context":"In &quot;links&quot;","block_context":{"text":"links","link":"https:\/\/www.achimbrueckner.de\/dxradio\/php\/wordpress\/?cat=7"},"img":{"alt_text":"","src":"","width":0,"height":0},"classes":[]},{"id":405,"url":"https:\/\/www.achimbrueckner.de\/dxradio\/php\/wordpress\/?p=405","url_meta":{"origin":758,"position":2},"title":"FMK Radiotreffen","author":"Administrator","date":"September 30, 2008","format":false,"excerpt":"Das n\u00e4chste und vorerst LETZTE FMK-Radiotreffen wird in Verbindung mit dem DX-Camp des Rhein- Main-Radio-Clubs in Langenselbold stattfinden. FM KOMPAKT wird vom Freitag, dem 03. 10. (sp\u00e4tmittags), bis Sonntag, dem 05. 10. 2008, \"vor Ort\" sein. F\u00fcr Samstag, dem 04. 10., haben sich u.a. Roger Kirk, Nick Barker, Christian Br\u00fclhart,\u2026","rel":"","context":"In &quot;camps&quot;","block_context":{"text":"camps","link":"https:\/\/www.achimbrueckner.de\/dxradio\/php\/wordpress\/?cat=5"},"img":{"alt_text":"","src":"","width":0,"height":0},"classes":[]},{"id":1003,"url":"https:\/\/www.achimbrueckner.de\/dxradio\/php\/wordpress\/?p=1003","url_meta":{"origin":758,"position":3},"title":"AFTRS","author":"Administrator","date":"May 1, 2010","format":false,"excerpt":"Great site of AFRTS airchecks: http:\/\/afrtsarchive.blogspot.com\/ Info via RadioCarolineMailinglist","rel":"","context":"In &quot;links&quot;","block_context":{"text":"links","link":"https:\/\/www.achimbrueckner.de\/dxradio\/php\/wordpress\/?cat=7"},"img":{"alt_text":"","src":"","width":0,"height":0},"classes":[]},{"id":332,"url":"https:\/\/www.achimbrueckner.de\/dxradio\/php\/wordpress\/?p=332","url_meta":{"origin":758,"position":4},"title":"Wittsmoorliste","author":"Administrator","date":"June 1, 2007","format":false,"excerpt":"Die Wittsmoorliste ist jetzt auch online erreichbar unter http:\/\/www.irt.de\/wittsmoor\/index.html. Sie liefert umfassendes Datenmaterial \u00fcber UKW- und TV-Sender in Deutschland. Info via Radioforum ukwtv.de","rel":"","context":"In &quot;links&quot;","block_context":{"text":"links","link":"https:\/\/www.achimbrueckner.de\/dxradio\/php\/wordpress\/?cat=7"},"img":{"alt_text":"","src":"","width":0,"height":0},"classes":[]},{"id":34244,"url":"https:\/\/www.achimbrueckner.de\/dxradio\/php\/wordpress\/?p=34244","url_meta":{"origin":758,"position":5},"title":"FM Kompakt","author":"Administrator","date":"December 25, 2021","format":false,"excerpt":"FM Kompakt w\u00fcnscht allen Lesern und Freunden FROHE Weihnachten, entspannte Tage und einen ganz sanften Rutsch in ein gesundes und gl\u00fcckliches Neues Jahr! Passt auf euch auf! FMK besuchte in diesem Jahr die Landesanstalt f\u00fcr Kommunikation, das S\u00fcddeutsche Radiomuseum in Hardthausen, sowie das Inselradio Mallorca in dessen neuen R\u00e4umen. Wir\u2026","rel":"","context":"In &quot;Deutsch&quot;","block_context":{"text":"Deutsch","link":"https:\/\/www.achimbrueckner.de\/dxradio\/php\/wordpress\/?cat=1"},"img":{"alt_text":"","src":"","width":0,"height":0},"classes":[]}],"_links":{"self":[{"href":"https:\/\/www.achimbrueckner.de\/dxradio\/php\/wordpress\/index.php?rest_route=\/wp\/v2\/posts\/758","targetHints":{"allow":["GET"]}}],"collection":[{"href":"https:\/\/www.achimbrueckner.de\/dxradio\/php\/wordpress\/index.php?rest_route=\/wp\/v2\/posts"}],"about":[{"href":"https:\/\/www.achimbrueckner.de\/dxradio\/php\/wordpress\/index.php?rest_route=\/wp\/v2\/types\/post"}],"author":[{"embeddable":true,"href":"https:\/\/www.achimbrueckner.de\/dxradio\/php\/wordpress\/index.php?rest_route=\/wp\/v2\/users\/1"}],"replies":[{"embeddable":true,"href":"https:\/\/www.achimbrueckner.de\/dxradio\/php\/wordpress\/index.php?rest_route=%2Fwp%2Fv2%2Fcomments&post=758"}],"version-history":[{"count":0,"href":"https:\/\/www.achimbrueckner.de\/dxradio\/php\/wordpress\/index.php?rest_route=\/wp\/v2\/posts\/758\/revisions"}],"wp:attachment":[{"href":"https:\/\/www.achimbrueckner.de\/dxradio\/php\/wordpress\/index.php?rest_route=%2Fwp%2Fv2%2Fmedia&parent=758"}],"wp:term":[{"taxonomy":"category","embeddable":true,"href":"https:\/\/www.achimbrueckner.de\/dxradio\/php\/wordpress\/index.php?rest_route=%2Fwp%2Fv2%2Fcategories&post=758"},{"taxonomy":"post_tag","embeddable":true,"href":"https:\/\/www.achimbrueckner.de\/dxradio\/php\/wordpress\/index.php?rest_route=%2Fwp%2Fv2%2Ftags&post=758"}],"curies":[{"name":"wp","href":"https:\/\/api.w.org\/{rel}","templated":true}]}}