{"id":7632,"date":"2016-02-19T23:45:35","date_gmt":"2016-02-19T23:45:35","guid":{"rendered":"https:\/\/www.achimbrueckner.de\/dxradio\/php\/wordpress\/?p=7632"},"modified":"2016-02-19T23:45:35","modified_gmt":"2016-02-19T23:45:35","slug":"von-der-halde-schicken-sie-signale-bis-nach-schottland","status":"publish","type":"post","link":"https:\/\/www.achimbrueckner.de\/dxradio\/php\/wordpress\/?p=7632","title":{"rendered":"Von der Halde schicken sie Signale bis nach Schottland"},"content":{"rendered":"<p><a href=\"http:\/\/www.derwesten.de\/panorama\/wochenende\/von-der-halde-schicken-sie-signale-bis-nach-schottland-id11581687.html\" target=\"_blank\">http:\/\/www.derwesten.de\/panorama\/wochenende\/von-der-halde-schicken-sie-signale-bis-nach-schottland-id11581687.html<\/a><\/p>\n","protected":false},"excerpt":{"rendered":"<p>http:\/\/www.derwesten.de\/panorama\/wochenende\/von-der-halde-schicken-sie-signale-bis-nach-schottland-id11581687.html<\/p>\n","protected":false},"author":1,"featured_media":0,"comment_status":"open","ping_status":"open","sticky":false,"template":"","format":"standard","meta":{"_jetpack_memberships_contains_paid_content":false,"footnotes":"","jetpack_publicize_message":"","jetpack_publicize_feature_enabled":true,"jetpack_social_post_already_shared":true,"jetpack_social_options":{"image_generator_settings":{"template":"highway","default_image_id":0,"font":"","enabled":false},"version":2}},"categories":[1],"tags":[24],"class_list":["post-7632","post","type-post","status-publish","format-standard","hentry","category-deutsch","tag-am"],"jetpack_publicize_connections":[],"jetpack_featured_media_url":"","jetpack_sharing_enabled":true,"jetpack_shortlink":"https:\/\/wp.me\/p5CDmr-1Z6","jetpack-related-posts":[{"id":5595,"url":"https:\/\/www.achimbrueckner.de\/dxradio\/php\/wordpress\/?p=5595","url_meta":{"origin":7632,"position":0},"title":"Von Leuchtturm zu Leuchtturm: Bremer Funkamateure schicken Signale um die ganze Welt Funker-Poesie am Molenturm","author":"Administrator","date":"August 16, 2015","format":false,"excerpt":"http:\/\/www.weser-kurier.de\/startseite_artikel,-Funker-Poesie-am-Molenturm-_arid,1188312.html","rel":"","context":"In &quot;Deutsch&quot;","block_context":{"text":"Deutsch","link":"https:\/\/www.achimbrueckner.de\/dxradio\/php\/wordpress\/?cat=1"},"img":{"alt_text":"","src":"","width":0,"height":0},"classes":[]},{"id":3140,"url":"https:\/\/www.achimbrueckner.de\/dxradio\/php\/wordpress\/?p=3140","url_meta":{"origin":7632,"position":1},"title":"Diplomkontest des RTI Hoererklubs Ottenau aus Anlass des 33. ueberregionalen DX-Treffens in Ottenau","author":"Administrator","date":"May 5, 2014","format":false,"excerpt":"Aus Anlass des 33. \u00fcberregionalen DX-Treffens und RTI H\u00f6rertreffens am 10. Mai 2014 im Steakhouse Strauss in Ottenau (Treffpunkt ab 13 Uhr mitteleurop\u00e4ischer Sommerzeit in der Marxstrasse 12) f\u00fchrt unser RTI H\u00f6rerklub Ottenau auch in diesem Jahr wieder einen Diplomkontest durch. Zu empfangen sind im Zeitraum zwischen Freitag 9. und\u2026","rel":"","context":"In &quot;contests&quot;","block_context":{"text":"contests","link":"https:\/\/www.achimbrueckner.de\/dxradio\/php\/wordpress\/?cat=6"},"img":{"alt_text":"","src":"","width":0,"height":0},"classes":[]},{"id":354,"url":"https:\/\/www.achimbrueckner.de\/dxradio\/php\/wordpress\/?p=354","url_meta":{"origin":7632,"position":2},"title":"Wellenforum Christmas Contest","author":"Administrator","date":"December 3, 2007","format":false,"excerpt":"3. wellenforum Christmas Contest 1. Zeitraum: In der Zeit vom 22.12.2007 (00.00 UTC) bis 06.01.2008 (24.00 UTC) richtet das wellenforum den 3. wellenforum Christmas Contest aus. 2. Stationen Im Contestzeitraum sind die Stationen aus den nachfolgenden Sendegebieten zu h\u00f6ren, die auf der Lang- oder Mittelwelle senden. Europa (18): Azoren, Balearen,\u2026","rel":"","context":"In &quot;contests&quot;","block_context":{"text":"contests","link":"https:\/\/www.achimbrueckner.de\/dxradio\/php\/wordpress\/?cat=6"},"img":{"alt_text":"","src":"","width":0,"height":0},"classes":[]},{"id":870,"url":"https:\/\/www.achimbrueckner.de\/dxradio\/php\/wordpress\/?p=870","url_meta":{"origin":7632,"position":3},"title":"adxb-DL Fu\u00dfball-WM 2010 Kontest","author":"Administrator","date":"January 23, 2010","format":false,"excerpt":"Die Assoziation junger DXer e.V. (adxb-DL) richtet aus Anlass der Fu\u00dfball-Weltmeisterschaft 2010 in S\u00fcdafrika vom 11. Juni bis 11. Juli 2010 einen Kontest aus. Jeder Kurzwellenh\u00f6rer ist eingeladen, daran teilzunehmen. Eine Mitgliedschaft in einem Kurzwellenh\u00f6rerverein ist nicht erforderlich. Zu h\u00f6ren ist jeweils eine Rundfunkstation aus den 32 an der WM\u2026","rel":"","context":"In &quot;contests&quot;","block_context":{"text":"contests","link":"https:\/\/www.achimbrueckner.de\/dxradio\/php\/wordpress\/?cat=6"},"img":{"alt_text":"","src":"","width":0,"height":0},"classes":[]},{"id":13628,"url":"https:\/\/www.achimbrueckner.de\/dxradio\/php\/wordpress\/?p=13628","url_meta":{"origin":7632,"position":4},"title":"Boulevardblatt The Sun macht in Schottland Radio","author":"Administrator","date":"July 9, 2017","format":false,"excerpt":"http:\/\/www.radiowoche.de\/baoulevardblatt-the-sun-macht-in-schottland-radio\/","rel":"","context":"In &quot;Deutsch&quot;","block_context":{"text":"Deutsch","link":"https:\/\/www.achimbrueckner.de\/dxradio\/php\/wordpress\/?cat=1"},"img":{"alt_text":"","src":"","width":0,"height":0},"classes":[]},{"id":18290,"url":"https:\/\/www.achimbrueckner.de\/dxradio\/php\/wordpress\/?p=18290","url_meta":{"origin":7632,"position":5},"title":"Europa: News aus Flandern, Luxemburg, Tschechien und Schottland","author":"Administrator","date":"June 18, 2018","format":false,"excerpt":"http:\/\/www.radiowoche.de\/europa-news-aus-flandern-luxemburg-tschechien-und-schottland\/","rel":"","context":"In &quot;Deutsch&quot;","block_context":{"text":"Deutsch","link":"https:\/\/www.achimbrueckner.de\/dxradio\/php\/wordpress\/?cat=1"},"img":{"alt_text":"","src":"","width":0,"height":0},"classes":[]}],"_links":{"self":[{"href":"https:\/\/www.achimbrueckner.de\/dxradio\/php\/wordpress\/index.php?rest_route=\/wp\/v2\/posts\/7632","targetHints":{"allow":["GET"]}}],"collection":[{"href":"https:\/\/www.achimbrueckner.de\/dxradio\/php\/wordpress\/index.php?rest_route=\/wp\/v2\/posts"}],"about":[{"href":"https:\/\/www.achimbrueckner.de\/dxradio\/php\/wordpress\/index.php?rest_route=\/wp\/v2\/types\/post"}],"author":[{"embeddable":true,"href":"https:\/\/www.achimbrueckner.de\/dxradio\/php\/wordpress\/index.php?rest_route=\/wp\/v2\/users\/1"}],"replies":[{"embeddable":true,"href":"https:\/\/www.achimbrueckner.de\/dxradio\/php\/wordpress\/index.php?rest_route=%2Fwp%2Fv2%2Fcomments&post=7632"}],"version-history":[{"count":0,"href":"https:\/\/www.achimbrueckner.de\/dxradio\/php\/wordpress\/index.php?rest_route=\/wp\/v2\/posts\/7632\/revisions"}],"wp:attachment":[{"href":"https:\/\/www.achimbrueckner.de\/dxradio\/php\/wordpress\/index.php?rest_route=%2Fwp%2Fv2%2Fmedia&parent=7632"}],"wp:term":[{"taxonomy":"category","embeddable":true,"href":"https:\/\/www.achimbrueckner.de\/dxradio\/php\/wordpress\/index.php?rest_route=%2Fwp%2Fv2%2Fcategories&post=7632"},{"taxonomy":"post_tag","embeddable":true,"href":"https:\/\/www.achimbrueckner.de\/dxradio\/php\/wordpress\/index.php?rest_route=%2Fwp%2Fv2%2Ftags&post=7632"}],"curies":[{"name":"wp","href":"https:\/\/api.w.org\/{rel}","templated":true}]}}