{"id":7853,"date":"2016-03-17T17:39:40","date_gmt":"2016-03-17T17:39:40","guid":{"rendered":"https:\/\/www.achimbrueckner.de\/dxradio\/php\/wordpress\/?p=7853"},"modified":"2016-03-17T17:39:40","modified_gmt":"2016-03-17T17:39:40","slug":"orf-zeigt-wenig-interesse-an-ausbau-von-digitalradio-in-osterreich","status":"publish","type":"post","link":"https:\/\/www.achimbrueckner.de\/dxradio\/php\/wordpress\/?p=7853","title":{"rendered":"ORF zeigt wenig Interesse an Ausbau von Digitalradio in \u00d6sterreich"},"content":{"rendered":"<p><a href=\"http:\/\/derstandard.at\/2000033028129\/ORF-zeigt-wenig-Interesse-an-Ausbau-von-Digital-Radio-in\" target=\"_blank\">http:\/\/derstandard.at\/2000033028129\/ORF-zeigt-wenig-Interesse-an-Ausbau-von-Digital-Radio-in<\/a><\/p>\n","protected":false},"excerpt":{"rendered":"<p>http:\/\/derstandard.at\/2000033028129\/ORF-zeigt-wenig-Interesse-an-Ausbau-von-Digital-Radio-in<\/p>\n","protected":false},"author":1,"featured_media":0,"comment_status":"open","ping_status":"open","sticky":false,"template":"","format":"standard","meta":{"_jetpack_memberships_contains_paid_content":false,"footnotes":"","jetpack_publicize_message":"","jetpack_publicize_feature_enabled":true,"jetpack_social_post_already_shared":true,"jetpack_social_options":{"image_generator_settings":{"template":"highway","default_image_id":0,"font":"","enabled":false},"version":2}},"categories":[1],"tags":[32],"class_list":["post-7853","post","type-post","status-publish","format-standard","hentry","category-deutsch","tag-digitalradio"],"jetpack_publicize_connections":[],"jetpack_featured_media_url":"","jetpack_sharing_enabled":true,"jetpack_shortlink":"https:\/\/wp.me\/p5CDmr-22F","jetpack-related-posts":[{"id":39939,"url":"https:\/\/www.achimbrueckner.de\/dxradio\/php\/wordpress\/?p=39939","url_meta":{"origin":7853,"position":0},"title":"\u00d6sterreich: Gro\u00dfe Pl\u00e4ne mit Digitalradio DAB+","author":"Administrator","date":"July 31, 2023","format":false,"excerpt":"https:\/\/www.teltarif.de\/dab-plus-oesterreich-ausbau-orf-radio\/news\/92608.html","rel":"","context":"In &quot;Deutsch&quot;","block_context":{"text":"Deutsch","link":"https:\/\/www.achimbrueckner.de\/dxradio\/php\/wordpress\/?cat=1"},"img":{"alt_text":"","src":"","width":0,"height":0},"classes":[]},{"id":26125,"url":"https:\/\/www.achimbrueckner.de\/dxradio\/php\/wordpress\/?p=26125","url_meta":{"origin":7853,"position":1},"title":"Zeitung: ORF soll politisch gegen Ausbau von DAB+ interveniert haben","author":"Administrator","date":"December 11, 2019","format":false,"excerpt":"https:\/\/www.satellifax.de\/mlesen.php?id=50173eaa2f9abaf953d378566eefb6c1","rel":"","context":"In &quot;Deutsch&quot;","block_context":{"text":"Deutsch","link":"https:\/\/www.achimbrueckner.de\/dxradio\/php\/wordpress\/?cat=1"},"img":{"alt_text":"","src":"","width":0,"height":0},"classes":[]},{"id":13903,"url":"https:\/\/www.achimbrueckner.de\/dxradio\/php\/wordpress\/?p=13903","url_meta":{"origin":7853,"position":2},"title":"Ausbau der Marktf\u00fchrerschaft der ORF-Radios","author":"Administrator","date":"July 27, 2017","format":false,"excerpt":"http:\/\/www.radioszene.de\/108814\/orf-marktfuehrer.html","rel":"","context":"In &quot;Deutsch&quot;","block_context":{"text":"Deutsch","link":"https:\/\/www.achimbrueckner.de\/dxradio\/php\/wordpress\/?cat=1"},"img":{"alt_text":"","src":"","width":0,"height":0},"classes":[]},{"id":10984,"url":"https:\/\/www.achimbrueckner.de\/dxradio\/php\/wordpress\/?p=10984","url_meta":{"origin":7853,"position":3},"title":"ORF beteiligt sich nicht an Digitalradio DAB+","author":"Administrator","date":"November 9, 2016","format":false,"excerpt":"http:\/\/www.salzburg.com\/nachrichten\/medien\/sn\/artikel\/orf-beteiligt-sich-nicht-an-digitalradio-dab-221498\/","rel":"","context":"In &quot;Deutsch&quot;","block_context":{"text":"Deutsch","link":"https:\/\/www.achimbrueckner.de\/dxradio\/php\/wordpress\/?cat=1"},"img":{"alt_text":"","src":"","width":0,"height":0},"classes":[]},{"id":42181,"url":"https:\/\/www.achimbrueckner.de\/dxradio\/php\/wordpress\/?p=42181","url_meta":{"origin":7853,"position":4},"title":"DAB+: SWR k\u00fcndigt Ausbau von Digitalradio an","author":"Administrator","date":"February 1, 2025","format":false,"excerpt":"https:\/\/www.teltarif.de\/dabplus-radio-digitalradio-swr-berlin-brandenburg\/news\/97720.html","rel":"","context":"In &quot;Deutsch&quot;","block_context":{"text":"Deutsch","link":"https:\/\/www.achimbrueckner.de\/dxradio\/php\/wordpress\/?cat=1"},"img":{"alt_text":"","src":"","width":0,"height":0},"classes":[]},{"id":28953,"url":"https:\/\/www.achimbrueckner.de\/dxradio\/php\/wordpress\/?p=28953","url_meta":{"origin":7853,"position":5},"title":"DAB+-Ausbau von Erh\u00f6hung des Rundfunkbeitrags abh\u00e4ngig","author":"Administrator","date":"June 4, 2020","format":false,"excerpt":"https:\/\/www.teltarif.de\/digitalradio-dab-plus-rundfubnkbeitrag\/news\/80836.html","rel":"","context":"In &quot;Deutsch&quot;","block_context":{"text":"Deutsch","link":"https:\/\/www.achimbrueckner.de\/dxradio\/php\/wordpress\/?cat=1"},"img":{"alt_text":"","src":"","width":0,"height":0},"classes":[]}],"_links":{"self":[{"href":"https:\/\/www.achimbrueckner.de\/dxradio\/php\/wordpress\/index.php?rest_route=\/wp\/v2\/posts\/7853","targetHints":{"allow":["GET"]}}],"collection":[{"href":"https:\/\/www.achimbrueckner.de\/dxradio\/php\/wordpress\/index.php?rest_route=\/wp\/v2\/posts"}],"about":[{"href":"https:\/\/www.achimbrueckner.de\/dxradio\/php\/wordpress\/index.php?rest_route=\/wp\/v2\/types\/post"}],"author":[{"embeddable":true,"href":"https:\/\/www.achimbrueckner.de\/dxradio\/php\/wordpress\/index.php?rest_route=\/wp\/v2\/users\/1"}],"replies":[{"embeddable":true,"href":"https:\/\/www.achimbrueckner.de\/dxradio\/php\/wordpress\/index.php?rest_route=%2Fwp%2Fv2%2Fcomments&post=7853"}],"version-history":[{"count":0,"href":"https:\/\/www.achimbrueckner.de\/dxradio\/php\/wordpress\/index.php?rest_route=\/wp\/v2\/posts\/7853\/revisions"}],"wp:attachment":[{"href":"https:\/\/www.achimbrueckner.de\/dxradio\/php\/wordpress\/index.php?rest_route=%2Fwp%2Fv2%2Fmedia&parent=7853"}],"wp:term":[{"taxonomy":"category","embeddable":true,"href":"https:\/\/www.achimbrueckner.de\/dxradio\/php\/wordpress\/index.php?rest_route=%2Fwp%2Fv2%2Fcategories&post=7853"},{"taxonomy":"post_tag","embeddable":true,"href":"https:\/\/www.achimbrueckner.de\/dxradio\/php\/wordpress\/index.php?rest_route=%2Fwp%2Fv2%2Ftags&post=7853"}],"curies":[{"name":"wp","href":"https:\/\/api.w.org\/{rel}","templated":true}]}}