{"id":8123,"date":"2016-04-24T17:59:00","date_gmt":"2016-04-24T17:59:00","guid":{"rendered":"https:\/\/www.achimbrueckner.de\/dxradio\/php\/wordpress\/?p=8123"},"modified":"2016-04-24T17:59:00","modified_gmt":"2016-04-24T17:59:00","slug":"bundesliga-schreibt-audiorechte-neu-aus","status":"publish","type":"post","link":"https:\/\/www.achimbrueckner.de\/dxradio\/php\/wordpress\/?p=8123","title":{"rendered":"Bundesliga schreibt Audiorechte neu aus"},"content":{"rendered":"<p><a href=\"http:\/\/www.radiowoche.de\/bundesliga-schreibt-audiorechte-neu-aus\/\" target=\"_blank\">http:\/\/www.radiowoche.de\/bundesliga-schreibt-audiorechte-neu-aus\/<\/a><\/p>\n","protected":false},"excerpt":{"rendered":"<p>http:\/\/www.radiowoche.de\/bundesliga-schreibt-audiorechte-neu-aus\/<\/p>\n","protected":false},"author":1,"featured_media":0,"comment_status":"open","ping_status":"open","sticky":false,"template":"","format":"standard","meta":{"_jetpack_memberships_contains_paid_content":false,"footnotes":"","jetpack_publicize_message":"","jetpack_publicize_feature_enabled":true,"jetpack_social_post_already_shared":true,"jetpack_social_options":{"image_generator_settings":{"template":"highway","default_image_id":0,"font":"","enabled":false},"version":2}},"categories":[47,1],"tags":[19],"class_list":["post-8123","post","type-post","status-publish","format-standard","hentry","category-audio","category-deutsch","tag-audio"],"jetpack_publicize_connections":[],"jetpack_featured_media_url":"","jetpack_sharing_enabled":true,"jetpack_shortlink":"https:\/\/wp.me\/p5CDmr-271","jetpack-related-posts":[{"id":29176,"url":"https:\/\/www.achimbrueckner.de\/dxradio\/php\/wordpress\/?p=29176","url_meta":{"origin":8123,"position":0},"title":"ARD erwirbt Bundesliga-Audiorechte","author":"Administrator","date":"June 23, 2020","format":false,"excerpt":"http:\/\/www.radiowoche.de\/ard-erwirbt-bundesliga-audiorechte\/","rel":"","context":"In &quot;audio&quot;","block_context":{"text":"audio","link":"https:\/\/www.achimbrueckner.de\/dxradio\/php\/wordpress\/?cat=47"},"img":{"alt_text":"","src":"","width":0,"height":0},"classes":[]},{"id":22689,"url":"https:\/\/www.achimbrueckner.de\/dxradio\/php\/wordpress\/?p=22689","url_meta":{"origin":8123,"position":1},"title":"Luxemburg schreibt UKW-Kette neu aus","author":"Administrator","date":"April 13, 2019","format":false,"excerpt":"http:\/\/www.radiowoche.de\/luxemburg-schreibt-ukw-kette-neu-aus\/","rel":"","context":"In &quot;Deutsch&quot;","block_context":{"text":"Deutsch","link":"https:\/\/www.achimbrueckner.de\/dxradio\/php\/wordpress\/?cat=1"},"img":{"alt_text":"","src":"","width":0,"height":0},"classes":[]},{"id":22908,"url":"https:\/\/www.achimbrueckner.de\/dxradio\/php\/wordpress\/?p=22908","url_meta":{"origin":8123,"position":2},"title":"Th\u00fcringer Medienanstalt schreibt UKW-Frequenzen der B\u00fcrgerradios neu aus","author":"Administrator","date":"April 27, 2019","format":false,"excerpt":"http:\/\/www.radiowoche.de\/thueringer-medienanstalt-schreibt-ukw-frequenzen-der-buergerradios-neu-aus\/","rel":"","context":"In &quot;Deutsch&quot;","block_context":{"text":"Deutsch","link":"https:\/\/www.achimbrueckner.de\/dxradio\/php\/wordpress\/?cat=1"},"img":{"alt_text":"","src":"","width":0,"height":0},"classes":[]},{"id":43901,"url":"https:\/\/www.achimbrueckner.de\/dxradio\/php\/wordpress\/?p=43901","url_meta":{"origin":8123,"position":3},"title":"80s80s zieht sich von UKW zur\u00fcck \u2013 Medienanstalt schreibt Frequenzen neu aus","author":"Administrator","date":"September 26, 2025","format":false,"excerpt":"https:\/\/www.radiowoche.de\/80s80s-zieht-sich-von-ukw-zurueck-medienanstalt-schreibt-frequenzen-neu-aus\/","rel":"","context":"In &quot;Deutsch&quot;","block_context":{"text":"Deutsch","link":"https:\/\/www.achimbrueckner.de\/dxradio\/php\/wordpress\/?cat=1"},"img":{"alt_text":"","src":"","width":0,"height":0},"classes":[]},{"id":43610,"url":"https:\/\/www.achimbrueckner.de\/dxradio\/php\/wordpress\/?p=43610","url_meta":{"origin":8123,"position":4},"title":"BLM schreibt DAB+ Sendeplatz von egoFM neu aus","author":"Administrator","date":"August 20, 2025","format":false,"excerpt":"https:\/\/www.radioblog.eu\/2025\/08\/20\/blm-schreibt-dab-sendeplatz-von-egofm-neu-aus\/","rel":"","context":"In &quot;Deutsch&quot;","block_context":{"text":"Deutsch","link":"https:\/\/www.achimbrueckner.de\/dxradio\/php\/wordpress\/?cat=1"},"img":{"alt_text":"","src":"","width":0,"height":0},"classes":[]},{"id":2423,"url":"https:\/\/www.achimbrueckner.de\/dxradio\/php\/wordpress\/?p=2423","url_meta":{"origin":8123,"position":5},"title":"Radio 90elf verliert Radiorechte f\u00fcr Bundesliga","author":"Administrator","date":"March 19, 2013","format":false,"excerpt":"Hallo allerseits, heute hat die Deutsche Fu\u00dfballliga (DFL) die H\u00f6rfunk-\u00dcbertragungs-Rechte f\u00fcr die erste und zweite Bundesliga f\u00fcr die 4 Spielzeiten beginnend mit der Saison 2013\/14 neu vergeben. Den Zuschlag erhielt dabei der Fernsehsender Sport1, was bedeutet, dass Radio 90elf das Nachsehen hat. 90elf ist mit einer Reichweite von einigen Hunderttausend\u2026","rel":"","context":"In &quot;Deutsch&quot;","block_context":{"text":"Deutsch","link":"https:\/\/www.achimbrueckner.de\/dxradio\/php\/wordpress\/?cat=1"},"img":{"alt_text":"","src":"","width":0,"height":0},"classes":[]}],"_links":{"self":[{"href":"https:\/\/www.achimbrueckner.de\/dxradio\/php\/wordpress\/index.php?rest_route=\/wp\/v2\/posts\/8123","targetHints":{"allow":["GET"]}}],"collection":[{"href":"https:\/\/www.achimbrueckner.de\/dxradio\/php\/wordpress\/index.php?rest_route=\/wp\/v2\/posts"}],"about":[{"href":"https:\/\/www.achimbrueckner.de\/dxradio\/php\/wordpress\/index.php?rest_route=\/wp\/v2\/types\/post"}],"author":[{"embeddable":true,"href":"https:\/\/www.achimbrueckner.de\/dxradio\/php\/wordpress\/index.php?rest_route=\/wp\/v2\/users\/1"}],"replies":[{"embeddable":true,"href":"https:\/\/www.achimbrueckner.de\/dxradio\/php\/wordpress\/index.php?rest_route=%2Fwp%2Fv2%2Fcomments&post=8123"}],"version-history":[{"count":0,"href":"https:\/\/www.achimbrueckner.de\/dxradio\/php\/wordpress\/index.php?rest_route=\/wp\/v2\/posts\/8123\/revisions"}],"wp:attachment":[{"href":"https:\/\/www.achimbrueckner.de\/dxradio\/php\/wordpress\/index.php?rest_route=%2Fwp%2Fv2%2Fmedia&parent=8123"}],"wp:term":[{"taxonomy":"category","embeddable":true,"href":"https:\/\/www.achimbrueckner.de\/dxradio\/php\/wordpress\/index.php?rest_route=%2Fwp%2Fv2%2Fcategories&post=8123"},{"taxonomy":"post_tag","embeddable":true,"href":"https:\/\/www.achimbrueckner.de\/dxradio\/php\/wordpress\/index.php?rest_route=%2Fwp%2Fv2%2Ftags&post=8123"}],"curies":[{"name":"wp","href":"https:\/\/api.w.org\/{rel}","templated":true}]}}