{"id":8184,"date":"2016-04-30T09:21:45","date_gmt":"2016-04-30T09:21:45","guid":{"rendered":"https:\/\/www.achimbrueckner.de\/dxradio\/php\/wordpress\/?p=8184"},"modified":"2016-04-30T09:21:45","modified_gmt":"2016-04-30T09:21:45","slug":"bohmermann-goes-spotify-ein-glucksfall-furs-radio","status":"publish","type":"post","link":"https:\/\/www.achimbrueckner.de\/dxradio\/php\/wordpress\/?p=8184","title":{"rendered":"B\u00f6hmermann goes Spotify: Ein Gl\u00fccksfall f\u00fcrs Radio?"},"content":{"rendered":"<p><a href=\"http:\/\/www.radioszene.de\/90652\/boehmermann-spotify-sanft-sorgfaeltig.html\" target=\"_blank\">http:\/\/www.radioszene.de\/90652\/boehmermann-spotify-sanft-sorgfaeltig.html<\/a><\/p>\n","protected":false},"excerpt":{"rendered":"<p>http:\/\/www.radioszene.de\/90652\/boehmermann-spotify-sanft-sorgfaeltig.html<\/p>\n","protected":false},"author":1,"featured_media":0,"comment_status":"open","ping_status":"open","sticky":false,"template":"","format":"standard","meta":{"_jetpack_memberships_contains_paid_content":false,"footnotes":"","jetpack_publicize_message":"","jetpack_publicize_feature_enabled":true,"jetpack_social_post_already_shared":true,"jetpack_social_options":{"image_generator_settings":{"template":"highway","default_image_id":0,"font":"","enabled":false},"version":2}},"categories":[1,16],"tags":[41],"class_list":["post-8184","post","type-post","status-publish","format-standard","hentry","category-deutsch","category-radioszene","tag-radioszene"],"jetpack_publicize_connections":[],"jetpack_featured_media_url":"","jetpack_sharing_enabled":true,"jetpack_shortlink":"https:\/\/wp.me\/p5CDmr-280","jetpack-related-posts":[{"id":15805,"url":"https:\/\/www.achimbrueckner.de\/dxradio\/php\/wordpress\/?p=15805","url_meta":{"origin":8184,"position":0},"title":"Jahresr\u00fcckblick: Das Spotify-Musikjahr 2017","author":"Administrator","date":"December 7, 2017","format":false,"excerpt":"http:\/\/www.radioszene.de\/116023\/spotify-musikjahr-2017-charts.html","rel":"","context":"In &quot;Deutsch&quot;","block_context":{"text":"Deutsch","link":"https:\/\/www.achimbrueckner.de\/dxradio\/php\/wordpress\/?cat=1"},"img":{"alt_text":"","src":"","width":0,"height":0},"classes":[]},{"id":6899,"url":"https:\/\/www.achimbrueckner.de\/dxradio\/php\/wordpress\/?p=6899","url_meta":{"origin":8184,"position":1},"title":"Spotify kills the Radio Star? Ein Realit\u00e4tscheck","author":"Administrator","date":"December 15, 2015","format":false,"excerpt":"http:\/\/www.radioszene.de\/85689\/bunsmann-spotify-realitaetscheck.html","rel":"","context":"In &quot;Deutsch&quot;","block_context":{"text":"Deutsch","link":"https:\/\/www.achimbrueckner.de\/dxradio\/php\/wordpress\/?cat=1"},"img":{"alt_text":"","src":"","width":0,"height":0},"classes":[]},{"id":30484,"url":"https:\/\/www.achimbrueckner.de\/dxradio\/php\/wordpress\/?p=30484","url_meta":{"origin":8184,"position":2},"title":"Spotify erlaubt Musik in Podcasts","author":"Administrator","date":"October 18, 2020","format":false,"excerpt":"https:\/\/www.radioszene.de\/148621\/spotify-macht-podcaster-zum-radio-dj.html","rel":"","context":"In &quot;Deutsch&quot;","block_context":{"text":"Deutsch","link":"https:\/\/www.achimbrueckner.de\/dxradio\/php\/wordpress\/?cat=1"},"img":{"alt_text":"","src":"","width":0,"height":0},"classes":[]},{"id":13898,"url":"https:\/\/www.achimbrueckner.de\/dxradio\/php\/wordpress\/?p=13898","url_meta":{"origin":8184,"position":3},"title":"Clarify: Spotify und funk starten neuen Podcast","author":"Administrator","date":"July 26, 2017","format":false,"excerpt":"http:\/\/www.radioszene.de\/108762\/clarify-podcast-spotify-funk.html","rel":"","context":"In &quot;Deutsch&quot;","block_context":{"text":"Deutsch","link":"https:\/\/www.achimbrueckner.de\/dxradio\/php\/wordpress\/?cat=1"},"img":{"alt_text":"","src":"","width":0,"height":0},"classes":[]},{"id":27219,"url":"https:\/\/www.achimbrueckner.de\/dxradio\/php\/wordpress\/?p=27219","url_meta":{"origin":8184,"position":4},"title":"Spotify hat als Podcast Plattform in Deutschland deutlich an Relevanz gewonnen","author":"Administrator","date":"February 20, 2020","format":false,"excerpt":"https:\/\/www.radioszene.de\/140930\/spotify-apple-deezer.html","rel":"","context":"In &quot;Deutsch&quot;","block_context":{"text":"Deutsch","link":"https:\/\/www.achimbrueckner.de\/dxradio\/php\/wordpress\/?cat=1"},"img":{"alt_text":"","src":"","width":0,"height":0},"classes":[]},{"id":4931,"url":"https:\/\/www.achimbrueckner.de\/dxradio\/php\/wordpress\/?p=4931","url_meta":{"origin":8184,"position":5},"title":"TNS-Studie: Was w\u00e4re, wenn Spotify ein Radiosender w\u00e4re?","author":"Administrator","date":"June 17, 2015","format":false,"excerpt":"http:\/\/www.radioszene.de\/80919\/spotify-als-radiosender-studie.html","rel":"","context":"In &quot;Deutsch&quot;","block_context":{"text":"Deutsch","link":"https:\/\/www.achimbrueckner.de\/dxradio\/php\/wordpress\/?cat=1"},"img":{"alt_text":"","src":"","width":0,"height":0},"classes":[]}],"_links":{"self":[{"href":"https:\/\/www.achimbrueckner.de\/dxradio\/php\/wordpress\/index.php?rest_route=\/wp\/v2\/posts\/8184","targetHints":{"allow":["GET"]}}],"collection":[{"href":"https:\/\/www.achimbrueckner.de\/dxradio\/php\/wordpress\/index.php?rest_route=\/wp\/v2\/posts"}],"about":[{"href":"https:\/\/www.achimbrueckner.de\/dxradio\/php\/wordpress\/index.php?rest_route=\/wp\/v2\/types\/post"}],"author":[{"embeddable":true,"href":"https:\/\/www.achimbrueckner.de\/dxradio\/php\/wordpress\/index.php?rest_route=\/wp\/v2\/users\/1"}],"replies":[{"embeddable":true,"href":"https:\/\/www.achimbrueckner.de\/dxradio\/php\/wordpress\/index.php?rest_route=%2Fwp%2Fv2%2Fcomments&post=8184"}],"version-history":[{"count":0,"href":"https:\/\/www.achimbrueckner.de\/dxradio\/php\/wordpress\/index.php?rest_route=\/wp\/v2\/posts\/8184\/revisions"}],"wp:attachment":[{"href":"https:\/\/www.achimbrueckner.de\/dxradio\/php\/wordpress\/index.php?rest_route=%2Fwp%2Fv2%2Fmedia&parent=8184"}],"wp:term":[{"taxonomy":"category","embeddable":true,"href":"https:\/\/www.achimbrueckner.de\/dxradio\/php\/wordpress\/index.php?rest_route=%2Fwp%2Fv2%2Fcategories&post=8184"},{"taxonomy":"post_tag","embeddable":true,"href":"https:\/\/www.achimbrueckner.de\/dxradio\/php\/wordpress\/index.php?rest_route=%2Fwp%2Fv2%2Ftags&post=8184"}],"curies":[{"name":"wp","href":"https:\/\/api.w.org\/{rel}","templated":true}]}}