{"id":8197,"date":"2016-05-01T17:59:02","date_gmt":"2016-05-01T17:59:02","guid":{"rendered":"https:\/\/www.achimbrueckner.de\/dxradio\/php\/wordpress\/?p=8197"},"modified":"2016-05-01T17:59:02","modified_gmt":"2016-05-01T17:59:02","slug":"mannheimer-maimarkt-radio-sendet-auf-ukw-und-im-digitalradio","status":"publish","type":"post","link":"https:\/\/www.achimbrueckner.de\/dxradio\/php\/wordpress\/?p=8197","title":{"rendered":"Mannheimer Maimarkt-Radio sendet auf UKW und im Digitalradio"},"content":{"rendered":"<p><a href=\"http:\/\/www.radiowoche.de\/mannheimer-maimarkt-radio-sendet-auf-ukw-und-im-digitalradio\/\" target=\"_blank\">http:\/\/www.radiowoche.de\/mannheimer-maimarkt-radio-sendet-auf-ukw-und-im-digitalradio\/<\/a><\/p>\n","protected":false},"excerpt":{"rendered":"<p>http:\/\/www.radiowoche.de\/mannheimer-maimarkt-radio-sendet-auf-ukw-und-im-digitalradio\/<\/p>\n","protected":false},"author":1,"featured_media":0,"comment_status":"open","ping_status":"open","sticky":false,"template":"","format":"standard","meta":{"_jetpack_memberships_contains_paid_content":false,"footnotes":"","jetpack_publicize_message":"","jetpack_publicize_feature_enabled":true,"jetpack_social_post_already_shared":true,"jetpack_social_options":{"image_generator_settings":{"template":"highway","default_image_id":0,"font":"","enabled":false},"version":2}},"categories":[1],"tags":[32,27],"class_list":["post-8197","post","type-post","status-publish","format-standard","hentry","category-deutsch","tag-digitalradio","tag-ukw"],"jetpack_publicize_connections":[],"jetpack_featured_media_url":"","jetpack_sharing_enabled":true,"jetpack_shortlink":"https:\/\/wp.me\/p5CDmr-28d","jetpack-related-posts":[{"id":1758,"url":"https:\/\/www.achimbrueckner.de\/dxradio\/php\/wordpress\/?p=1758","url_meta":{"origin":8197,"position":0},"title":"Digitalradio DAB+ unterwegs im Auto h\u00f6ren und dabei auf UKW, USB und iPod-Steuerung nicht verzichten m\u00fcssen","author":"Administrator","date":"August 27, 2011","format":false,"excerpt":"Digitalradio DAB+ unterwegs im Auto h\u00f6ren und dabei auf UKW, USB und iPod-Steuerung nicht verzichten m\u00fcssen http:\/\/kauftipps.fr-online.de\/digitalradio.html Info via A-DX","rel":"","context":"In &quot;Deutsch&quot;","block_context":{"text":"Deutsch","link":"https:\/\/www.achimbrueckner.de\/dxradio\/php\/wordpress\/?cat=1"},"img":{"alt_text":"","src":"","width":0,"height":0},"classes":[]},{"id":23823,"url":"https:\/\/www.achimbrueckner.de\/dxradio\/php\/wordpress\/?p=23823","url_meta":{"origin":8197,"position":1},"title":"Vor- und Nachteile eines fr\u00fcheren Abschaltens von UKW","author":"Administrator","date":"July 16, 2019","format":false,"excerpt":"https:\/\/www.srf.ch\/news\/wirtschaft\/umstellung-auf-digitalradio-vor-und-nachteile-eines-frueheren-abschaltens-von-ukw","rel":"","context":"In &quot;Deutsch&quot;","block_context":{"text":"Deutsch","link":"https:\/\/www.achimbrueckner.de\/dxradio\/php\/wordpress\/?cat=1"},"img":{"alt_text":"","src":"","width":0,"height":0},"classes":[]},{"id":11685,"url":"https:\/\/www.achimbrueckner.de\/dxradio\/php\/wordpress\/?p=11685","url_meta":{"origin":8197,"position":2},"title":"Digitalradio Deutschland dr\u00e4ngt auf schnelle Abschaltung von UKW","author":"Administrator","date":"January 11, 2017","format":false,"excerpt":"https:\/\/www.teltarif.de\/dab-plus-radio-multimedia-ukw-abschaltung\/news\/66996.html","rel":"","context":"In &quot;Deutsch&quot;","block_context":{"text":"Deutsch","link":"https:\/\/www.achimbrueckner.de\/dxradio\/php\/wordpress\/?cat=1"},"img":{"alt_text":"","src":"","width":0,"height":0},"classes":[]},{"id":347,"url":"https:\/\/www.achimbrueckner.de\/dxradio\/php\/wordpress\/?p=347","url_meta":{"origin":8197,"position":3},"title":"Digitalradio DAB Plus","author":"Administrator","date":"October 17, 2007","format":false,"excerpt":"Ein interessanter Artikel zur Zukunft des Digitalradios auf UKW und DAB Plus ist auf teltarif.de erschienen.","rel":"","context":"In &quot;Deutsch&quot;","block_context":{"text":"Deutsch","link":"https:\/\/www.achimbrueckner.de\/dxradio\/php\/wordpress\/?cat=1"},"img":{"alt_text":"","src":"","width":0,"height":0},"classes":[]},{"id":32064,"url":"https:\/\/www.achimbrueckner.de\/dxradio\/php\/wordpress\/?p=32064","url_meta":{"origin":8197,"position":4},"title":"UKW-RDS-Empf\u00e4nger ohne DAB+ weiter im Handel &#8211; erlaubt?","author":"Administrator","date":"February 23, 2021","format":false,"excerpt":"https:\/\/www.teltarif.de\/radio-ukw-verkauf-ohne-dab-plus-digitalradio-erlaubt\/news\/83590.html","rel":"","context":"In &quot;Deutsch&quot;","block_context":{"text":"Deutsch","link":"https:\/\/www.achimbrueckner.de\/dxradio\/php\/wordpress\/?cat=1"},"img":{"alt_text":"","src":"","width":0,"height":0},"classes":[]},{"id":16369,"url":"https:\/\/www.achimbrueckner.de\/dxradio\/php\/wordpress\/?p=16369","url_meta":{"origin":8197,"position":5},"title":"Interessenverband f\u00fcr UKW-Abschaltung und Wechsel zu DAB+","author":"Administrator","date":"February 6, 2018","format":false,"excerpt":"https:\/\/www.teltarif.de\/radio-digitalradio-dab-plus-ukw\/news\/71588.html","rel":"","context":"In &quot;Deutsch&quot;","block_context":{"text":"Deutsch","link":"https:\/\/www.achimbrueckner.de\/dxradio\/php\/wordpress\/?cat=1"},"img":{"alt_text":"","src":"","width":0,"height":0},"classes":[]}],"_links":{"self":[{"href":"https:\/\/www.achimbrueckner.de\/dxradio\/php\/wordpress\/index.php?rest_route=\/wp\/v2\/posts\/8197","targetHints":{"allow":["GET"]}}],"collection":[{"href":"https:\/\/www.achimbrueckner.de\/dxradio\/php\/wordpress\/index.php?rest_route=\/wp\/v2\/posts"}],"about":[{"href":"https:\/\/www.achimbrueckner.de\/dxradio\/php\/wordpress\/index.php?rest_route=\/wp\/v2\/types\/post"}],"author":[{"embeddable":true,"href":"https:\/\/www.achimbrueckner.de\/dxradio\/php\/wordpress\/index.php?rest_route=\/wp\/v2\/users\/1"}],"replies":[{"embeddable":true,"href":"https:\/\/www.achimbrueckner.de\/dxradio\/php\/wordpress\/index.php?rest_route=%2Fwp%2Fv2%2Fcomments&post=8197"}],"version-history":[{"count":0,"href":"https:\/\/www.achimbrueckner.de\/dxradio\/php\/wordpress\/index.php?rest_route=\/wp\/v2\/posts\/8197\/revisions"}],"wp:attachment":[{"href":"https:\/\/www.achimbrueckner.de\/dxradio\/php\/wordpress\/index.php?rest_route=%2Fwp%2Fv2%2Fmedia&parent=8197"}],"wp:term":[{"taxonomy":"category","embeddable":true,"href":"https:\/\/www.achimbrueckner.de\/dxradio\/php\/wordpress\/index.php?rest_route=%2Fwp%2Fv2%2Fcategories&post=8197"},{"taxonomy":"post_tag","embeddable":true,"href":"https:\/\/www.achimbrueckner.de\/dxradio\/php\/wordpress\/index.php?rest_route=%2Fwp%2Fv2%2Ftags&post=8197"}],"curies":[{"name":"wp","href":"https:\/\/api.w.org\/{rel}","templated":true}]}}