{"id":8404,"date":"2016-05-27T16:25:47","date_gmt":"2016-05-27T16:25:47","guid":{"rendered":"https:\/\/www.achimbrueckner.de\/dxradio\/php\/wordpress\/?p=8404"},"modified":"2016-05-27T16:25:47","modified_gmt":"2016-05-27T16:25:47","slug":"funkamateure-und-feuerwehr-trainieren-fur-ernstfall","status":"publish","type":"post","link":"https:\/\/www.achimbrueckner.de\/dxradio\/php\/wordpress\/?p=8404","title":{"rendered":"Funkamateure und Feuerwehr trainieren f\u00fcr Ernstfall"},"content":{"rendered":"<p><a href=\"http:\/\/www.hna.de\/lokales\/goettingen\/goettingen-ort28741\/funkamateure-feuerwehr-trainieren-ernstfall-6436034.html\" target=\"_blank\">http:\/\/www.hna.de\/lokales\/goettingen\/goettingen-ort28741\/funkamateure-feuerwehr-trainieren-ernstfall-6436034.html<\/a><\/p>\n","protected":false},"excerpt":{"rendered":"<p>http:\/\/www.hna.de\/lokales\/goettingen\/goettingen-ort28741\/funkamateure-feuerwehr-trainieren-ernstfall-6436034.html<\/p>\n","protected":false},"author":1,"featured_media":0,"comment_status":"open","ping_status":"open","sticky":false,"template":"","format":"standard","meta":{"_jetpack_memberships_contains_paid_content":false,"footnotes":"","jetpack_publicize_message":"","jetpack_publicize_feature_enabled":true,"jetpack_social_post_already_shared":true,"jetpack_social_options":{"image_generator_settings":{"template":"highway","default_image_id":0,"font":"","enabled":false},"version":2}},"categories":[1],"tags":[24],"class_list":["post-8404","post","type-post","status-publish","format-standard","hentry","category-deutsch","tag-am"],"jetpack_publicize_connections":[],"jetpack_featured_media_url":"","jetpack_sharing_enabled":true,"jetpack_shortlink":"https:\/\/wp.me\/p5CDmr-2by","jetpack-related-posts":[{"id":4739,"url":"https:\/\/www.achimbrueckner.de\/dxradio\/php\/wordpress\/?p=4739","url_meta":{"origin":8404,"position":0},"title":"Funkamateure probten den Ernstfall","author":"Administrator","date":"May 27, 2015","format":false,"excerpt":"http:\/\/www.badische-zeitung.de\/waldkirch\/funkamateure-probten-den-ernstfall--105364256.html","rel":"","context":"In &quot;Deutsch&quot;","block_context":{"text":"Deutsch","link":"https:\/\/www.achimbrueckner.de\/dxradio\/php\/wordpress\/?cat=1"},"img":{"alt_text":"","src":"","width":0,"height":0},"classes":[]},{"id":36914,"url":"https:\/\/www.achimbrueckner.de\/dxradio\/php\/wordpress\/?p=36914","url_meta":{"origin":8404,"position":1},"title":"Funkamateure haben ge\u00fcbt: Region Wienerwald f\u00fcr Ernstfall ger\u00fcstet","author":"Administrator","date":"July 10, 2022","format":false,"excerpt":"https:\/\/www.noen.at\/neulengbach\/auch-kinderuebung-funkamateure-haben-geuebt-region-wienerwald-fuer-ernstfall-geruestet-neulengbach-kinderfeuerwehr-zeiselmauer-amateurfunker-larissa-rentmeister-barbara-zwingl-uebung-funkuebung-print-323605160","rel":"","context":"In &quot;Deutsch&quot;","block_context":{"text":"Deutsch","link":"https:\/\/www.achimbrueckner.de\/dxradio\/php\/wordpress\/?cat=1"},"img":{"alt_text":"","src":"","width":0,"height":0},"classes":[]},{"id":12953,"url":"https:\/\/www.achimbrueckner.de\/dxradio\/php\/wordpress\/?p=12953","url_meta":{"origin":8404,"position":2},"title":"Funker trainieren im gro\u00dfen Stil f\u00fcr den Ernstfall","author":"Administrator","date":"April 23, 2017","format":false,"excerpt":"http:\/\/www.wolfsburger-nachrichten.de\/wolfsburg\/fallersleben\/article210334803\/Funker-trainieren-im-grossen-Stil-fuer-den-Ernstfall.html","rel":"","context":"In &quot;Deutsch&quot;","block_context":{"text":"Deutsch","link":"https:\/\/www.achimbrueckner.de\/dxradio\/php\/wordpress\/?cat=1"},"img":{"alt_text":"","src":"","width":0,"height":0},"classes":[]},{"id":40149,"url":"https:\/\/www.achimbrueckner.de\/dxradio\/php\/wordpress\/?p=40149","url_meta":{"origin":8404,"position":3},"title":"In Hannover \u00fcben die Funkamateure: So k\u00f6nnten sie im Ernstfall Leben retten","author":"Administrator","date":"September 15, 2023","format":false,"excerpt":"https:\/\/www.haz.de\/lokales\/hannover\/bundesweiter-warntag-funkamateure-aus-hannover-ueben-im-lister-turm-C6DV3CEW6VATNLF6JHGM65ZCZ4.html","rel":"","context":"In &quot;Deutsch&quot;","block_context":{"text":"Deutsch","link":"https:\/\/www.achimbrueckner.de\/dxradio\/php\/wordpress\/?cat=1"},"img":{"alt_text":"","src":"","width":0,"height":0},"classes":[]},{"id":14614,"url":"https:\/\/www.achimbrueckner.de\/dxradio\/php\/wordpress\/?p=14614","url_meta":{"origin":8404,"position":4},"title":"Sch\u00fcler machen Radio","author":"Administrator","date":"September 15, 2017","format":false,"excerpt":"http:\/\/www.goettinger-tageblatt.de\/Goettingen\/Uebersicht\/Schueler-des-Hainberg-Gymnasiums-Goettingen-machen-Radio-im-Landtag","rel":"","context":"In &quot;Deutsch&quot;","block_context":{"text":"Deutsch","link":"https:\/\/www.achimbrueckner.de\/dxradio\/php\/wordpress\/?cat=1"},"img":{"alt_text":"","src":"","width":0,"height":0},"classes":[]},{"id":26359,"url":"https:\/\/www.achimbrueckner.de\/dxradio\/php\/wordpress\/?p=26359","url_meta":{"origin":8404,"position":5},"title":"Neuer Internet-Radiosender f\u00fcr S\u00fcdniedersachsen","author":"Administrator","date":"December 26, 2019","format":false,"excerpt":"https:\/\/www.hna.de\/lokales\/goettingen\/goettingen-ort28741\/auf-sendung-neuer-internet-radiosender-fuer-suedniedersachsen-13365689.html","rel":"","context":"In &quot;Deutsch&quot;","block_context":{"text":"Deutsch","link":"https:\/\/www.achimbrueckner.de\/dxradio\/php\/wordpress\/?cat=1"},"img":{"alt_text":"","src":"","width":0,"height":0},"classes":[]}],"_links":{"self":[{"href":"https:\/\/www.achimbrueckner.de\/dxradio\/php\/wordpress\/index.php?rest_route=\/wp\/v2\/posts\/8404","targetHints":{"allow":["GET"]}}],"collection":[{"href":"https:\/\/www.achimbrueckner.de\/dxradio\/php\/wordpress\/index.php?rest_route=\/wp\/v2\/posts"}],"about":[{"href":"https:\/\/www.achimbrueckner.de\/dxradio\/php\/wordpress\/index.php?rest_route=\/wp\/v2\/types\/post"}],"author":[{"embeddable":true,"href":"https:\/\/www.achimbrueckner.de\/dxradio\/php\/wordpress\/index.php?rest_route=\/wp\/v2\/users\/1"}],"replies":[{"embeddable":true,"href":"https:\/\/www.achimbrueckner.de\/dxradio\/php\/wordpress\/index.php?rest_route=%2Fwp%2Fv2%2Fcomments&post=8404"}],"version-history":[{"count":0,"href":"https:\/\/www.achimbrueckner.de\/dxradio\/php\/wordpress\/index.php?rest_route=\/wp\/v2\/posts\/8404\/revisions"}],"wp:attachment":[{"href":"https:\/\/www.achimbrueckner.de\/dxradio\/php\/wordpress\/index.php?rest_route=%2Fwp%2Fv2%2Fmedia&parent=8404"}],"wp:term":[{"taxonomy":"category","embeddable":true,"href":"https:\/\/www.achimbrueckner.de\/dxradio\/php\/wordpress\/index.php?rest_route=%2Fwp%2Fv2%2Fcategories&post=8404"},{"taxonomy":"post_tag","embeddable":true,"href":"https:\/\/www.achimbrueckner.de\/dxradio\/php\/wordpress\/index.php?rest_route=%2Fwp%2Fv2%2Ftags&post=8404"}],"curies":[{"name":"wp","href":"https:\/\/api.w.org\/{rel}","templated":true}]}}