{"id":8407,"date":"2016-05-27T16:30:12","date_gmt":"2016-05-27T16:30:12","guid":{"rendered":"https:\/\/www.achimbrueckner.de\/dxradio\/php\/wordpress\/?p=8407"},"modified":"2016-05-27T16:30:12","modified_gmt":"2016-05-27T16:30:12","slug":"internet-radio-in-frankfurt-bietet-fluchtlingen-eine-plattform","status":"publish","type":"post","link":"https:\/\/www.achimbrueckner.de\/dxradio\/php\/wordpress\/?p=8407","title":{"rendered":"Internet-Radio in Frankfurt bietet Fl\u00fcchtlingen eine Plattform"},"content":{"rendered":"<p><a href=\"http:\/\/www.echo-online.de\/lokales\/rhein-main\/internet-radio-in-frankfurt-bietet-fluechtlingen-eine-plattform_16935457.htm\" target=\"_blank\">http:\/\/www.echo-online.de\/lokales\/rhein-main\/internet-radio-in-frankfurt-bietet-fluechtlingen-eine-plattform_16935457.htm<\/a><\/p>\n","protected":false},"excerpt":{"rendered":"<p>http:\/\/www.echo-online.de\/lokales\/rhein-main\/internet-radio-in-frankfurt-bietet-fluechtlingen-eine-plattform_16935457.htm<\/p>\n","protected":false},"author":1,"featured_media":0,"comment_status":"open","ping_status":"open","sticky":false,"template":"","format":"standard","meta":{"_jetpack_memberships_contains_paid_content":false,"footnotes":"","jetpack_publicize_message":"","jetpack_publicize_feature_enabled":true,"jetpack_social_post_already_shared":true,"jetpack_social_options":{"image_generator_settings":{"template":"highway","default_image_id":0,"font":"","enabled":false},"version":2}},"categories":[1],"tags":[],"class_list":["post-8407","post","type-post","status-publish","format-standard","hentry","category-deutsch"],"jetpack_publicize_connections":[],"jetpack_featured_media_url":"","jetpack_sharing_enabled":true,"jetpack_shortlink":"https:\/\/wp.me\/p5CDmr-2bB","jetpack-related-posts":[{"id":38438,"url":"https:\/\/www.achimbrueckner.de\/dxradio\/php\/wordpress\/?p=38438","url_meta":{"origin":8407,"position":0},"title":"Meine Radios des Jahres 2022","author":"Administrator","date":"January 2, 2023","format":false,"excerpt":"Meine Radios des Jahres 2022 FIP aus Frankreich, das eklektische Musikprogramm, das jederzeit sehr stimmige Musik bietet - zu h\u00f6ren via http:\/\/icecast.radiofrance.fr\/fip-midfi.mp3 Couleur 3 - die (viel) bessere Alternative zu SRF3\/DRS3. Couleur 3 spielt Musik verschiedener Sparten, auch Klassik-Rock geh\u00f6rt zum regelm\u00e4ssigen Repertoire dieses in der Schweiz terrestrisch empfangbaren Programms;\u2026","rel":"","context":"In &quot;Deutsch&quot;","block_context":{"text":"Deutsch","link":"https:\/\/www.achimbrueckner.de\/dxradio\/php\/wordpress\/?cat=1"},"img":{"alt_text":"","src":"","width":0,"height":0},"classes":[]},{"id":1740,"url":"https:\/\/www.achimbrueckner.de\/dxradio\/php\/wordpress\/?p=1740","url_meta":{"origin":8407,"position":1},"title":"Die Radio-Reporter aus dem Internet","author":"Administrator","date":"August 16, 2011","format":false,"excerpt":"Die Radio-Reporter aus dem Internet http:\/\/www.fnp.de\/fnp\/region\/lokales\/frankfurt\/die-radioreporter-aus-dem-internet_rmn01.c.9131631.de.html","rel":"","context":"In &quot;Deutsch&quot;","block_context":{"text":"Deutsch","link":"https:\/\/www.achimbrueckner.de\/dxradio\/php\/wordpress\/?cat=1"},"img":{"alt_text":"","src":"","width":0,"height":0},"classes":[]},{"id":30161,"url":"https:\/\/www.achimbrueckner.de\/dxradio\/php\/wordpress\/?p=30161","url_meta":{"origin":8407,"position":2},"title":"Radio Badesalz im Internet: Ein Fall f\u00fcr Nobbi und Ebbi &#8211; live und als Podcast","author":"Administrator","date":"September 21, 2020","format":false,"excerpt":"https:\/\/www.fr.de\/frankfurt\/badesalz-im-internet-radio-podcast-sendung-nobbi-und-ebbi-90048438.html","rel":"","context":"In &quot;Deutsch&quot;","block_context":{"text":"Deutsch","link":"https:\/\/www.achimbrueckner.de\/dxradio\/php\/wordpress\/?cat=1"},"img":{"alt_text":"","src":"","width":0,"height":0},"classes":[]},{"id":11296,"url":"https:\/\/www.achimbrueckner.de\/dxradio\/php\/wordpress\/?p=11296","url_meta":{"origin":8407,"position":3},"title":"50 Jahre ADDX","author":"Administrator","date":"December 8, 2016","format":false,"excerpt":"Hallo in die Runde, wie vielen Hobbyfreunden bestimmt bekannt ist, wird die ADDX e.V. im Jahr 2017 ihr 50. Gr\u00fcndungsjubil\u00e4um feiern. Das ist f\u00fcr uns von Vorstand und Redaktion \"Radio-Kurier mit weltweit h\u00f6ren\" Grund genug, auch akustisch einen R\u00fcckblick auf die Anfangstage und die Vereinsentwicklung zu pr\u00e4sentieren und \u00fcber unsere\u2026","rel":"","context":"In &quot;Deutsch&quot;","block_context":{"text":"Deutsch","link":"https:\/\/www.achimbrueckner.de\/dxradio\/php\/wordpress\/?cat=1"},"img":{"alt_text":"","src":"","width":0,"height":0},"classes":[]},{"id":545,"url":"https:\/\/www.achimbrueckner.de\/dxradio\/php\/wordpress\/?p=545","url_meta":{"origin":8407,"position":4},"title":"DAB-Aktionswochen BR Plus","author":"Administrator","date":"September 25, 2009","format":false,"excerpt":"Im Rahmen seiner DAB-Aktionswochen bietet der Bayerische Runfunk (BR) im Programm \"Bayern plus\" werkt\u00e4glich bis Ende d. Monats September im Programmteil \"Magazin\" von 8-13 Uhr eine Preisfrage und stellt dem Gewinner ein DAB-Radio in Aussicht. Hier die Stream-Adresse des Senders: http:\/\/www.br-online.de\/br\/jsp\/seitentyp\/liveStreamFenster.jsp?welle=bayern-plus Info via Walter Schiefele via Net-Radio","rel":"","context":"In &quot;Deutsch&quot;","block_context":{"text":"Deutsch","link":"https:\/\/www.achimbrueckner.de\/dxradio\/php\/wordpress\/?cat=1"},"img":{"alt_text":"","src":"","width":0,"height":0},"classes":[]},{"id":13937,"url":"https:\/\/www.achimbrueckner.de\/dxradio\/php\/wordpress\/?p=13937","url_meta":{"origin":8407,"position":5},"title":"Buch: Kurzwellen-Rundfunk der Vergangenheit","author":"Administrator","date":"July 29, 2017","format":false,"excerpt":"Eine sch\u00f6ne Empfehlung: Hobbyfreund Klaus Puth bietet sein umfangreiches Buch \"Kurzwellen-Rundfunk der Vergangenheit\", 96 Seiten mit der Vorstellung von sehr vielen Kurzwellendiensten nun als PDF zum kostenlosen Download an: http:\/\/radiolegenden.puth.org\/Radio-Legenden_unlocked.pdf Mu\u00df man gelesen haben. 73 Christoph via A-DX","rel":"","context":"In &quot;Deutsch&quot;","block_context":{"text":"Deutsch","link":"https:\/\/www.achimbrueckner.de\/dxradio\/php\/wordpress\/?cat=1"},"img":{"alt_text":"","src":"","width":0,"height":0},"classes":[]}],"_links":{"self":[{"href":"https:\/\/www.achimbrueckner.de\/dxradio\/php\/wordpress\/index.php?rest_route=\/wp\/v2\/posts\/8407","targetHints":{"allow":["GET"]}}],"collection":[{"href":"https:\/\/www.achimbrueckner.de\/dxradio\/php\/wordpress\/index.php?rest_route=\/wp\/v2\/posts"}],"about":[{"href":"https:\/\/www.achimbrueckner.de\/dxradio\/php\/wordpress\/index.php?rest_route=\/wp\/v2\/types\/post"}],"author":[{"embeddable":true,"href":"https:\/\/www.achimbrueckner.de\/dxradio\/php\/wordpress\/index.php?rest_route=\/wp\/v2\/users\/1"}],"replies":[{"embeddable":true,"href":"https:\/\/www.achimbrueckner.de\/dxradio\/php\/wordpress\/index.php?rest_route=%2Fwp%2Fv2%2Fcomments&post=8407"}],"version-history":[{"count":0,"href":"https:\/\/www.achimbrueckner.de\/dxradio\/php\/wordpress\/index.php?rest_route=\/wp\/v2\/posts\/8407\/revisions"}],"wp:attachment":[{"href":"https:\/\/www.achimbrueckner.de\/dxradio\/php\/wordpress\/index.php?rest_route=%2Fwp%2Fv2%2Fmedia&parent=8407"}],"wp:term":[{"taxonomy":"category","embeddable":true,"href":"https:\/\/www.achimbrueckner.de\/dxradio\/php\/wordpress\/index.php?rest_route=%2Fwp%2Fv2%2Fcategories&post=8407"},{"taxonomy":"post_tag","embeddable":true,"href":"https:\/\/www.achimbrueckner.de\/dxradio\/php\/wordpress\/index.php?rest_route=%2Fwp%2Fv2%2Ftags&post=8407"}],"curies":[{"name":"wp","href":"https:\/\/api.w.org\/{rel}","templated":true}]}}