{"id":8408,"date":"2016-05-27T16:31:47","date_gmt":"2016-05-27T16:31:47","guid":{"rendered":"https:\/\/www.achimbrueckner.de\/dxradio\/php\/wordpress\/?p=8408"},"modified":"2016-05-27T16:32:11","modified_gmt":"2016-05-27T16:32:11","slug":"bei-sendung-mord-die-jagd-auf-radiomoderatoren-in-brasilien","status":"publish","type":"post","link":"https:\/\/www.achimbrueckner.de\/dxradio\/php\/wordpress\/?p=8408","title":{"rendered":"Bei Sendung Mord Die Jagd auf Radiomoderatoren in Brasilien"},"content":{"rendered":"<p><a href=\"http:\/\/www.deutschlandfunk.de\/bei-sendung-mord-die-jagd-auf-radiomoderatoren-in-brasilien.1247.de.html?dram:article_id=353199\" target=\"_blank\">http:\/\/www.deutschlandfunk.de\/bei-sendung-mord-die-jagd-auf-radiomoderatoren-in-brasilien.1247.de.html?dram:article_id=353199<\/a><\/p>\n<p>Info via <a href=\"http:\/\/www.ratzer.at\">A-DX<\/a><\/p>\n","protected":false},"excerpt":{"rendered":"<p>http:\/\/www.deutschlandfunk.de\/bei-sendung-mord-die-jagd-auf-radiomoderatoren-in-brasilien.1247.de.html?dram:article_id=353199 Info via A-DX<\/p>\n","protected":false},"author":1,"featured_media":0,"comment_status":"open","ping_status":"open","sticky":false,"template":"","format":"standard","meta":{"_jetpack_memberships_contains_paid_content":false,"footnotes":"","jetpack_publicize_message":"","jetpack_publicize_feature_enabled":true,"jetpack_social_post_already_shared":true,"jetpack_social_options":{"image_generator_settings":{"template":"highway","default_image_id":0,"font":"","enabled":false},"version":2}},"categories":[1,14],"tags":[24,40],"class_list":["post-8408","post","type-post","status-publish","format-standard","hentry","category-deutsch","category-dx","tag-am","tag-dx"],"jetpack_publicize_connections":[],"jetpack_featured_media_url":"","jetpack_sharing_enabled":true,"jetpack_shortlink":"https:\/\/wp.me\/p5CDmr-2bC","jetpack-related-posts":[{"id":8597,"url":"https:\/\/www.achimbrueckner.de\/dxradio\/php\/wordpress\/?p=8597","url_meta":{"origin":8408,"position":0},"title":"Bei Sendung Mord Die Jagd auf Radiomoderatoren in Brasilien","author":"Administrator","date":"June 23, 2016","format":false,"excerpt":"http:\/\/www.deutschlandfunk.de\/bei-sendung-mord-die-jagd-auf-radiomoderatoren-in-brasilien.1247.de.html?dram%3Aarticle_id=353199","rel":"","context":"In &quot;Deutsch&quot;","block_context":{"text":"Deutsch","link":"https:\/\/www.achimbrueckner.de\/dxradio\/php\/wordpress\/?cat=1"},"img":{"alt_text":"","src":"","width":0,"height":0},"classes":[]},{"id":11150,"url":"https:\/\/www.achimbrueckner.de\/dxradio\/php\/wordpress\/?p=11150","url_meta":{"origin":8408,"position":1},"title":"Geschichten vom Radio DLF","author":"Administrator","date":"November 25, 2016","format":false,"excerpt":"Hallo Hobbyfreunde, der DLF sendet an Weihnachten\/Silvester die Serie \"Geschichten vom Radio\", und zwar am 24.12.2016 14:05 MEZ Das Radio als Welterz\u00e4hler 15:05 MEZ Syria FM 16:05 MEZ Angel Radio 25.12.2016 19:15 MEZ Noch zehn Sekunden 26.12.2016 14:05 MEZ Audio mobil 15:05 MEZ Bei Sendung Mord 31.12.2016 19:15 MEZ Das\u2026","rel":"","context":"In &quot;audio&quot;","block_context":{"text":"audio","link":"https:\/\/www.achimbrueckner.de\/dxradio\/php\/wordpress\/?cat=47"},"img":{"alt_text":"","src":"","width":0,"height":0},"classes":[]},{"id":3255,"url":"https:\/\/www.achimbrueckner.de\/dxradio\/php\/wordpress\/?p=3255","url_meta":{"origin":8408,"position":2},"title":"adxb-DL WM 2014 Kontest","author":"Administrator","date":"June 11, 2014","format":false,"excerpt":"Die Assoziation junger DXer e.V. (adxb-DL) richtet aus Anlass der Fu\u00dfball-Weltmeisterschaft 2014 in Brasilien vom 12. Juni bis 13. Juli 2014 wieder einen Kontest aus. Jeder Kurzwellenh\u00f6rer ist eingeladen, daran teilzunehmen. Eine Mitgliedschaft in einem Kurzwellenh\u00f6rerverein ist nicht erforderlich. Zu h\u00f6ren ist jeweils eine Rundfunkstation aus den 32 an der\u2026","rel":"","context":"In &quot;contests&quot;","block_context":{"text":"contests","link":"https:\/\/www.achimbrueckner.de\/dxradio\/php\/wordpress\/?cat=6"},"img":{"alt_text":"","src":"","width":0,"height":0},"classes":[]},{"id":3147,"url":"https:\/\/www.achimbrueckner.de\/dxradio\/php\/wordpress\/?p=3147","url_meta":{"origin":8408,"position":3},"title":"adxb-DL WM 2014 Kontest","author":"Administrator","date":"May 7, 2014","format":false,"excerpt":"Die Assoziation junger DXer e.V. (adxb-DL) richtet aus Anlass der Fu\u00dfball-Weltmeisterschaft 2014 in Brasilien vom 12. Juni bis 13. Juli 2014 wieder einen Kontest aus. Jeder Kurzwellenh\u00f6rer ist eingeladen, daran teilzunehmen. Eine Mitgliedschaft in einem Kurzwellenh\u00f6rerverein ist nicht erforderlich. Zu h\u00f6ren ist jeweils eine Rundfunkstation aus den 32 an der\u2026","rel":"","context":"In &quot;contests&quot;","block_context":{"text":"contests","link":"https:\/\/www.achimbrueckner.de\/dxradio\/php\/wordpress\/?cat=6"},"img":{"alt_text":"","src":"","width":0,"height":0},"classes":[]},{"id":3243,"url":"https:\/\/www.achimbrueckner.de\/dxradio\/php\/wordpress\/?p=3243","url_meta":{"origin":8408,"position":4},"title":"WM in Brasilien QRGs","author":"Administrator","date":"June 9, 2014","format":false,"excerpt":"Die FIFA hat u.a. diejenigen Radiostationen bekannt gegeben, die offiziell die WM in Brasilien \u00fcbertragen: R\u00e1dio Nacional da Amazonia 6180, 11780 R\u00e1dio Gaucha 11915 R\u00e1dio Bandeirantes 6090, 9645, 11925 R\u00e1dio Itatiaia 5970 R\u00e1dio Clube do Para 4885 R\u00e1dio Meterologia Paulista 4845 (alle Angaben in kHz) Info via A-DX","rel":"","context":"In &quot;Deutsch&quot;","block_context":{"text":"Deutsch","link":"https:\/\/www.achimbrueckner.de\/dxradio\/php\/wordpress\/?cat=1"},"img":{"alt_text":"","src":"","width":0,"height":0},"classes":[]},{"id":458,"url":"https:\/\/www.achimbrueckner.de\/dxradio\/php\/wordpress\/?p=458","url_meta":{"origin":8408,"position":5},"title":"Medienmagazin","author":"Administrator","date":"May 25, 2009","format":false,"excerpt":"Hallo zusammen, einige Hobbyfreunde haben es sicher bereits bemerkt: Der seit einem Jahr angestammte Sendeplatz f\u00fcr das Medienmagazin bei Radio 700 und Radio Transsylania International am Samstagnachmittag steht nicht mehr zur Verf\u00fcgung. Es gibt nun neue Sendepl\u00e4tze, auf denen die Sendung zum Teil bereits seit einiger Zeit parallel zu empfangen\u2026","rel":"","context":"In &quot;Deutsch&quot;","block_context":{"text":"Deutsch","link":"https:\/\/www.achimbrueckner.de\/dxradio\/php\/wordpress\/?cat=1"},"img":{"alt_text":"","src":"","width":0,"height":0},"classes":[]}],"_links":{"self":[{"href":"https:\/\/www.achimbrueckner.de\/dxradio\/php\/wordpress\/index.php?rest_route=\/wp\/v2\/posts\/8408","targetHints":{"allow":["GET"]}}],"collection":[{"href":"https:\/\/www.achimbrueckner.de\/dxradio\/php\/wordpress\/index.php?rest_route=\/wp\/v2\/posts"}],"about":[{"href":"https:\/\/www.achimbrueckner.de\/dxradio\/php\/wordpress\/index.php?rest_route=\/wp\/v2\/types\/post"}],"author":[{"embeddable":true,"href":"https:\/\/www.achimbrueckner.de\/dxradio\/php\/wordpress\/index.php?rest_route=\/wp\/v2\/users\/1"}],"replies":[{"embeddable":true,"href":"https:\/\/www.achimbrueckner.de\/dxradio\/php\/wordpress\/index.php?rest_route=%2Fwp%2Fv2%2Fcomments&post=8408"}],"version-history":[{"count":0,"href":"https:\/\/www.achimbrueckner.de\/dxradio\/php\/wordpress\/index.php?rest_route=\/wp\/v2\/posts\/8408\/revisions"}],"wp:attachment":[{"href":"https:\/\/www.achimbrueckner.de\/dxradio\/php\/wordpress\/index.php?rest_route=%2Fwp%2Fv2%2Fmedia&parent=8408"}],"wp:term":[{"taxonomy":"category","embeddable":true,"href":"https:\/\/www.achimbrueckner.de\/dxradio\/php\/wordpress\/index.php?rest_route=%2Fwp%2Fv2%2Fcategories&post=8408"},{"taxonomy":"post_tag","embeddable":true,"href":"https:\/\/www.achimbrueckner.de\/dxradio\/php\/wordpress\/index.php?rest_route=%2Fwp%2Fv2%2Ftags&post=8408"}],"curies":[{"name":"wp","href":"https:\/\/api.w.org\/{rel}","templated":true}]}}