{"id":8554,"date":"2016-06-20T16:43:56","date_gmt":"2016-06-20T16:43:56","guid":{"rendered":"https:\/\/www.achimbrueckner.de\/dxradio\/php\/wordpress\/?p=8554"},"modified":"2016-06-20T16:43:56","modified_gmt":"2016-06-20T16:43:56","slug":"radio-taiwan-international-die-deutschen-anfange","status":"publish","type":"post","link":"https:\/\/www.achimbrueckner.de\/dxradio\/php\/wordpress\/?p=8554","title":{"rendered":"RADIO TAIWAN INTERNATIONAL \u2013 DIE DEUTSCHEN ANF\u00c4NGE"},"content":{"rendered":"<p><a href=\"http:\/\/rodena.org\/radio-taiwan-die-deutschen-anfaenge\/\" target=\"_blank\">http:\/\/rodena.org\/radio-taiwan-die-deutschen-anfaenge\/<\/a><\/p>\n","protected":false},"excerpt":{"rendered":"<p>http:\/\/rodena.org\/radio-taiwan-die-deutschen-anfaenge\/<\/p>\n","protected":false},"author":1,"featured_media":0,"comment_status":"open","ping_status":"open","sticky":false,"template":"","format":"standard","meta":{"_jetpack_memberships_contains_paid_content":false,"footnotes":"","jetpack_publicize_message":"","jetpack_publicize_feature_enabled":true,"jetpack_social_post_already_shared":true,"jetpack_social_options":{"image_generator_settings":{"template":"highway","default_image_id":0,"font":"","enabled":false},"version":2}},"categories":[1],"tags":[],"class_list":["post-8554","post","type-post","status-publish","format-standard","hentry","category-deutsch"],"jetpack_publicize_connections":[],"jetpack_featured_media_url":"","jetpack_sharing_enabled":true,"jetpack_shortlink":"https:\/\/wp.me\/p5CDmr-2dY","jetpack-related-posts":[{"id":4421,"url":"https:\/\/www.achimbrueckner.de\/dxradio\/php\/wordpress\/?p=4421","url_meta":{"origin":8554,"position":0},"title":"RADIO CHINA INTERNATIONAL \u2013 DIE ANF\u00c4NGE","author":"Administrator","date":"April 20, 2015","format":false,"excerpt":"http:\/\/rodena.org\/radio-china-international-die-anfaenge\/","rel":"","context":"In &quot;Deutsch&quot;","block_context":{"text":"Deutsch","link":"https:\/\/www.achimbrueckner.de\/dxradio\/php\/wordpress\/?cat=1"},"img":{"alt_text":"","src":"","width":0,"height":0},"classes":[]},{"id":13995,"url":"https:\/\/www.achimbrueckner.de\/dxradio\/php\/wordpress\/?p=13995","url_meta":{"origin":8554,"position":1},"title":"DIE ANF\u00c4NGE DES RUNDFUNKS IN DER SOWJETUNION","author":"Administrator","date":"August 3, 2017","format":false,"excerpt":"http:\/\/rodena.org\/die-anfaenge-des-rundfunks-in-der-sowjetunion\/","rel":"","context":"In &quot;Deutsch&quot;","block_context":{"text":"Deutsch","link":"https:\/\/www.achimbrueckner.de\/dxradio\/php\/wordpress\/?cat=1"},"img":{"alt_text":"","src":"","width":0,"height":0},"classes":[]},{"id":8108,"url":"https:\/\/www.achimbrueckner.de\/dxradio\/php\/wordpress\/?p=8108","url_meta":{"origin":8554,"position":2},"title":"RADIO HCJB \u2013 DIE JAHRE DER GR\u00dcNDUNG DER DEUTSCHEN ABTEILUNG","author":"Administrator","date":"April 23, 2016","format":false,"excerpt":"http:\/\/rodena.org\/radio-hcjb-die-jahre-der-gruendung-der-deutschen-abteilung\/","rel":"","context":"In &quot;Deutsch&quot;","block_context":{"text":"Deutsch","link":"https:\/\/www.achimbrueckner.de\/dxradio\/php\/wordpress\/?cat=1"},"img":{"alt_text":"","src":"","width":0,"height":0},"classes":[]},{"id":106,"url":"https:\/\/www.achimbrueckner.de\/dxradio\/php\/wordpress\/?p=106","url_meta":{"origin":8554,"position":3},"title":"Radio Taiwan International 20 Jahre Sondersendung","author":"Administrator","date":"October 13, 2006","format":false,"excerpt":"Das Sonderprogramm von Radio Taiwan International aus Anla\u00df des 20 j\u00e4hrigen Bestehens der deutschen Redaktion ist im web als mp3-Datei erh\u00e4ltlich: 20 Jahre RTI. Die Datei ist 44,5 MB gro\u00df. Quelle: Willi Stengel in A-DX-Liste","rel":"","context":"In &quot;links&quot;","block_context":{"text":"links","link":"https:\/\/www.achimbrueckner.de\/dxradio\/php\/wordpress\/?cat=7"},"img":{"alt_text":"","src":"","width":0,"height":0},"classes":[]},{"id":3140,"url":"https:\/\/www.achimbrueckner.de\/dxradio\/php\/wordpress\/?p=3140","url_meta":{"origin":8554,"position":4},"title":"Diplomkontest des RTI Hoererklubs Ottenau aus Anlass des 33. ueberregionalen DX-Treffens in Ottenau","author":"Administrator","date":"May 5, 2014","format":false,"excerpt":"Aus Anlass des 33. \u00fcberregionalen DX-Treffens und RTI H\u00f6rertreffens am 10. Mai 2014 im Steakhouse Strauss in Ottenau (Treffpunkt ab 13 Uhr mitteleurop\u00e4ischer Sommerzeit in der Marxstrasse 12) f\u00fchrt unser RTI H\u00f6rerklub Ottenau auch in diesem Jahr wieder einen Diplomkontest durch. Zu empfangen sind im Zeitraum zwischen Freitag 9. und\u2026","rel":"","context":"In &quot;contests&quot;","block_context":{"text":"contests","link":"https:\/\/www.achimbrueckner.de\/dxradio\/php\/wordpress\/?cat=6"},"img":{"alt_text":"","src":"","width":0,"height":0},"classes":[]},{"id":14374,"url":"https:\/\/www.achimbrueckner.de\/dxradio\/php\/wordpress\/?p=14374","url_meta":{"origin":8554,"position":5},"title":"RADIO FRANCE INTERNATIONAL \u2013 DIE STIMME AUS PARIS","author":"Administrator","date":"September 2, 2017","format":false,"excerpt":"http:\/\/rodena.org\/radio-france-international-die-stimme-aus-paris\/","rel":"","context":"In &quot;Deutsch&quot;","block_context":{"text":"Deutsch","link":"https:\/\/www.achimbrueckner.de\/dxradio\/php\/wordpress\/?cat=1"},"img":{"alt_text":"","src":"","width":0,"height":0},"classes":[]}],"_links":{"self":[{"href":"https:\/\/www.achimbrueckner.de\/dxradio\/php\/wordpress\/index.php?rest_route=\/wp\/v2\/posts\/8554","targetHints":{"allow":["GET"]}}],"collection":[{"href":"https:\/\/www.achimbrueckner.de\/dxradio\/php\/wordpress\/index.php?rest_route=\/wp\/v2\/posts"}],"about":[{"href":"https:\/\/www.achimbrueckner.de\/dxradio\/php\/wordpress\/index.php?rest_route=\/wp\/v2\/types\/post"}],"author":[{"embeddable":true,"href":"https:\/\/www.achimbrueckner.de\/dxradio\/php\/wordpress\/index.php?rest_route=\/wp\/v2\/users\/1"}],"replies":[{"embeddable":true,"href":"https:\/\/www.achimbrueckner.de\/dxradio\/php\/wordpress\/index.php?rest_route=%2Fwp%2Fv2%2Fcomments&post=8554"}],"version-history":[{"count":0,"href":"https:\/\/www.achimbrueckner.de\/dxradio\/php\/wordpress\/index.php?rest_route=\/wp\/v2\/posts\/8554\/revisions"}],"wp:attachment":[{"href":"https:\/\/www.achimbrueckner.de\/dxradio\/php\/wordpress\/index.php?rest_route=%2Fwp%2Fv2%2Fmedia&parent=8554"}],"wp:term":[{"taxonomy":"category","embeddable":true,"href":"https:\/\/www.achimbrueckner.de\/dxradio\/php\/wordpress\/index.php?rest_route=%2Fwp%2Fv2%2Fcategories&post=8554"},{"taxonomy":"post_tag","embeddable":true,"href":"https:\/\/www.achimbrueckner.de\/dxradio\/php\/wordpress\/index.php?rest_route=%2Fwp%2Fv2%2Ftags&post=8554"}],"curies":[{"name":"wp","href":"https:\/\/api.w.org\/{rel}","templated":true}]}}