{"id":8618,"date":"2016-06-25T16:52:50","date_gmt":"2016-06-25T16:52:50","guid":{"rendered":"https:\/\/www.achimbrueckner.de\/dxradio\/php\/wordpress\/?p=8618"},"modified":"2016-06-25T16:52:50","modified_gmt":"2016-06-25T16:52:50","slug":"41-ham-radio-2016-das-war-der-erste-messetag","status":"publish","type":"post","link":"https:\/\/www.achimbrueckner.de\/dxradio\/php\/wordpress\/?p=8618","title":{"rendered":"41. HAM RADIO 2016 &#8211; Das war der erste Messetag"},"content":{"rendered":"<p><a href=\"http:\/\/amateurfunk-im-norden.de\/index.php\/Thread\/1573-41-HAM-RADIO-2016-Das-war-der-erste-Messetag\/\" target=\"_blank\">http:\/\/amateurfunk-im-norden.de\/index.php\/Thread\/1573-41-HAM-RADIO-2016-Das-war-der-erste-Messetag\/<\/a><\/p>\n","protected":false},"excerpt":{"rendered":"<p>http:\/\/amateurfunk-im-norden.de\/index.php\/Thread\/1573-41-HAM-RADIO-2016-Das-war-der-erste-Messetag\/<\/p>\n","protected":false},"author":1,"featured_media":0,"comment_status":"open","ping_status":"open","sticky":false,"template":"","format":"standard","meta":{"_jetpack_memberships_contains_paid_content":false,"footnotes":"","jetpack_publicize_message":"","jetpack_publicize_feature_enabled":true,"jetpack_social_post_already_shared":true,"jetpack_social_options":{"image_generator_settings":{"template":"highway","default_image_id":0,"font":"","enabled":false},"version":2}},"categories":[1],"tags":[24],"class_list":["post-8618","post","type-post","status-publish","format-standard","hentry","category-deutsch","tag-am"],"jetpack_publicize_connections":[],"jetpack_featured_media_url":"","jetpack_sharing_enabled":true,"jetpack_shortlink":"https:\/\/wp.me\/p5CDmr-2f0","jetpack-related-posts":[{"id":39674,"url":"https:\/\/www.achimbrueckner.de\/dxradio\/php\/wordpress\/?p=39674","url_meta":{"origin":8618,"position":0},"title":"Deutschlands bekanntester, bergsteigender Funkamateur Emil Bergmann zu Gast auf der Ham Radio vom 23. bis 25. Juni 2023","author":"Administrator","date":"June 17, 2023","format":false,"excerpt":"Deutschlands bekanntester, bergsteigender Funkamateur Emil Bergmann zu Gast auf der Ham Radio vom 23. bis 25. Juni 2023 Abenteuer Amateurfunk: Einmal um die ganze Welt mit Funkequipment 12.06.2023 | Emil Bergmann Friedrichshafen \u2013 Emil Bergmann, Alpinist, Extremkletterer und leidenschaftlicher Funkamateur hat vor wenigen Tagen seine j\u00fcngste Expedition beendet. Gemeinsam mit\u2026","rel":"","context":"In &quot;camps&quot;","block_context":{"text":"camps","link":"https:\/\/www.achimbrueckner.de\/dxradio\/php\/wordpress\/?cat=5"},"img":{"alt_text":"","src":"","width":0,"height":0},"classes":[]},{"id":39716,"url":"https:\/\/www.achimbrueckner.de\/dxradio\/php\/wordpress\/?p=39716","url_meta":{"origin":8618,"position":1},"title":"Ham Radio l\u00e4sst den Funken f\u00fcr Technikbegeisterung \u00fcberspringen","author":"Administrator","date":"June 26, 2023","format":false,"excerpt":"Kurzbericht der Messegesellschaft: Ham Radio l\u00e4sst den Funken f\u00fcr Technikbegeisterung \u00fcberspringen Am Wochenende war es wieder so weit: Antennen, Funkger\u00e4te, nagelneue Sende- und Empf\u00e4ngeranlagen und ein vielseitiges Programm zum Thema MINT (Mathematik, Informatik, Naturwissenschaften und Technik) zogen 11 100 Besucherinnen und Besucher auf das Messegel\u00e4nde in Friedrichshafen. Funk-Fans aus 59\u2026","rel":"","context":"In &quot;Deutsch&quot;","block_context":{"text":"Deutsch","link":"https:\/\/www.achimbrueckner.de\/dxradio\/php\/wordpress\/?cat=1"},"img":{"alt_text":"","src":"","width":0,"height":0},"classes":[]},{"id":4575,"url":"https:\/\/www.achimbrueckner.de\/dxradio\/php\/wordpress\/?p=4575","url_meta":{"origin":8618,"position":2},"title":"40. HAM RADIO Erste SDR-Academy in Friedrichshafen","author":"Administrator","date":"May 10, 2015","format":false,"excerpt":"http:\/\/www.darc.de\/aktuelles\/details\/article\/erste-sdr-academy-in-friedrichshafen\/","rel":"","context":"In &quot;Deutsch&quot;","block_context":{"text":"Deutsch","link":"https:\/\/www.achimbrueckner.de\/dxradio\/php\/wordpress\/?cat=1"},"img":{"alt_text":"","src":"","width":0,"height":0},"classes":[]},{"id":18036,"url":"https:\/\/www.achimbrueckner.de\/dxradio\/php\/wordpress\/?p=18036","url_meta":{"origin":8618,"position":3},"title":"Das war die HAM Radio 2018","author":"Administrator","date":"June 3, 2018","format":false,"excerpt":"https:\/\/www.smartphonefan.de\/2018\/06\/03\/das-war-die-ham-radio-2018\/","rel":"","context":"In &quot;Deutsch&quot;","block_context":{"text":"Deutsch","link":"https:\/\/www.achimbrueckner.de\/dxradio\/php\/wordpress\/?cat=1"},"img":{"alt_text":"","src":"","width":0,"height":0},"classes":[]},{"id":4951,"url":"https:\/\/www.achimbrueckner.de\/dxradio\/php\/wordpress\/?p=4951","url_meta":{"origin":8618,"position":4},"title":"Ham Radio: Das gro\u00dfe Treffen der Funkerfreunde","author":"Administrator","date":"June 18, 2015","format":false,"excerpt":"http:\/\/www.suedkurier.de\/region\/bodenseekreis-oberschwaben\/bodenseekreis\/Ham-Radio-Das-grosse-Treffen-der-Funkerfreunde;art410936,7936474","rel":"","context":"In &quot;Deutsch&quot;","block_context":{"text":"Deutsch","link":"https:\/\/www.achimbrueckner.de\/dxradio\/php\/wordpress\/?cat=1"},"img":{"alt_text":"","src":"","width":0,"height":0},"classes":[]},{"id":8870,"url":"https:\/\/www.achimbrueckner.de\/dxradio\/php\/wordpress\/?p=8870","url_meta":{"origin":8618,"position":5},"title":"Vortr\u00e4ge und Pr\u00e4sentationen der Ham Radio 2016","author":"Administrator","date":"July 18, 2016","format":false,"excerpt":"Das Dokumentationsarchiv Funk hat die wichtigsten Vortr\u00e4ge und Pr\u00e4sentationen der Ham Radio 2016 in Bild und Ton online gestellt. Zugang zum \u201eH\u00f6rsaal\u201c 2008-2016: www.dokufunk.org","rel":"","context":"In &quot;Deutsch&quot;","block_context":{"text":"Deutsch","link":"https:\/\/www.achimbrueckner.de\/dxradio\/php\/wordpress\/?cat=1"},"img":{"alt_text":"","src":"","width":0,"height":0},"classes":[]}],"_links":{"self":[{"href":"https:\/\/www.achimbrueckner.de\/dxradio\/php\/wordpress\/index.php?rest_route=\/wp\/v2\/posts\/8618","targetHints":{"allow":["GET"]}}],"collection":[{"href":"https:\/\/www.achimbrueckner.de\/dxradio\/php\/wordpress\/index.php?rest_route=\/wp\/v2\/posts"}],"about":[{"href":"https:\/\/www.achimbrueckner.de\/dxradio\/php\/wordpress\/index.php?rest_route=\/wp\/v2\/types\/post"}],"author":[{"embeddable":true,"href":"https:\/\/www.achimbrueckner.de\/dxradio\/php\/wordpress\/index.php?rest_route=\/wp\/v2\/users\/1"}],"replies":[{"embeddable":true,"href":"https:\/\/www.achimbrueckner.de\/dxradio\/php\/wordpress\/index.php?rest_route=%2Fwp%2Fv2%2Fcomments&post=8618"}],"version-history":[{"count":0,"href":"https:\/\/www.achimbrueckner.de\/dxradio\/php\/wordpress\/index.php?rest_route=\/wp\/v2\/posts\/8618\/revisions"}],"wp:attachment":[{"href":"https:\/\/www.achimbrueckner.de\/dxradio\/php\/wordpress\/index.php?rest_route=%2Fwp%2Fv2%2Fmedia&parent=8618"}],"wp:term":[{"taxonomy":"category","embeddable":true,"href":"https:\/\/www.achimbrueckner.de\/dxradio\/php\/wordpress\/index.php?rest_route=%2Fwp%2Fv2%2Fcategories&post=8618"},{"taxonomy":"post_tag","embeddable":true,"href":"https:\/\/www.achimbrueckner.de\/dxradio\/php\/wordpress\/index.php?rest_route=%2Fwp%2Fv2%2Ftags&post=8618"}],"curies":[{"name":"wp","href":"https:\/\/api.w.org\/{rel}","templated":true}]}}