{"id":872,"date":"2010-01-24T16:47:21","date_gmt":"2010-01-24T16:47:21","guid":{"rendered":"https:\/\/www.achimbrueckner.de\/dxradio\/php\/wordpress\/?p=872"},"modified":"2010-01-24T16:47:21","modified_gmt":"2010-01-24T16:47:21","slug":"swlcs-spezial-24-januar-2010","status":"publish","type":"post","link":"https:\/\/www.achimbrueckner.de\/dxradio\/php\/wordpress\/?p=872","title":{"rendered":"SWLCS-Spezial 24. Januar 2010"},"content":{"rendered":"<p>24. Januar 2010 1900 bis 2000 MEZ:<\/p>\n<p><a href=\"http:\/\/stream.laut.fm\/kompakt.m3u\">http:\/\/stream.laut.fm\/kompakt.m3u<\/a><\/p>\n<p>Auf vielfachen Wunsch wird das SWLCS-Spezial wiederholt, mit folgendem Inhalt : Besuch im Studio von Radio F\u00f6rderband Mitte der 80iger, 2. Geburtstag von Radio Ropa Info mit dem DX-Programm von Manfred B\u00f6hm, Vorstellung des Radio S\u00fcdafrika RSA DX-Programms in deutscher Sprache, Peter Hell im Studio der SR-Saarlandwelle stellt das DXen vor.<\/p>\n<p>Info via <a href=\"http:\/\/www.fmkompakt.de\/cms\/website.php?id=\/de\/news.htm\">fmkompakt.de<\/a><\/p>\n","protected":false},"excerpt":{"rendered":"<p>24. Januar 2010 1900 bis 2000 MEZ: http:\/\/stream.laut.fm\/kompakt.m3u Auf vielfachen Wunsch wird das SWLCS-Spezial wiederholt, mit folgendem Inhalt : Besuch im Studio von Radio F\u00f6rderband Mitte der 80iger, 2. Geburtstag von Radio Ropa Info mit dem DX-Programm von Manfred B\u00f6hm, Vorstellung des Radio S\u00fcdafrika RSA DX-Programms in deutscher Sprache, Peter Hell im Studio der SR-Saarlandwelle &hellip; <a href=\"https:\/\/www.achimbrueckner.de\/dxradio\/php\/wordpress\/?p=872\" class=\"more-link\">Continue reading <span class=\"screen-reader-text\">SWLCS-Spezial 24. Januar 2010<\/span><\/a><\/p>\n","protected":false},"author":1,"featured_media":0,"comment_status":"open","ping_status":"open","sticky":false,"template":"","format":"standard","meta":{"_jetpack_memberships_contains_paid_content":false,"footnotes":"","jetpack_publicize_message":"","jetpack_publicize_feature_enabled":true,"jetpack_social_post_already_shared":false,"jetpack_social_options":{"image_generator_settings":{"template":"highway","default_image_id":0,"font":"","enabled":false},"version":2}},"categories":[1],"tags":[24,40,28],"class_list":["post-872","post","type-post","status-publish","format-standard","hentry","category-deutsch","tag-am","tag-dx","tag-fm"],"jetpack_publicize_connections":[],"jetpack_featured_media_url":"","jetpack_sharing_enabled":true,"jetpack_shortlink":"https:\/\/wp.me\/p5CDmr-e4","jetpack-related-posts":[{"id":331,"url":"https:\/\/www.achimbrueckner.de\/dxradio\/php\/wordpress\/?p=331","url_meta":{"origin":872,"position":0},"title":"Peter Hell verstorben","author":"Administrator","date":"May 30, 2007","format":false,"excerpt":"Der SWLCS-Vorsitzende Peter Hell ist am 29. Mai 2007 verstorben. Er war ein gro\u00dfer Aktivposten der DX-Szene und ma\u00dfgeblich an der Ausrichtung des DX-Camps in Merchweiler beteiligt. Ein Nachruf ist bei Willi Stengel sowie bei Radio Doctor Tim zu lesen. Dazu gibt es einen Thread im Radioforum ukwtv.de. Ein weiterer\u2026","rel":"","context":"In &quot;Deutsch&quot;","block_context":{"text":"Deutsch","link":"https:\/\/www.achimbrueckner.de\/dxradio\/php\/wordpress\/?cat=1"},"img":{"alt_text":"","src":"","width":0,"height":0},"classes":[]},{"id":777,"url":"https:\/\/www.achimbrueckner.de\/dxradio\/php\/wordpress\/?p=777","url_meta":{"origin":872,"position":1},"title":"Kontest Zum Jahreswechsel","author":"Administrator","date":"December 19, 2009","format":false,"excerpt":"Kontest Jahreswechsel 2009 \/ 2010 von Bernd Seiser Liebe H\u00f6rerinnen und H\u00f6rer, liebe Mitglieder und Freunde des RTI H\u00f6rerklubs Ottenau, vor 30 Jahren wurde der Kurzwellenh\u00f6rerklub Murgtal als SWLCS Ortsring Murgtal gegr\u00fcndet. Aus diesem Anlass gibt es nun einen gemeinsamen Kontest mit dem RTI H\u00f6rerklub Ottenau, zu dem ich Euch\u2026","rel":"","context":"In &quot;contests&quot;","block_context":{"text":"contests","link":"https:\/\/www.achimbrueckner.de\/dxradio\/php\/wordpress\/?cat=6"},"img":{"alt_text":"","src":"","width":0,"height":0},"classes":[]},{"id":38627,"url":"https:\/\/www.achimbrueckner.de\/dxradio\/php\/wordpress\/?p=38627","url_meta":{"origin":872,"position":2},"title":"LRA 36 RADIO NACIONAL ARCANGEL SAN GABRIEL 21 Januar 2023","author":"Administrator","date":"January 18, 2023","format":false,"excerpt":"Die Antarktis ruft! LRA 36 RADIO NACIONAL ARCANGEL SAN GABRIEL pr\u00e4sentiert \"UNIENDO Voces\" (\"Gemeinsame Stimmen\"). Es handelt sich um eine Sondersendung, die in Zusammenarbeit mit RAE (Radiodifusi\u00f3n Argentina al Exterior) produziert wird und sich an Kurzwellenh\u00f6rer, DXer und Funkamateure aus der ganzen Welt richtet. Die Sendung findet am SAMSTAG, 21.\u2026","rel":"","context":"In &quot;Deutsch&quot;","block_context":{"text":"Deutsch","link":"https:\/\/www.achimbrueckner.de\/dxradio\/php\/wordpress\/?cat=1"},"img":{"alt_text":"","src":"","width":0,"height":0},"classes":[]},{"id":7376,"url":"https:\/\/www.achimbrueckner.de\/dxradio\/php\/wordpress\/?p=7376","url_meta":{"origin":872,"position":3},"title":"31. Januar 2016 Sonntag ab 10 Uhr MEZ: &#8220;Radio. Menschen &#038; Geschichten&#8221;","author":"Administrator","date":"January 26, 2016","format":false,"excerpt":"Hallo in die Runde, Wir haben ja schon \u00fcber ein neues \"Radio-im-Radio-Magazin\" hier berichtet.. Dieses \"Corona-freie\", Ihr wisst schon. In 5 Tagen geht es dann also los mit Ausgabe 1. In den letzten Tagen hat sich einiges getan. Der Name steht fest: \"Radio. Menschen und Geschichten\". Ne Facebookseite gibt's derweil\u2026","rel":"","context":"In &quot;Deutsch&quot;","block_context":{"text":"Deutsch","link":"https:\/\/www.achimbrueckner.de\/dxradio\/php\/wordpress\/?cat=1"},"img":{"alt_text":"","src":"","width":0,"height":0},"classes":[]},{"id":795,"url":"https:\/\/www.achimbrueckner.de\/dxradio\/php\/wordpress\/?p=795","url_meta":{"origin":872,"position":4},"title":"Das Radio als Welterz\u00e4hler &#8211; Ein Nachruf auf die Magnetbandzeit","author":"Administrator","date":"December 26, 2009","format":false,"excerpt":"Sonntag 3. Januar 2010 14:04 FEATURE Das Radio als Welterz\u00e4hler Ein Nachruf auf die Magnetbandzeit Von Helmut Kopetzky Die \"Steinzeit\" des Rundfunks mit kr\u00e4chzenden Wachsplatten zur Aufzeichnung und Wiedergabe eben-solcher Vortr\u00e4ge (bis 15:00) RBB Kulturradio Info via A-DX","rel":"","context":"In &quot;Deutsch&quot;","block_context":{"text":"Deutsch","link":"https:\/\/www.achimbrueckner.de\/dxradio\/php\/wordpress\/?cat=1"},"img":{"alt_text":"","src":"","width":0,"height":0},"classes":[]},{"id":34200,"url":"https:\/\/www.achimbrueckner.de\/dxradio\/php\/wordpress\/?p=34200","url_meta":{"origin":872,"position":5},"title":"FMK Weihnachten 2021","author":"Administrator","date":"December 18, 2021","format":false,"excerpt":"Hallo liebe Radiofreunde, es wird dieses Jahr keinen DX-Marathon geben an dem sich FM Kompakt bzw. Radio Klein Paris beteiligen. Trotzdem habe ich mir etwas, einen kleinen Kontest, \u00fcberlegt. FM Kompakt hat in den Programmen von Partnerstationen jeweils einen Gru\u00df platziert und auch Musikw\u00fcnsche ge\u00e4u\u00dfert. Schaltet bitte folgende Programme ein\u2026","rel":"","context":"In &quot;Deutsch&quot;","block_context":{"text":"Deutsch","link":"https:\/\/www.achimbrueckner.de\/dxradio\/php\/wordpress\/?cat=1"},"img":{"alt_text":"","src":"","width":0,"height":0},"classes":[]}],"_links":{"self":[{"href":"https:\/\/www.achimbrueckner.de\/dxradio\/php\/wordpress\/index.php?rest_route=\/wp\/v2\/posts\/872","targetHints":{"allow":["GET"]}}],"collection":[{"href":"https:\/\/www.achimbrueckner.de\/dxradio\/php\/wordpress\/index.php?rest_route=\/wp\/v2\/posts"}],"about":[{"href":"https:\/\/www.achimbrueckner.de\/dxradio\/php\/wordpress\/index.php?rest_route=\/wp\/v2\/types\/post"}],"author":[{"embeddable":true,"href":"https:\/\/www.achimbrueckner.de\/dxradio\/php\/wordpress\/index.php?rest_route=\/wp\/v2\/users\/1"}],"replies":[{"embeddable":true,"href":"https:\/\/www.achimbrueckner.de\/dxradio\/php\/wordpress\/index.php?rest_route=%2Fwp%2Fv2%2Fcomments&post=872"}],"version-history":[{"count":0,"href":"https:\/\/www.achimbrueckner.de\/dxradio\/php\/wordpress\/index.php?rest_route=\/wp\/v2\/posts\/872\/revisions"}],"wp:attachment":[{"href":"https:\/\/www.achimbrueckner.de\/dxradio\/php\/wordpress\/index.php?rest_route=%2Fwp%2Fv2%2Fmedia&parent=872"}],"wp:term":[{"taxonomy":"category","embeddable":true,"href":"https:\/\/www.achimbrueckner.de\/dxradio\/php\/wordpress\/index.php?rest_route=%2Fwp%2Fv2%2Fcategories&post=872"},{"taxonomy":"post_tag","embeddable":true,"href":"https:\/\/www.achimbrueckner.de\/dxradio\/php\/wordpress\/index.php?rest_route=%2Fwp%2Fv2%2Ftags&post=872"}],"curies":[{"name":"wp","href":"https:\/\/api.w.org\/{rel}","templated":true}]}}