{"id":9006,"date":"2016-08-02T10:04:35","date_gmt":"2016-08-02T10:04:35","guid":{"rendered":"https:\/\/www.achimbrueckner.de\/dxradio\/php\/wordpress\/?p=9006"},"modified":"2016-08-02T10:04:35","modified_gmt":"2016-08-02T10:04:35","slug":"sr-3-eine-kathedrale-der-moderne-uberherrn-stellt-plane-fur-sender-felsberg-vor","status":"publish","type":"post","link":"https:\/\/www.achimbrueckner.de\/dxradio\/php\/wordpress\/?p=9006","title":{"rendered":"SR 3 &#8211; Eine Kathedrale der Moderne: \u00dcberherrn stellt Pl\u00e4ne f\u00fcr Sender Felsberg vor"},"content":{"rendered":"<p><a href=\"http:\/\/sr-mediathek.sr-online.de\/index.php?seite=7&#038;id=42704\" target=\"_blank\">http:\/\/sr-mediathek.sr-online.de\/index.php?seite=7&#038;id=42704<\/a><\/p>\n","protected":false},"excerpt":{"rendered":"<p>http:\/\/sr-mediathek.sr-online.de\/index.php?seite=7&#038;id=42704<\/p>\n","protected":false},"author":1,"featured_media":0,"comment_status":"open","ping_status":"open","sticky":false,"template":"","format":"standard","meta":{"_jetpack_memberships_contains_paid_content":false,"footnotes":"","jetpack_publicize_message":"","jetpack_publicize_feature_enabled":true,"jetpack_social_post_already_shared":true,"jetpack_social_options":{"image_generator_settings":{"template":"highway","default_image_id":0,"font":"","enabled":false},"version":2}},"categories":[1,17],"tags":[46],"class_list":["post-9006","post","type-post","status-publish","format-standard","hentry","category-deutsch","category-media","tag-media"],"jetpack_publicize_connections":[],"jetpack_featured_media_url":"","jetpack_sharing_enabled":true,"jetpack_shortlink":"https:\/\/wp.me\/p5CDmr-2lg","jetpack-related-posts":[{"id":26702,"url":"https:\/\/www.achimbrueckner.de\/dxradio\/php\/wordpress\/?p=26702","url_meta":{"origin":9006,"position":0},"title":"SR 1 &#8211; 60 Jahre SR: Die Europawelle Saar","author":"Administrator","date":"January 17, 2020","format":false,"excerpt":"https:\/\/www.sr-mediathek.de\/index.php?seite=7&id=45544&t=SR-Mediathek","rel":"","context":"In &quot;Deutsch&quot;","block_context":{"text":"Deutsch","link":"https:\/\/www.achimbrueckner.de\/dxradio\/php\/wordpress\/?cat=1"},"img":{"alt_text":"","src":"","width":0,"height":0},"classes":[]},{"id":32793,"url":"https:\/\/www.achimbrueckner.de\/dxradio\/php\/wordpress\/?p=32793","url_meta":{"origin":9006,"position":1},"title":"Knall und Fall &#8211; Das Ende der SR-Sendeanlage","author":"Administrator","date":"May 30, 2021","format":false,"excerpt":"https:\/\/www.ardmediathek.de\/video\/dokumentationen-und-reportagen\/knall-und-fall-das-ende-der-sr-sendeanlage\/sr\/Y3JpZDovL3NyLW9ubGluZS5kZS9EVVJfNjU3MTk\/","rel":"","context":"In &quot;Deutsch&quot;","block_context":{"text":"Deutsch","link":"https:\/\/www.achimbrueckner.de\/dxradio\/php\/wordpress\/?cat=1"},"img":{"alt_text":"","src":"","width":0,"height":0},"classes":[]},{"id":4023,"url":"https:\/\/www.achimbrueckner.de\/dxradio\/php\/wordpress\/?p=4023","url_meta":{"origin":9006,"position":2},"title":"SR-Fernsehen \u00fcber Sender Heusweiler (26.01.2014)","author":"Administrator","date":"January 26, 2015","format":false,"excerpt":"http:\/\/sr-mediathek.sr-online.de\/index.php?seite=7&id=30401 Info via A-DX","rel":"","context":"In &quot;Deutsch&quot;","block_context":{"text":"Deutsch","link":"https:\/\/www.achimbrueckner.de\/dxradio\/php\/wordpress\/?cat=1"},"img":{"alt_text":"","src":"","width":0,"height":0},"classes":[]},{"id":7806,"url":"https:\/\/www.achimbrueckner.de\/dxradio\/php\/wordpress\/?p=7806","url_meta":{"origin":9006,"position":3},"title":"Sendeschluss &#8211; Das Ende des Mittelwellensenders Heusweiler","author":"Administrator","date":"March 13, 2016","format":false,"excerpt":"http:\/\/www.sr.de\/sr\/fernsehen\/sendungen_a_-_z\/uebersicht\/feature\/20160312_sender_heusweiler100.html http:\/\/sr-mediathek.sr-online.de\/index.php?seite=7&id=39435","rel":"","context":"In &quot;Deutsch&quot;","block_context":{"text":"Deutsch","link":"https:\/\/www.achimbrueckner.de\/dxradio\/php\/wordpress\/?cat=1"},"img":{"alt_text":"","src":"","width":0,"height":0},"classes":[]},{"id":30783,"url":"https:\/\/www.achimbrueckner.de\/dxradio\/php\/wordpress\/?p=30783","url_meta":{"origin":9006,"position":4},"title":"Neuer Sendemast in Berus (11.11.2020)","author":"Administrator","date":"November 12, 2020","format":false,"excerpt":"https:\/\/www.sr.de\/sr\/mediathek\/video\/FS_AK17_2730.html","rel":"","context":"In &quot;Deutsch&quot;","block_context":{"text":"Deutsch","link":"https:\/\/www.achimbrueckner.de\/dxradio\/php\/wordpress\/?cat=1"},"img":{"alt_text":"","src":"","width":0,"height":0},"classes":[]},{"id":3693,"url":"https:\/\/www.achimbrueckner.de\/dxradio\/php\/wordpress\/?p=3693","url_meta":{"origin":9006,"position":5},"title":"Satellitenkontrollzentrum in Luxemburg","author":"Administrator","date":"October 20, 2014","format":false,"excerpt":"http:\/\/sr-mediathek.sr-online.de\/index.php?seite=7&id=28328","rel":"","context":"In &quot;Deutsch&quot;","block_context":{"text":"Deutsch","link":"https:\/\/www.achimbrueckner.de\/dxradio\/php\/wordpress\/?cat=1"},"img":{"alt_text":"","src":"","width":0,"height":0},"classes":[]}],"_links":{"self":[{"href":"https:\/\/www.achimbrueckner.de\/dxradio\/php\/wordpress\/index.php?rest_route=\/wp\/v2\/posts\/9006","targetHints":{"allow":["GET"]}}],"collection":[{"href":"https:\/\/www.achimbrueckner.de\/dxradio\/php\/wordpress\/index.php?rest_route=\/wp\/v2\/posts"}],"about":[{"href":"https:\/\/www.achimbrueckner.de\/dxradio\/php\/wordpress\/index.php?rest_route=\/wp\/v2\/types\/post"}],"author":[{"embeddable":true,"href":"https:\/\/www.achimbrueckner.de\/dxradio\/php\/wordpress\/index.php?rest_route=\/wp\/v2\/users\/1"}],"replies":[{"embeddable":true,"href":"https:\/\/www.achimbrueckner.de\/dxradio\/php\/wordpress\/index.php?rest_route=%2Fwp%2Fv2%2Fcomments&post=9006"}],"version-history":[{"count":0,"href":"https:\/\/www.achimbrueckner.de\/dxradio\/php\/wordpress\/index.php?rest_route=\/wp\/v2\/posts\/9006\/revisions"}],"wp:attachment":[{"href":"https:\/\/www.achimbrueckner.de\/dxradio\/php\/wordpress\/index.php?rest_route=%2Fwp%2Fv2%2Fmedia&parent=9006"}],"wp:term":[{"taxonomy":"category","embeddable":true,"href":"https:\/\/www.achimbrueckner.de\/dxradio\/php\/wordpress\/index.php?rest_route=%2Fwp%2Fv2%2Fcategories&post=9006"},{"taxonomy":"post_tag","embeddable":true,"href":"https:\/\/www.achimbrueckner.de\/dxradio\/php\/wordpress\/index.php?rest_route=%2Fwp%2Fv2%2Ftags&post=9006"}],"curies":[{"name":"wp","href":"https:\/\/api.w.org\/{rel}","templated":true}]}}