{"id":9081,"date":"2016-08-08T16:22:04","date_gmt":"2016-08-08T16:22:04","guid":{"rendered":"https:\/\/www.achimbrueckner.de\/dxradio\/php\/wordpress\/?p=9081"},"modified":"2016-08-08T16:22:04","modified_gmt":"2016-08-08T16:22:04","slug":"osterreich-musik-fm4-hangt-o3-wieder-klar-ab","status":"publish","type":"post","link":"https:\/\/www.achimbrueckner.de\/dxradio\/php\/wordpress\/?p=9081","title":{"rendered":"\u00d6sterreich-Musik: FM4 h\u00e4ngt \u00d63 wieder klar ab"},"content":{"rendered":"<p><a href=\"http:\/\/derstandard.at\/2000042523012\/Oesterreich-Musik-FM4-haengt-Oe3-wieder-klar-ab\" target=\"_blank\">http:\/\/derstandard.at\/2000042523012\/Oesterreich-Musik-FM4-haengt-Oe3-wieder-klar-ab<\/a><\/p>\n","protected":false},"excerpt":{"rendered":"<p>http:\/\/derstandard.at\/2000042523012\/Oesterreich-Musik-FM4-haengt-Oe3-wieder-klar-ab<\/p>\n","protected":false},"author":1,"featured_media":0,"comment_status":"open","ping_status":"open","sticky":false,"template":"","format":"standard","meta":{"_jetpack_memberships_contains_paid_content":false,"footnotes":"","jetpack_publicize_message":"","jetpack_publicize_feature_enabled":true,"jetpack_social_post_already_shared":true,"jetpack_social_options":{"image_generator_settings":{"template":"highway","default_image_id":0,"font":"","enabled":false},"version":2}},"categories":[1],"tags":[28],"class_list":["post-9081","post","type-post","status-publish","format-standard","hentry","category-deutsch","tag-fm"],"jetpack_publicize_connections":[],"jetpack_featured_media_url":"","jetpack_sharing_enabled":true,"jetpack_shortlink":"https:\/\/wp.me\/p5CDmr-2mt","jetpack-related-posts":[{"id":28815,"url":"https:\/\/www.achimbrueckner.de\/dxradio\/php\/wordpress\/?p=28815","url_meta":{"origin":9081,"position":0},"title":"Radio FM4 feiert Musik aus \u00d6sterreich","author":"Administrator","date":"May 26, 2020","format":false,"excerpt":"https:\/\/www.horizont.at\/medien\/news\/kampagne-radio-fm4-feiert-musik-aus-oesterreich-81233","rel":"","context":"In &quot;Deutsch&quot;","block_context":{"text":"Deutsch","link":"https:\/\/www.achimbrueckner.de\/dxradio\/php\/wordpress\/?cat=1"},"img":{"alt_text":"","src":"","width":0,"height":0},"classes":[]},{"id":9018,"url":"https:\/\/www.achimbrueckner.de\/dxradio\/php\/wordpress\/?p=9018","url_meta":{"origin":9081,"position":1},"title":"&#8220;Maximales Risiko&#8221; bei \u00d63, Grasl will FM4 j\u00fcnger positionieren","author":"Administrator","date":"August 2, 2016","format":false,"excerpt":"http:\/\/derstandard.at\/2000042103508\/Maximales-Risiko-bei-Oe3-Grasl-will-FM4-juenger-positionieren","rel":"","context":"In &quot;Deutsch&quot;","block_context":{"text":"Deutsch","link":"https:\/\/www.achimbrueckner.de\/dxradio\/php\/wordpress\/?cat=1"},"img":{"alt_text":"","src":"","width":0,"height":0},"classes":[]},{"id":25983,"url":"https:\/\/www.achimbrueckner.de\/dxradio\/php\/wordpress\/?p=25983","url_meta":{"origin":9081,"position":2},"title":"FM4 sendet aus neuen Studios \u2013 neue Sendung f\u00fcr \u00f6sterreichische Musik","author":"Administrator","date":"November 28, 2019","format":false,"excerpt":"http:\/\/www.radiowoche.de\/fm4-sendet-aus-neuen-studios-neue-sendung-fuer-oesterreichische-musik\/","rel":"","context":"In &quot;Deutsch&quot;","block_context":{"text":"Deutsch","link":"https:\/\/www.achimbrueckner.de\/dxradio\/php\/wordpress\/?cat=1"},"img":{"alt_text":"","src":"","width":0,"height":0},"classes":[]},{"id":44645,"url":"https:\/\/www.achimbrueckner.de\/dxradio\/php\/wordpress\/?p=44645","url_meta":{"origin":9081,"position":3},"title":"\u00d6sterreich: Das \u201e\u00d63-Weihnachtswunder\u201c wurde wieder wahr","author":"Administrator","date":"December 25, 2025","format":false,"excerpt":"https:\/\/www.radioblog.eu\/2025\/12\/25\/oesterreich-das-oe3-weihnachtswunder-wurde-wieder-wahr\/","rel":"","context":"In &quot;Deutsch&quot;","block_context":{"text":"Deutsch","link":"https:\/\/www.achimbrueckner.de\/dxradio\/php\/wordpress\/?cat=1"},"img":{"alt_text":"","src":"","width":0,"height":0},"classes":[]},{"id":44925,"url":"https:\/\/www.achimbrueckner.de\/dxradio\/php\/wordpress\/?p=44925","url_meta":{"origin":9081,"position":4},"title":"\u00d6sterreich: Hitradio \u00d63 im Radiotest wieder bei mehr als 30 Prozent","author":"Administrator","date":"January 30, 2026","format":false,"excerpt":"https:\/\/www.radioblog.eu\/2026\/01\/30\/oesterreich-hitradio-oe3-im-radiotest-wieder-bei-mehr-als-30-prozent\/","rel":"","context":"In &quot;Deutsch&quot;","block_context":{"text":"Deutsch","link":"https:\/\/www.achimbrueckner.de\/dxradio\/php\/wordpress\/?cat=1"},"img":{"alt_text":"","src":"","width":0,"height":0},"classes":[]},{"id":4019,"url":"https:\/\/www.achimbrueckner.de\/dxradio\/php\/wordpress\/?p=4019","url_meta":{"origin":9081,"position":5},"title":"Radio in \u00d6sterreich Mozart, Falco und FM4","author":"Administrator","date":"January 26, 2015","format":false,"excerpt":"http:\/\/www.sueddeutsche.de\/medien\/radio-in-oesterreich-mozart-falco-und-fm-1.2319825","rel":"","context":"In &quot;Deutsch&quot;","block_context":{"text":"Deutsch","link":"https:\/\/www.achimbrueckner.de\/dxradio\/php\/wordpress\/?cat=1"},"img":{"alt_text":"","src":"","width":0,"height":0},"classes":[]}],"_links":{"self":[{"href":"https:\/\/www.achimbrueckner.de\/dxradio\/php\/wordpress\/index.php?rest_route=\/wp\/v2\/posts\/9081","targetHints":{"allow":["GET"]}}],"collection":[{"href":"https:\/\/www.achimbrueckner.de\/dxradio\/php\/wordpress\/index.php?rest_route=\/wp\/v2\/posts"}],"about":[{"href":"https:\/\/www.achimbrueckner.de\/dxradio\/php\/wordpress\/index.php?rest_route=\/wp\/v2\/types\/post"}],"author":[{"embeddable":true,"href":"https:\/\/www.achimbrueckner.de\/dxradio\/php\/wordpress\/index.php?rest_route=\/wp\/v2\/users\/1"}],"replies":[{"embeddable":true,"href":"https:\/\/www.achimbrueckner.de\/dxradio\/php\/wordpress\/index.php?rest_route=%2Fwp%2Fv2%2Fcomments&post=9081"}],"version-history":[{"count":0,"href":"https:\/\/www.achimbrueckner.de\/dxradio\/php\/wordpress\/index.php?rest_route=\/wp\/v2\/posts\/9081\/revisions"}],"wp:attachment":[{"href":"https:\/\/www.achimbrueckner.de\/dxradio\/php\/wordpress\/index.php?rest_route=%2Fwp%2Fv2%2Fmedia&parent=9081"}],"wp:term":[{"taxonomy":"category","embeddable":true,"href":"https:\/\/www.achimbrueckner.de\/dxradio\/php\/wordpress\/index.php?rest_route=%2Fwp%2Fv2%2Fcategories&post=9081"},{"taxonomy":"post_tag","embeddable":true,"href":"https:\/\/www.achimbrueckner.de\/dxradio\/php\/wordpress\/index.php?rest_route=%2Fwp%2Fv2%2Ftags&post=9081"}],"curies":[{"name":"wp","href":"https:\/\/api.w.org\/{rel}","templated":true}]}}