{"id":969,"date":"2010-03-20T17:08:45","date_gmt":"2010-03-20T17:08:45","guid":{"rendered":"https:\/\/www.achimbrueckner.de\/dxradio\/php\/wordpress\/?p=969"},"modified":"2010-03-20T17:08:45","modified_gmt":"2010-03-20T17:08:45","slug":"cri-easy-fm","status":"publish","type":"post","link":"https:\/\/www.achimbrueckner.de\/dxradio\/php\/wordpress\/?p=969","title":{"rendered":"CRI-EASY-FM"},"content":{"rendered":"<p>Der Popsender von China Radio International<\/p>\n<p><a href=\"http:\/\/english.cri.cn\/easyfm\/\">http:\/\/english.cri.cn\/easyfm\/<\/a><\/p>\n<p>Info via <a href=\"http:\/\/www.ratzer.at\">Net-Radio<\/a><\/p>\n","protected":false},"excerpt":{"rendered":"<p>Der Popsender von China Radio International http:\/\/english.cri.cn\/easyfm\/ Info via Net-Radio<\/p>\n","protected":false},"author":1,"featured_media":0,"comment_status":"open","ping_status":"open","sticky":false,"template":"","format":"standard","meta":{"_jetpack_memberships_contains_paid_content":false,"footnotes":"","jetpack_publicize_message":"","jetpack_publicize_feature_enabled":true,"jetpack_social_post_already_shared":false,"jetpack_social_options":{"image_generator_settings":{"template":"highway","default_image_id":0,"font":"","enabled":false},"version":2}},"categories":[7],"tags":[28],"class_list":["post-969","post","type-post","status-publish","format-standard","hentry","category-links","tag-fm"],"jetpack_publicize_connections":[],"jetpack_featured_media_url":"","jetpack_sharing_enabled":true,"jetpack_shortlink":"https:\/\/wp.me\/p5CDmr-fD","jetpack-related-posts":[{"id":9026,"url":"https:\/\/www.achimbrueckner.de\/dxradio\/php\/wordpress\/?p=9026","url_meta":{"origin":969,"position":0},"title":"Radio Klein Paris International Sonntag den 21.08.2016 von 19:00-20:00 UTC via 6070 khz","author":"Administrator","date":"August 4, 2016","format":false,"excerpt":"H\u00f6rtipp: Der \"Macher\" von FM Kompakt im Radio geht wieder mit Radio Klein Paris on Air: Radio Klein Paris International Sonntag den 21.08.2016 von 19:00-20:00 UTC via 6070 khz (channel292) Themen der Sendung Umrahmung mit Musik aus Mecklenburg-Vorpommern H\u00f6rerpost Kunos-Radiothek mit einem Portr\u00e4t der Radio DDR Ferienwelle aus Rostock und\u2026","rel":"","context":"In &quot;Deutsch&quot;","block_context":{"text":"Deutsch","link":"https:\/\/www.achimbrueckner.de\/dxradio\/php\/wordpress\/?cat=1"},"img":{"alt_text":"","src":"","width":0,"height":0},"classes":[]},{"id":78,"url":"https:\/\/www.achimbrueckner.de\/dxradio\/php\/wordpress\/?p=78","url_meta":{"origin":969,"position":1},"title":"CRI Beijing","author":"Administrator","date":"October 5, 2006","format":false,"excerpt":"China Radio International is on 7295 Khz at 2050 Utc with SINPO 33433. Programme is in english with music and Chinese Studio - chinese language lesson. At 2057 Utc abruptly signing off. Emails go to crieng(@)crifm.com and the website is on http:\/\/en.chinabroadcast.cn\/. Via transmitter in Albania is China Radio International\u2026","rel":"","context":"In &quot;reception&quot;","block_context":{"text":"reception","link":"https:\/\/www.achimbrueckner.de\/dxradio\/php\/wordpress\/?cat=4"},"img":{"alt_text":"","src":"","width":0,"height":0},"classes":[]},{"id":3911,"url":"https:\/\/www.achimbrueckner.de\/dxradio\/php\/wordpress\/?p=3911","url_meta":{"origin":969,"position":2},"title":"Kunos Radiothek und FM Kompakt goes DX und wird International !","author":"Administrator","date":"December 30, 2014","format":false,"excerpt":"Radio HCJB wird ab 03.01.15 jeweils an den ersten drei Samstagen eines Monats innerhalb der Sendung \"F\u00fcr DXer\" einen Beitrag aus der Reihe Kunos-Radiothek ausstrahlen. Sendezeiten 06:30-07:00 \/ 08:30-09:00 \/ 17:00-17:30 \/ 20:00-20:30 \/ 23:00-23:30 MEZ Frequenzen 3995 & 7365 khz Sender Weenermoor (Deutschland) & Podcast via http:\/\/www.vozandes.net\/scripts\/ALP.php Damit \u00fcbernimmt\u2026","rel":"","context":"In &quot;Deutsch&quot;","block_context":{"text":"Deutsch","link":"https:\/\/www.achimbrueckner.de\/dxradio\/php\/wordpress\/?cat=1"},"img":{"alt_text":"","src":"","width":0,"height":0},"classes":[]},{"id":2485,"url":"https:\/\/www.achimbrueckner.de\/dxradio\/php\/wordpress\/?p=2485","url_meta":{"origin":969,"position":3},"title":"DX und Medienmagazin","author":"Administrator","date":"April 29, 2013","format":false,"excerpt":"Der Urlaubssender Hola FM, auf Fuerteventura sendet jetzt Sonntags von 20-22 Uhr (lokal) also 21-23Uhr MESZ ein \"Medien und DX Programm\" zudem werden dort nat\u00fcrlich auch die Bundesligaergebnisse zum besten gegeben. http:\/\/www.holafm.de\/ Info via Net-Radio","rel":"","context":"In &quot;Deutsch&quot;","block_context":{"text":"Deutsch","link":"https:\/\/www.achimbrueckner.de\/dxradio\/php\/wordpress\/?cat=1"},"img":{"alt_text":"","src":"","width":0,"height":0},"classes":[]},{"id":1402,"url":"https:\/\/www.achimbrueckner.de\/dxradio\/php\/wordpress\/?p=1402","url_meta":{"origin":969,"position":4},"title":"Programmtipp &#8211; Erinnerungen an Radio Ropa Info","author":"Administrator","date":"March 12, 2011","format":false,"excerpt":"Sonntag, 13.03.11, 19:00- ca. 20:15h: Radio Ropa Info mit Manfred B\u00f6hm und seinen DX-Sendungen geh\u00f6rte zum absoluten Ohrenschmaus f\u00fcr uns Radiofreaks und DXer. FM Kompakt erinnert an den DX Report, an den ersten Beitrag von Markus Weidner im Studio bei Manfred (am 01.11.92), Manfred B\u00f6hm zur Einstellung des DX Reports\u2026","rel":"","context":"In &quot;Deutsch&quot;","block_context":{"text":"Deutsch","link":"https:\/\/www.achimbrueckner.de\/dxradio\/php\/wordpress\/?cat=1"},"img":{"alt_text":"","src":"","width":0,"height":0},"classes":[]},{"id":878,"url":"https:\/\/www.achimbrueckner.de\/dxradio\/php\/wordpress\/?p=878","url_meta":{"origin":969,"position":5},"title":"Ostwelle","author":"Administrator","date":"January 29, 2010","format":false,"excerpt":"Beid er Station Ostwelle laufen nur Lieder aus der ehemaligen Deutschen Demokratischen Republik laufen: http:\/\/www.laut.fm\/ostwelle http:\/\/www.ostwelle.de Livestream (mp3, 128 kb\/s): http:\/\/stream.laut.fm\/ostwelle In der Programmbeschreibung hei\u00dft es: Die Ostwelle bringt Ihnen Leckerbissen aus vier Jahrzehnten DDR nach Hause. Schlager- und Volksmusikstars der ehemaligen DDR, die sch\u00f6nsten Balladen, historische Pionier- und FDJ-Lieder\u2026","rel":"","context":"In &quot;links&quot;","block_context":{"text":"links","link":"https:\/\/www.achimbrueckner.de\/dxradio\/php\/wordpress\/?cat=7"},"img":{"alt_text":"","src":"","width":0,"height":0},"classes":[]}],"_links":{"self":[{"href":"https:\/\/www.achimbrueckner.de\/dxradio\/php\/wordpress\/index.php?rest_route=\/wp\/v2\/posts\/969","targetHints":{"allow":["GET"]}}],"collection":[{"href":"https:\/\/www.achimbrueckner.de\/dxradio\/php\/wordpress\/index.php?rest_route=\/wp\/v2\/posts"}],"about":[{"href":"https:\/\/www.achimbrueckner.de\/dxradio\/php\/wordpress\/index.php?rest_route=\/wp\/v2\/types\/post"}],"author":[{"embeddable":true,"href":"https:\/\/www.achimbrueckner.de\/dxradio\/php\/wordpress\/index.php?rest_route=\/wp\/v2\/users\/1"}],"replies":[{"embeddable":true,"href":"https:\/\/www.achimbrueckner.de\/dxradio\/php\/wordpress\/index.php?rest_route=%2Fwp%2Fv2%2Fcomments&post=969"}],"version-history":[{"count":0,"href":"https:\/\/www.achimbrueckner.de\/dxradio\/php\/wordpress\/index.php?rest_route=\/wp\/v2\/posts\/969\/revisions"}],"wp:attachment":[{"href":"https:\/\/www.achimbrueckner.de\/dxradio\/php\/wordpress\/index.php?rest_route=%2Fwp%2Fv2%2Fmedia&parent=969"}],"wp:term":[{"taxonomy":"category","embeddable":true,"href":"https:\/\/www.achimbrueckner.de\/dxradio\/php\/wordpress\/index.php?rest_route=%2Fwp%2Fv2%2Fcategories&post=969"},{"taxonomy":"post_tag","embeddable":true,"href":"https:\/\/www.achimbrueckner.de\/dxradio\/php\/wordpress\/index.php?rest_route=%2Fwp%2Fv2%2Ftags&post=969"}],"curies":[{"name":"wp","href":"https:\/\/api.w.org\/{rel}","templated":true}]}}