{"id":10687,"date":"2009-02-10T15:34:16","date_gmt":"2009-02-10T15:34:16","guid":{"rendered":"https:\/\/www.achimbrueckner.de\/freeradio\/php\/wordpress\/?p=10687"},"modified":"2009-02-10T15:34:16","modified_gmt":"2009-02-10T15:34:16","slug":"theaterstuck-radio-atlantis","status":"publish","type":"post","link":"https:\/\/www.achimbrueckner.de\/freeradio\/php\/wordpress\/?p=10687","title":{"rendered":"Theaterst\u00fcck Radio Atlantis"},"content":{"rendered":"<p>\u00dcber das Theaterst\u00fcck Radio Atlantis um einen Piratensender berichtet <a href=\"http:\/\/www.ivz-online.de\/lokales\/kreis_steinfurt\/hopsten\/966609_Piratensender_geht_in_Hopsten_on_Air.html\">IVZ Online<\/a>.<\/p>\n","protected":false},"excerpt":{"rendered":"<p>\u00dcber das Theaterst\u00fcck Radio Atlantis um einen Piratensender berichtet IVZ Online.<\/p>\n","protected":false},"author":1,"featured_media":0,"comment_status":"open","ping_status":"open","sticky":false,"template":"","format":"standard","meta":{"_jetpack_memberships_contains_paid_content":false,"footnotes":"","jetpack_publicize_message":"","jetpack_publicize_feature_enabled":true,"jetpack_social_post_already_shared":false,"jetpack_social_options":{"image_generator_settings":{"template":"highway","default_image_id":0,"font":"","enabled":false},"version":2}},"categories":[1],"tags":[25],"class_list":["post-10687","post","type-post","status-publish","format-standard","hentry","category-uncategorized","tag-piratensender"],"jetpack_publicize_connections":[],"jetpack_featured_media_url":"","jetpack_sharing_enabled":true,"jetpack_shortlink":"https:\/\/wp.me\/p5CD59-2Mn","jetpack-related-posts":[{"id":7856,"url":"https:\/\/www.achimbrueckner.de\/freeradio\/php\/wordpress\/?p=7856","url_meta":{"origin":10687,"position":0},"title":"Piratensender in Peking","author":"Administrator","date":"August 8, 2008 12:49","format":false,"excerpt":"Die Zeit berichtet \u00fcber einen Piratensender in Peking, den die Menschenrechtsgruppe Reporter ohne Grenzen 20 Minuten lang betrieb. Die Welle wurde Radio ohne Grenzen genannt.","rel":"","context":"In \"Piratensender\"","block_context":{"text":"Piratensender","link":"https:\/\/www.achimbrueckner.de\/freeradio\/php\/wordpress\/?tag=piratensender"},"img":{"alt_text":"","src":"","width":0,"height":0},"classes":[]},{"id":11126,"url":"https:\/\/www.achimbrueckner.de\/freeradio\/php\/wordpress\/?p=11126","url_meta":{"origin":10687,"position":1},"title":"Internet-Piratensender ausgehoben","author":"Administrator","date":"March 14, 2009 08:04","format":false,"excerpt":"Die Berliner Morgenpost berichtet \u00fcber einen rechtsextremen Internet-Piratensender, der ausgebohen wurde.","rel":"","context":"In \"Piratensender\"","block_context":{"text":"Piratensender","link":"https:\/\/www.achimbrueckner.de\/freeradio\/php\/wordpress\/?tag=piratensender"},"img":{"alt_text":"","src":"","width":0,"height":0},"classes":[]},{"id":5078,"url":"https:\/\/www.achimbrueckner.de\/freeradio\/php\/wordpress\/?p=5078","url_meta":{"origin":10687,"position":2},"title":"Niederl\u00e4ndischer Piratensender legalisiert","author":"Administrator","date":"December 29, 2007 22:04","format":false,"excerpt":"\u00dcber einen niederl\u00e4ndischen legalisierten Piratensender berichtet Stefan Hagedorn hier. Quelle: www.transponder-news.de","rel":"","context":"In \"Piratensender\"","block_context":{"text":"Piratensender","link":"https:\/\/www.achimbrueckner.de\/freeradio\/php\/wordpress\/?tag=piratensender"},"img":{"alt_text":"","src":"","width":0,"height":0},"classes":[]},{"id":22515,"url":"https:\/\/www.achimbrueckner.de\/freeradio\/php\/wordpress\/?p=22515","url_meta":{"origin":10687,"position":3},"title":"Athener Piratensender","author":"Administrator","date":"June 20, 2011 16:06","format":false,"excerpt":"Tagesschau.de berichtet \u00fcber einen Athener Piratensender http:\/\/www.tagesschau.de\/ausland\/griechenlandvertrauensfrage102.html Info via Twitter","rel":"","context":"In \"Piratensender\"","block_context":{"text":"Piratensender","link":"https:\/\/www.achimbrueckner.de\/freeradio\/php\/wordpress\/?tag=piratensender"},"img":{"alt_text":"","src":"","width":0,"height":0},"classes":[]},{"id":35177,"url":"https:\/\/www.achimbrueckner.de\/freeradio\/php\/wordpress\/?p=35177","url_meta":{"origin":10687,"position":4},"title":"3. Seepiraten-Nacht am Samstag, 30. August ab 20 Uhr","author":"Administrator","date":"August 30, 2014 13:32","format":false,"excerpt":"3. Seepiraten-Nacht am Samstag, 30. August ab 20 Uhr: Sondersendung zum 40. Jahrestag des Verbots von Seesendern vor der niederl\u00e4ndischen K\u00fcste von Gunnar Leohnard (Eisenach). Am 31. August 1974 verstummten die ber\u00fchmt-ber\u00fcchtigten Piraten-Radiosender vor der holl\u00e4ndischen K\u00fcste. Radio Veronica, Radio Atlantis und Radio Nordsee International wurden abgeschaltet, Radio Caroline verlagerte\u2026","rel":"","context":"In \"AM\"","block_context":{"text":"AM","link":"https:\/\/www.achimbrueckner.de\/freeradio\/php\/wordpress\/?tag=am"},"img":{"alt_text":"","src":"","width":0,"height":0},"classes":[]},{"id":7673,"url":"https:\/\/www.achimbrueckner.de\/freeradio\/php\/wordpress\/?p=7673","url_meta":{"origin":10687,"position":5},"title":"Radio Atlantis Rotterdam","author":"Administrator","date":"July 21, 2008 15:55","format":false,"excerpt":"Radio Atlantis Rotterdam ist als Internetstation wieder auferstanden. \u00d6fters gibt es Programme aus den 80er Jahren als Piratensender auf dem stream.","rel":"","context":"In &quot;webradio&quot;","block_context":{"text":"webradio","link":"https:\/\/www.achimbrueckner.de\/freeradio\/php\/wordpress\/?cat=13"},"img":{"alt_text":"","src":"","width":0,"height":0},"classes":[]}],"_links":{"self":[{"href":"https:\/\/www.achimbrueckner.de\/freeradio\/php\/wordpress\/index.php?rest_route=\/wp\/v2\/posts\/10687","targetHints":{"allow":["GET"]}}],"collection":[{"href":"https:\/\/www.achimbrueckner.de\/freeradio\/php\/wordpress\/index.php?rest_route=\/wp\/v2\/posts"}],"about":[{"href":"https:\/\/www.achimbrueckner.de\/freeradio\/php\/wordpress\/index.php?rest_route=\/wp\/v2\/types\/post"}],"author":[{"embeddable":true,"href":"https:\/\/www.achimbrueckner.de\/freeradio\/php\/wordpress\/index.php?rest_route=\/wp\/v2\/users\/1"}],"replies":[{"embeddable":true,"href":"https:\/\/www.achimbrueckner.de\/freeradio\/php\/wordpress\/index.php?rest_route=%2Fwp%2Fv2%2Fcomments&post=10687"}],"version-history":[{"count":0,"href":"https:\/\/www.achimbrueckner.de\/freeradio\/php\/wordpress\/index.php?rest_route=\/wp\/v2\/posts\/10687\/revisions"}],"wp:attachment":[{"href":"https:\/\/www.achimbrueckner.de\/freeradio\/php\/wordpress\/index.php?rest_route=%2Fwp%2Fv2%2Fmedia&parent=10687"}],"wp:term":[{"taxonomy":"category","embeddable":true,"href":"https:\/\/www.achimbrueckner.de\/freeradio\/php\/wordpress\/index.php?rest_route=%2Fwp%2Fv2%2Fcategories&post=10687"},{"taxonomy":"post_tag","embeddable":true,"href":"https:\/\/www.achimbrueckner.de\/freeradio\/php\/wordpress\/index.php?rest_route=%2Fwp%2Fv2%2Ftags&post=10687"}],"curies":[{"name":"wp","href":"https:\/\/api.w.org\/{rel}","templated":true}]}}