{"id":10948,"date":"2009-02-26T16:36:18","date_gmt":"2009-02-26T16:36:18","guid":{"rendered":"https:\/\/www.achimbrueckner.de\/freeradio\/php\/wordpress\/?p=10948"},"modified":"2009-02-26T16:36:18","modified_gmt":"2009-02-26T16:36:18","slug":"patrick-lynen","status":"publish","type":"post","link":"https:\/\/www.achimbrueckner.de\/freeradio\/php\/wordpress\/?p=10948","title":{"rendered":"Patrick Lynen"},"content":{"rendered":"<p>Patrick Lynen \u00fcber Radio Benelux und die Anfangszeit der Privatradios.<\/p>\n<p><a href=\"http:\/\/www.domradio.de\/audio\/podcast\/kopfhoerer\/090206kopfhoerer.mp3\">090206kopfhoerer.mp3<\/a><\/p>\n<p>Info via <a href=\"http:\/\/forum.mysnip.de\/read.php?15515,670704\">Radioh\u00f6rerforum ukwtv.de<\/a><\/p>\n","protected":false},"excerpt":{"rendered":"<p>Patrick Lynen \u00fcber Radio Benelux und die Anfangszeit der Privatradios. 090206kopfhoerer.mp3 Info via Radioh\u00f6rerforum ukwtv.de<\/p>\n","protected":false},"author":1,"featured_media":0,"comment_status":"open","ping_status":"open","sticky":false,"template":"","format":"standard","meta":{"_jetpack_memberships_contains_paid_content":false,"footnotes":"","jetpack_publicize_message":"","jetpack_publicize_feature_enabled":true,"jetpack_social_post_already_shared":false,"jetpack_social_options":{"image_generator_settings":{"template":"highway","default_image_id":0,"font":"","enabled":false},"version":2}},"categories":[1],"tags":[35,33],"class_list":["post-10948","post","type-post","status-publish","format-standard","hentry","category-uncategorized","tag-benelux","tag-ukw"],"jetpack_publicize_connections":[],"jetpack_featured_media_url":"","jetpack_sharing_enabled":true,"jetpack_shortlink":"https:\/\/wp.me\/p5CD59-2QA","jetpack-related-posts":[{"id":473927,"url":"https:\/\/www.achimbrueckner.de\/freeradio\/php\/wordpress\/?p=473927","url_meta":{"origin":10948,"position":0},"title":"Patrick Bodarwe verstorben &#8211; er machte Radio Benelux m\u00f6glich","author":"Administrator","date":"January 26, 2025 18:28","format":false,"excerpt":"https:\/\/www.addx.org\/textarchiv\/2024-05-11.pdf","rel":"","context":"Similar post","block_context":{"text":"Similar post","link":""},"img":{"alt_text":"","src":"","width":0,"height":0},"classes":[]},{"id":36171,"url":"https:\/\/www.achimbrueckner.de\/freeradio\/php\/wordpress\/?p=36171","url_meta":{"origin":10948,"position":1},"title":"Vintage QSL Radio Benelux","author":"Administrator","date":"October 10, 2014 21:19","format":false,"excerpt":"","rel":"","context":"In &quot;QSL&quot;","block_context":{"text":"QSL","link":"https:\/\/www.achimbrueckner.de\/freeradio\/php\/wordpress\/?cat=8"},"img":{"alt_text":"","src":"","width":0,"height":0},"classes":[]},{"id":23308,"url":"https:\/\/www.achimbrueckner.de\/freeradio\/php\/wordpress\/?p=23308","url_meta":{"origin":10948,"position":2},"title":"Radio Benelux Website Spot","author":"Administrator","date":"November 1, 2011 18:57","format":false,"excerpt":"hier ein von Nick Barker und mir produzierter Spot f\u00fcr die Radio Benelux-Website, mit vielen O-T\u00f6nen aus den sch\u00f6nen Benelux-Zeiten. promo_fuer_radio-benelux.de.mp3","rel":"","context":"In &quot;download&quot;","block_context":{"text":"download","link":"https:\/\/www.achimbrueckner.de\/freeradio\/php\/wordpress\/?cat=7"},"img":{"alt_text":"","src":"","width":0,"height":0},"classes":[]},{"id":458761,"url":"https:\/\/www.achimbrueckner.de\/freeradio\/php\/wordpress\/?p=458761","url_meta":{"origin":10948,"position":3},"title":"Radio Benelux Website Promo","author":"Administrator","date":"May 10, 2018 15:54","format":false,"excerpt":"Radio Benelux-Website-Promo.wav","rel":"","context":"In \"Benelux\"","block_context":{"text":"Benelux","link":"https:\/\/www.achimbrueckner.de\/freeradio\/php\/wordpress\/?tag=benelux"},"img":{"alt_text":"","src":"","width":0,"height":0},"classes":[]},{"id":2702,"url":"https:\/\/www.achimbrueckner.de\/freeradio\/php\/wordpress\/?p=2702","url_meta":{"origin":10948,"position":4},"title":"Radio Benelux Revival","author":"Administrator","date":"May 16, 2007 22:27","format":false,"excerpt":"Auf Radio D\u00fclken l\u00e4uft am 17. Mai 2007 ab 1200 Uhr MESZ eine Sondersendung zu 26 Jahre Radio Benelux. Einschalten via webstream. Mehr zu Radio Benelux gibt es auf www.radio-benelux.de. In der Sondersendung werden wohl die Orginal-Tondokumente von damals ausgestrahlt. Info via Radioh\u00f6rerforum ukwtv.de","rel":"","context":"In \"AM\"","block_context":{"text":"AM","link":"https:\/\/www.achimbrueckner.de\/freeradio\/php\/wordpress\/?tag=am"},"img":{"alt_text":"","src":"","width":0,"height":0},"classes":[]},{"id":26711,"url":"https:\/\/www.achimbrueckner.de\/freeradio\/php\/wordpress\/?p=26711","url_meta":{"origin":10948,"position":5},"title":"Benelux 80th","author":"Administrator","date":"January 14, 2013 19:15","format":false,"excerpt":"Listening back to the 80th in Benelux: 130111Ebbesender1978Bnl8283HenriRti8687Paradise8487.mp3 130112Ebbesender1978Bnl8283HenriRti8687Paradise8487.mp3 130112Ebbesender1978Bnl8283HenriRti8687Paradise8487B.mp3","rel":"","context":"In &quot;download&quot;","block_context":{"text":"download","link":"https:\/\/www.achimbrueckner.de\/freeradio\/php\/wordpress\/?cat=7"},"img":{"alt_text":"","src":"","width":0,"height":0},"classes":[]}],"_links":{"self":[{"href":"https:\/\/www.achimbrueckner.de\/freeradio\/php\/wordpress\/index.php?rest_route=\/wp\/v2\/posts\/10948","targetHints":{"allow":["GET"]}}],"collection":[{"href":"https:\/\/www.achimbrueckner.de\/freeradio\/php\/wordpress\/index.php?rest_route=\/wp\/v2\/posts"}],"about":[{"href":"https:\/\/www.achimbrueckner.de\/freeradio\/php\/wordpress\/index.php?rest_route=\/wp\/v2\/types\/post"}],"author":[{"embeddable":true,"href":"https:\/\/www.achimbrueckner.de\/freeradio\/php\/wordpress\/index.php?rest_route=\/wp\/v2\/users\/1"}],"replies":[{"embeddable":true,"href":"https:\/\/www.achimbrueckner.de\/freeradio\/php\/wordpress\/index.php?rest_route=%2Fwp%2Fv2%2Fcomments&post=10948"}],"version-history":[{"count":0,"href":"https:\/\/www.achimbrueckner.de\/freeradio\/php\/wordpress\/index.php?rest_route=\/wp\/v2\/posts\/10948\/revisions"}],"wp:attachment":[{"href":"https:\/\/www.achimbrueckner.de\/freeradio\/php\/wordpress\/index.php?rest_route=%2Fwp%2Fv2%2Fmedia&parent=10948"}],"wp:term":[{"taxonomy":"category","embeddable":true,"href":"https:\/\/www.achimbrueckner.de\/freeradio\/php\/wordpress\/index.php?rest_route=%2Fwp%2Fv2%2Fcategories&post=10948"},{"taxonomy":"post_tag","embeddable":true,"href":"https:\/\/www.achimbrueckner.de\/freeradio\/php\/wordpress\/index.php?rest_route=%2Fwp%2Fv2%2Ftags&post=10948"}],"curies":[{"name":"wp","href":"https:\/\/api.w.org\/{rel}","templated":true}]}}