{"id":12184,"date":"2009-05-29T16:01:26","date_gmt":"2009-05-29T16:01:26","guid":{"rendered":"https:\/\/www.achimbrueckner.de\/freeradio\/php\/wordpress\/?p=12184"},"modified":"2009-05-29T16:01:26","modified_gmt":"2009-05-29T16:01:26","slug":"radio-victoria-via-milano","status":"publish","type":"post","link":"https:\/\/www.achimbrueckner.de\/freeradio\/php\/wordpress\/?p=12184","title":{"rendered":"Radio Victoria via Milano"},"content":{"rendered":"<p>Old studio tape Radio Victoria via Milano from 1984:<\/p>\n<p><a href=\"http:\/\/www.mediafire.com\/download.php?kmowmkwkz4z\">RadioVictoriaViaMilano1984.mp3<\/a><\/p>\n","protected":false},"excerpt":{"rendered":"<p>Old studio tape Radio Victoria via Milano from 1984: RadioVictoriaViaMilano1984.mp3<\/p>\n","protected":false},"author":1,"featured_media":0,"comment_status":"open","ping_status":"open","sticky":false,"template":"","format":"standard","meta":{"_jetpack_memberships_contains_paid_content":false,"footnotes":"","jetpack_publicize_message":"","jetpack_publicize_feature_enabled":true,"jetpack_social_post_already_shared":false,"jetpack_social_options":{"image_generator_settings":{"template":"highway","default_image_id":0,"font":"","enabled":false},"version":2}},"categories":[7],"tags":[22],"class_list":["post-12184","post","type-post","status-publish","format-standard","hentry","category-download","tag-am"],"jetpack_publicize_connections":[],"jetpack_featured_media_url":"","jetpack_sharing_enabled":true,"jetpack_shortlink":"https:\/\/wp.me\/p5CD59-3aw","jetpack-related-posts":[{"id":473855,"url":"https:\/\/www.achimbrueckner.de\/freeradio\/php\/wordpress\/?p=473855","url_meta":{"origin":12184,"position":0},"title":"Radio Victoria Kurzwellen-Revival 2024","author":"Administrator","date":"December 16, 2024 16:24","format":false,"excerpt":"Radio Victoria Kurzwellen-Revival 2024 In den achtziger Jahren war dieser Sender f\u00fcr zahlreiche Kurzwellenh\u00f6rer im deutschsprachigen Europa ein Teil ihrer Jugend. F\u00fcr einige war er sogar ein erster Schritt auf dem Weg zum privaten Rundfunk in Deutschland. Radio Victoria, der \"unabh\u00e4ngige Kurzwellen-Musiksender\", kommt gesponsert durch ein ehemaliges Mitglied des \"Victoria\u2026","rel":"","context":"Similar post","block_context":{"text":"Similar post","link":""},"img":{"alt_text":"","src":"","width":0,"height":0},"classes":[]},{"id":7090,"url":"https:\/\/www.achimbrueckner.de\/freeradio\/php\/wordpress\/?p=7090","url_meta":{"origin":12184,"position":1},"title":"Radio Victoria Studio-cuts","author":"Administrator","date":"June 10, 2008 16:40","format":false,"excerpt":"Studio-cuts der Promosendung von Radio Victoria auf 9290 Khz gibt es hier: http:\/\/fmkompakt.de\/RV010608-1.mp3 http:\/\/fmkompakt.de\/RV010608-2.mp3 Info via Thomas Kircher auf Radioforum ukwtv.de","rel":"","context":"In &quot;download&quot;","block_context":{"text":"download","link":"https:\/\/www.achimbrueckner.de\/freeradio\/php\/wordpress\/?cat=7"},"img":{"alt_text":"","src":"","width":0,"height":0},"classes":[]},{"id":457075,"url":"https:\/\/www.achimbrueckner.de\/freeradio\/php\/wordpress\/?p=457075","url_meta":{"origin":12184,"position":2},"title":"Roger Kirks \u201eFree Radio Fanzine\u201c","author":"Administrator","date":"October 27, 2017 15:12","format":false,"excerpt":"http:\/\/www.addx-verlag.de\/ Zitat von der Webseite: Roger Kirk, ein Name, der f\u00fcr deutsche Radiogeschichte steht. Gepr\u00e4gt von den einstigen Seesendern wurde er selbst zum Radiopionier. Roger startete am 17. September 1983 die Kurzwellenmusikstation Radio Victoria International (RV). Roger war mit RV gnadenlos der Zeit voraus: Bevor der Privatfunk in Deutschland startete,\u2026","rel":"","context":"In \"AM\"","block_context":{"text":"AM","link":"https:\/\/www.achimbrueckner.de\/freeradio\/php\/wordpress\/?tag=am"},"img":{"alt_text":"","src":"","width":0,"height":0},"classes":[]},{"id":14818,"url":"https:\/\/www.achimbrueckner.de\/freeradio\/php\/wordpress\/?p=14818","url_meta":{"origin":12184,"position":3},"title":"Radio Joystick","author":"Administrator","date":"November 7, 2009 11:00","format":false,"excerpt":"Radio Joystick transmission via IRRS failed today: IRRS had a technical problem in the digital audio link to the station and one other problem in the studio in Milano. One of the RAID disks failed in Milano, the system did not recover on time, so RADIO JOYSTICKs audio file was\u2026","rel":"","context":"In &quot;English&quot;","block_context":{"text":"English","link":"https:\/\/www.achimbrueckner.de\/freeradio\/php\/wordpress\/?cat=2"},"img":{"alt_text":"","src":"","width":0,"height":0},"classes":[]},{"id":30719,"url":"https:\/\/www.achimbrueckner.de\/freeradio\/php\/wordpress\/?p=30719","url_meta":{"origin":12184,"position":4},"title":"FMK pr\u00e4sentiert &#8211; Radio Victoria-Tag Samstag 14.02.2014","author":"Administrator","date":"February 12, 2014 16:51","format":false,"excerpt":"Hallo liebe Radiofreunde, am 16.Februar 2014 um 21:00 Uhr ist Schluss beim Radio Brenner Memorialstream. Die Macher des Streams sind aber bis zum Ende aktiv und gestalten f\u00fcr euch ein interessantes Programm. Nach den \"Radio 101\", \"Radio Gloria International\", \"Radio Joystick\", \"Kunos-Radiothek-Spezial\" und \"FMK pr\u00e4sentiert\"-Tagen gibt es zum Finale des\u2026","rel":"","context":"In \"AM\"","block_context":{"text":"AM","link":"https:\/\/www.achimbrueckner.de\/freeradio\/php\/wordpress\/?tag=am"},"img":{"alt_text":"","src":"","width":0,"height":0},"classes":[]},{"id":22704,"url":"https:\/\/www.achimbrueckner.de\/freeradio\/php\/wordpress\/?p=22704","url_meta":{"origin":12184,"position":5},"title":"Radio Victoria auf FM Kompakt","author":"Administrator","date":"August 17, 2011 16:16","format":false,"excerpt":"H\u00f6r-Tipps auf Laut.FMKompakt ! http:\/\/stream.laut.fm\/kompakt.m3u Mittwoch 17.08.11: 22:00-23:00h: FMK-Schmankerl : Akustische Erinnerung an die Kurzwellenmusikstation Radio Victoria mit der damals (1984) revolution\u00e4ren Doppelmoderation von Roger Kirk und Michelle Zynen und der typischen RV Musik (Eigenslogan: \"Gnadenlos der Zeit voraus\")! (Wh: v. 14.8.). Sonntag, 21.08.11: 19:00-20:00h: FMK-Schmankerl: Am 17.09.1983 war der\u2026","rel":"","context":"In \"AM\"","block_context":{"text":"AM","link":"https:\/\/www.achimbrueckner.de\/freeradio\/php\/wordpress\/?tag=am"},"img":{"alt_text":"","src":"","width":0,"height":0},"classes":[]}],"_links":{"self":[{"href":"https:\/\/www.achimbrueckner.de\/freeradio\/php\/wordpress\/index.php?rest_route=\/wp\/v2\/posts\/12184","targetHints":{"allow":["GET"]}}],"collection":[{"href":"https:\/\/www.achimbrueckner.de\/freeradio\/php\/wordpress\/index.php?rest_route=\/wp\/v2\/posts"}],"about":[{"href":"https:\/\/www.achimbrueckner.de\/freeradio\/php\/wordpress\/index.php?rest_route=\/wp\/v2\/types\/post"}],"author":[{"embeddable":true,"href":"https:\/\/www.achimbrueckner.de\/freeradio\/php\/wordpress\/index.php?rest_route=\/wp\/v2\/users\/1"}],"replies":[{"embeddable":true,"href":"https:\/\/www.achimbrueckner.de\/freeradio\/php\/wordpress\/index.php?rest_route=%2Fwp%2Fv2%2Fcomments&post=12184"}],"version-history":[{"count":0,"href":"https:\/\/www.achimbrueckner.de\/freeradio\/php\/wordpress\/index.php?rest_route=\/wp\/v2\/posts\/12184\/revisions"}],"wp:attachment":[{"href":"https:\/\/www.achimbrueckner.de\/freeradio\/php\/wordpress\/index.php?rest_route=%2Fwp%2Fv2%2Fmedia&parent=12184"}],"wp:term":[{"taxonomy":"category","embeddable":true,"href":"https:\/\/www.achimbrueckner.de\/freeradio\/php\/wordpress\/index.php?rest_route=%2Fwp%2Fv2%2Fcategories&post=12184"},{"taxonomy":"post_tag","embeddable":true,"href":"https:\/\/www.achimbrueckner.de\/freeradio\/php\/wordpress\/index.php?rest_route=%2Fwp%2Fv2%2Ftags&post=12184"}],"curies":[{"name":"wp","href":"https:\/\/api.w.org\/{rel}","templated":true}]}}