{"id":13030,"date":"2009-07-23T07:35:10","date_gmt":"2009-07-23T07:35:10","guid":{"rendered":"https:\/\/www.achimbrueckner.de\/freeradio\/php\/wordpress\/?p=13030"},"modified":"2009-07-23T07:35:10","modified_gmt":"2009-07-23T07:35:10","slug":"freies-radio-aachen","status":"publish","type":"post","link":"https:\/\/www.achimbrueckner.de\/freeradio\/php\/wordpress\/?p=13030","title":{"rendered":"Freies Radio Aachen"},"content":{"rendered":"<p>Listen to Freies Radio Aachen &#8211; FM-station from 1982:<\/p>\n<p><a href=\"http:\/\/www.mediafire.com\/download.php?einz0eijumo\">FRAachen0182.mp3<\/a><\/p>\n<p><a href=\"http:\/\/www.mediafire.com\/download.php?ezyvixetnzh\">FRAachen0182b.mp3<\/a><\/p>\n","protected":false},"excerpt":{"rendered":"<p>Listen to Freies Radio Aachen &#8211; FM-station from 1982: FRAachen0182.mp3 FRAachen0182b.mp3<\/p>\n","protected":false},"author":1,"featured_media":0,"comment_status":"open","ping_status":"open","sticky":false,"template":"","format":"standard","meta":{"_jetpack_memberships_contains_paid_content":false,"footnotes":"","jetpack_publicize_message":"","jetpack_publicize_feature_enabled":true,"jetpack_social_post_already_shared":false,"jetpack_social_options":{"image_generator_settings":{"template":"highway","default_image_id":0,"font":"","enabled":false},"version":2}},"categories":[7],"tags":[24],"class_list":["post-13030","post","type-post","status-publish","format-standard","hentry","category-download","tag-fm"],"jetpack_publicize_connections":[],"jetpack_featured_media_url":"","jetpack_sharing_enabled":true,"jetpack_shortlink":"https:\/\/wp.me\/p5CD59-3oa","jetpack-related-posts":[{"id":23334,"url":"https:\/\/www.achimbrueckner.de\/freeradio\/php\/wordpress\/?p=23334","url_meta":{"origin":13030,"position":0},"title":"New archive radio files online 160kbps","author":"Administrator","date":"November 3, 2011 17:50","format":false,"excerpt":"New archive radio files online 160kbps Radio Ph\u00f6nix FM-pirate, Freies Radio Aachen political pirate, Radio Wahnsinn, Starclub Radio, International Music Radio Voice of Basel, Dino Radio, Radio Joystick https:\/\/www.achimbrueckner.de\/freeradio\/audio\/160kbps\/","rel":"","context":"In &quot;download&quot;","block_context":{"text":"download","link":"https:\/\/www.achimbrueckner.de\/freeradio\/php\/wordpress\/?cat=7"},"img":{"alt_text":"","src":"","width":0,"height":0},"classes":[]},{"id":23570,"url":"https:\/\/www.achimbrueckner.de\/freeradio\/php\/wordpress\/?p=23570","url_meta":{"origin":13030,"position":1},"title":"Freies Radio Distel","author":"Administrator","date":"November 25, 2011 16:17","format":false,"excerpt":"Freies Radio Distel http:\/\/fmkompakt.de\/cms\/website.php?id=%2Fde%2Findex%2Fbelgien%2Fradio_distel.htm","rel":"","context":"In &quot;links&quot;","block_context":{"text":"links","link":"https:\/\/www.achimbrueckner.de\/freeradio\/php\/wordpress\/?cat=9"},"img":{"alt_text":"","src":"","width":0,"height":0},"classes":[]},{"id":475459,"url":"https:\/\/www.achimbrueckner.de\/freeradio\/php\/wordpress\/?p=475459","url_meta":{"origin":13030,"position":2},"title":"Stefan Kramer aus dem FMK Archiv","author":"Administrator","date":"April 9, 2026 16:08","format":false,"excerpt":"Liebe Radiofreunde, hier das FMK-Programm f\u00fcr die kommende Woche via https:\/\/laut.fm\/jukebox. Alle diese Sendungen sind nur ONLINE \u00fcber den laut.fm-Stream zu h\u00f6ren. Am Freitag den 10.April findet die Trauerfeier f\u00fcr Stefan Kramer statt. Im Gedenken an Stefan Kramer wiederholt FMK Radio daher nochmal einige seiner Shows aus den Programmen von\u2026","rel":"","context":"Similar post","block_context":{"text":"Similar post","link":""},"img":{"alt_text":"","src":"","width":0,"height":0},"classes":[]},{"id":25982,"url":"https:\/\/www.achimbrueckner.de\/freeradio\/php\/wordpress\/?p=25982","url_meta":{"origin":13030,"position":3},"title":"Feature \u00fcber freies Radio","author":"Administrator","date":"October 15, 2012 18:39","format":false,"excerpt":"Feature \u00fcber freies Radio - Eine andere Art von Rundfunk 121015EineandereArtvonRundfunk.mp3","rel":"","context":"In &quot;download&quot;","block_context":{"text":"download","link":"https:\/\/www.achimbrueckner.de\/freeradio\/php\/wordpress\/?cat=7"},"img":{"alt_text":"","src":"","width":0,"height":0},"classes":[]},{"id":444863,"url":"https:\/\/www.achimbrueckner.de\/freeradio\/php\/wordpress\/?p=444863","url_meta":{"origin":13030,"position":4},"title":"The Buzz No.18 Halloween Special Shortwave TX","author":"Administrator","date":"October 29, 2015 17:50","format":false,"excerpt":"Show No.18 Halloween Special Ooooooooo. Happy Halloween for 2015! Today's show is creepy and ghastly. Don't listen to it on a full stomach. Ghostly screams, owls hoot. You're in for a trick or treat. We have a SPECIAL E-QSL to send to listeners hearing us via shortwave radio! Announcement: We\u2026","rel":"","context":"In &quot;English&quot;","block_context":{"text":"English","link":"https:\/\/www.achimbrueckner.de\/freeradio\/php\/wordpress\/?cat=2"},"img":{"alt_text":"","src":"","width":0,"height":0},"classes":[]},{"id":445430,"url":"https:\/\/www.achimbrueckner.de\/freeradio\/php\/wordpress\/?p=445430","url_meta":{"origin":13030,"position":5},"title":"Hobart Radio 2015 Christmas Special Shortwave Airings","author":"Administrator","date":"December 19, 2015 07:50","format":false,"excerpt":"2015 Christmas Special This year's show is a bit different but we're sure you'll enjoy our perks and quirks. On today's 2015 Christmas Special we're playing some compulsory Christmas music, wonder what happened to Christmas is today's society, we look at famous Christmas quotes and figure out what an Australian\u2026","rel":"","context":"In &quot;English&quot;","block_context":{"text":"English","link":"https:\/\/www.achimbrueckner.de\/freeradio\/php\/wordpress\/?cat=2"},"img":{"alt_text":"","src":"","width":0,"height":0},"classes":[]}],"_links":{"self":[{"href":"https:\/\/www.achimbrueckner.de\/freeradio\/php\/wordpress\/index.php?rest_route=\/wp\/v2\/posts\/13030","targetHints":{"allow":["GET"]}}],"collection":[{"href":"https:\/\/www.achimbrueckner.de\/freeradio\/php\/wordpress\/index.php?rest_route=\/wp\/v2\/posts"}],"about":[{"href":"https:\/\/www.achimbrueckner.de\/freeradio\/php\/wordpress\/index.php?rest_route=\/wp\/v2\/types\/post"}],"author":[{"embeddable":true,"href":"https:\/\/www.achimbrueckner.de\/freeradio\/php\/wordpress\/index.php?rest_route=\/wp\/v2\/users\/1"}],"replies":[{"embeddable":true,"href":"https:\/\/www.achimbrueckner.de\/freeradio\/php\/wordpress\/index.php?rest_route=%2Fwp%2Fv2%2Fcomments&post=13030"}],"version-history":[{"count":0,"href":"https:\/\/www.achimbrueckner.de\/freeradio\/php\/wordpress\/index.php?rest_route=\/wp\/v2\/posts\/13030\/revisions"}],"wp:attachment":[{"href":"https:\/\/www.achimbrueckner.de\/freeradio\/php\/wordpress\/index.php?rest_route=%2Fwp%2Fv2%2Fmedia&parent=13030"}],"wp:term":[{"taxonomy":"category","embeddable":true,"href":"https:\/\/www.achimbrueckner.de\/freeradio\/php\/wordpress\/index.php?rest_route=%2Fwp%2Fv2%2Fcategories&post=13030"},{"taxonomy":"post_tag","embeddable":true,"href":"https:\/\/www.achimbrueckner.de\/freeradio\/php\/wordpress\/index.php?rest_route=%2Fwp%2Fv2%2Ftags&post=13030"}],"curies":[{"name":"wp","href":"https:\/\/api.w.org\/{rel}","templated":true}]}}