{"id":1427,"date":"2006-12-20T17:29:33","date_gmt":"2006-12-20T17:29:33","guid":{"rendered":"https:\/\/www.achimbrueckner.de\/freeradio\/php\/wordpress\/?p=1427"},"modified":"2006-12-20T17:30:22","modified_gmt":"2006-12-20T17:30:22","slug":"ukw-piraten","status":"publish","type":"post","link":"https:\/\/www.achimbrueckner.de\/freeradio\/php\/wordpress\/?p=1427","title":{"rendered":"UKW-Piraten"},"content":{"rendered":"<p>\u00dcber Weihnachten sind auch wieder einige UKW-Piraten aus Deutschland aktiv.<br \/>\nEinige Links hierzu:<\/p>\n<p><a href=\"http:\/\/www.piratenteam.de\/\">http:\/\/www.piratenteam.de\/<\/a><br \/>\n<a href=\"http:\/\/www.radiomalaga.de.vu\/\">http:\/\/www.radiomalaga.de.vu\/<\/a><br \/>\n<a href=\"http:\/\/mitglied.lycos.de\/radiomiami10405\/ \">http:\/\/mitglied.lycos.de\/radiomiami10405\/<\/a><br \/>\n<a href=\"http:\/\/www.radio-enzian.de.ki\/\">http:\/\/www.radio-enzian.de.ki\/<\/a><br \/>\n<a href=\"http:\/\/www.radio-sierra-nevada.de.vu\/\">http:\/\/www.radio-sierra-nevada.de.vu\/<\/a><br \/>\n<a href=\"http:\/\/emslaendisches-piratenteam.de.vu\/\">http:\/\/emslaendisches-piratenteam.de.vu\/<\/a><br \/>\n<a href=\"http:\/\/www.radio-delta-lima.de.vu\/ \">http:\/\/www.radio-delta-lima.de.vu\/ <\/a><br \/>\n<a href=\"http:\/\/radio-caroline-eifel.de.vu\/\">http:\/\/radio-caroline-eifel.de.vu\/<\/a> <\/p>\n<p>Dank an Theo B im  <a href=\"http:\/\/forum.mysnip.de\/list.php?21097\">Piratenforum<\/a> f\u00fcr die Zusammenstellung.<\/p>\n","protected":false},"excerpt":{"rendered":"<p>\u00dcber Weihnachten sind auch wieder einige UKW-Piraten aus Deutschland aktiv. Einige Links hierzu: http:\/\/www.piratenteam.de\/ http:\/\/www.radiomalaga.de.vu\/ http:\/\/mitglied.lycos.de\/radiomiami10405\/ http:\/\/www.radio-enzian.de.ki\/ http:\/\/www.radio-sierra-nevada.de.vu\/ http:\/\/emslaendisches-piratenteam.de.vu\/ http:\/\/www.radio-delta-lima.de.vu\/ http:\/\/radio-caroline-eifel.de.vu\/ Dank an Theo B im Piratenforum f\u00fcr die Zusammenstellung.<\/p>\n","protected":false},"author":1,"featured_media":0,"comment_status":"open","ping_status":"open","sticky":false,"template":"","format":"standard","meta":{"_jetpack_memberships_contains_paid_content":false,"footnotes":"","jetpack_publicize_message":"","jetpack_publicize_feature_enabled":true,"jetpack_social_post_already_shared":false,"jetpack_social_options":{"image_generator_settings":{"template":"highway","default_image_id":0,"font":"","enabled":false},"version":2}},"categories":[9],"tags":[22,33],"class_list":["post-1427","post","type-post","status-publish","format-standard","hentry","category-links","tag-am","tag-ukw"],"jetpack_publicize_connections":[],"jetpack_featured_media_url":"","jetpack_sharing_enabled":true,"jetpack_shortlink":"https:\/\/wp.me\/p5CD59-n1","jetpack-related-posts":[{"id":170002,"url":"https:\/\/www.achimbrueckner.de\/freeradio\/php\/wordpress\/?p=170002","url_meta":{"origin":1427,"position":0},"title":"UKW Piratensender Deutschland","author":"Administrator","date":"June 23, 2015 18:06","format":false,"excerpt":"Piratensender aus Deutschland UKW: 13. Juni 2015 Station Hulli Gulli 106,3 Mhz 9. Juni 2015 Radio Lambada 97,3 Mhz 21. Juni 2015 Radio PTN Radio Eisb\u00e4r 98,2 Mhz","rel":"","context":"In &quot;download&quot;","block_context":{"text":"download","link":"https:\/\/www.achimbrueckner.de\/freeradio\/php\/wordpress\/?cat=7"},"img":{"alt_text":"","src":"","width":0,"height":0},"classes":[]},{"id":2702,"url":"https:\/\/www.achimbrueckner.de\/freeradio\/php\/wordpress\/?p=2702","url_meta":{"origin":1427,"position":1},"title":"Radio Benelux Revival","author":"Administrator","date":"May 16, 2007 22:27","format":false,"excerpt":"Auf Radio D\u00fclken l\u00e4uft am 17. Mai 2007 ab 1200 Uhr MESZ eine Sondersendung zu 26 Jahre Radio Benelux. Einschalten via webstream. Mehr zu Radio Benelux gibt es auf www.radio-benelux.de. In der Sondersendung werden wohl die Orginal-Tondokumente von damals ausgestrahlt. Info via Radioh\u00f6rerforum ukwtv.de","rel":"","context":"In \"AM\"","block_context":{"text":"AM","link":"https:\/\/www.achimbrueckner.de\/freeradio\/php\/wordpress\/?tag=am"},"img":{"alt_text":"","src":"","width":0,"height":0},"classes":[]},{"id":2836,"url":"https:\/\/www.achimbrueckner.de\/freeradio\/php\/wordpress\/?p=2836","url_meta":{"origin":1427,"position":2},"title":"Niederl\u00e4ndische UKW-Piraten streams","author":"Administrator","date":"June 3, 2007 12:24","format":false,"excerpt":"Theo B hat einen interessanten Thread im Piratenradio-Forum er\u00f6ffnet: Dort sind alle bekannten streams mit niederl\u00e4ndischen UKW-Piraten gelistet. Erw\u00e4hnt werden nur echte \u00c4therpiraten keine webradios.","rel":"","context":"In &quot;links&quot;","block_context":{"text":"links","link":"https:\/\/www.achimbrueckner.de\/freeradio\/php\/wordpress\/?cat=9"},"img":{"alt_text":"","src":"","width":0,"height":0},"classes":[]},{"id":1556,"url":"https:\/\/www.achimbrueckner.de\/freeradio\/php\/wordpress\/?p=1556","url_meta":{"origin":1427,"position":3},"title":"UKW Piraten Holland webstream","author":"Administrator","date":"December 30, 2006 00:25","format":false,"excerpt":"Theo B streamt von Zeit zu Zeit seine UKW-Piratenempf\u00e4nge unter http:\/\/senderfotos-owl.dyndns.org:8000\/stream.ogg. Quelle: Theo B im Piratenradioforum","rel":"","context":"In &quot;links&quot;","block_context":{"text":"links","link":"https:\/\/www.achimbrueckner.de\/freeradio\/php\/wordpress\/?cat=9"},"img":{"alt_text":"","src":"","width":0,"height":0},"classes":[]},{"id":7089,"url":"https:\/\/www.achimbrueckner.de\/freeradio\/php\/wordpress\/?p=7089","url_meta":{"origin":1427,"position":4},"title":"Piraten-Frequenzen UKW","author":"Administrator","date":"June 10, 2008 16:33","format":false,"excerpt":"Im Radioforum auf ukwtv.de gibt es einen interessanten Thread welche UKW-Frequenzen von Piraten in den Niederlanden und in Deutschland benutzt werden.","rel":"","context":"In \"UKW\"","block_context":{"text":"UKW","link":"https:\/\/www.achimbrueckner.de\/freeradio\/php\/wordpress\/?tag=ukw"},"img":{"alt_text":"","src":"","width":0,"height":0},"classes":[]},{"id":15732,"url":"https:\/\/www.achimbrueckner.de\/freeradio\/php\/wordpress\/?p=15732","url_meta":{"origin":1427,"position":5},"title":"Streams FM","author":"Administrator","date":"December 19, 2009 21:17","format":false,"excerpt":"Streams deutscher Piraten auf dem UKW-Band gibt es via: http:\/\/www.piratenstream.de.tt Info via Piratenradioforum","rel":"","context":"In &quot;links&quot;","block_context":{"text":"links","link":"https:\/\/www.achimbrueckner.de\/freeradio\/php\/wordpress\/?cat=9"},"img":{"alt_text":"","src":"","width":0,"height":0},"classes":[]}],"_links":{"self":[{"href":"https:\/\/www.achimbrueckner.de\/freeradio\/php\/wordpress\/index.php?rest_route=\/wp\/v2\/posts\/1427","targetHints":{"allow":["GET"]}}],"collection":[{"href":"https:\/\/www.achimbrueckner.de\/freeradio\/php\/wordpress\/index.php?rest_route=\/wp\/v2\/posts"}],"about":[{"href":"https:\/\/www.achimbrueckner.de\/freeradio\/php\/wordpress\/index.php?rest_route=\/wp\/v2\/types\/post"}],"author":[{"embeddable":true,"href":"https:\/\/www.achimbrueckner.de\/freeradio\/php\/wordpress\/index.php?rest_route=\/wp\/v2\/users\/1"}],"replies":[{"embeddable":true,"href":"https:\/\/www.achimbrueckner.de\/freeradio\/php\/wordpress\/index.php?rest_route=%2Fwp%2Fv2%2Fcomments&post=1427"}],"version-history":[{"count":0,"href":"https:\/\/www.achimbrueckner.de\/freeradio\/php\/wordpress\/index.php?rest_route=\/wp\/v2\/posts\/1427\/revisions"}],"wp:attachment":[{"href":"https:\/\/www.achimbrueckner.de\/freeradio\/php\/wordpress\/index.php?rest_route=%2Fwp%2Fv2%2Fmedia&parent=1427"}],"wp:term":[{"taxonomy":"category","embeddable":true,"href":"https:\/\/www.achimbrueckner.de\/freeradio\/php\/wordpress\/index.php?rest_route=%2Fwp%2Fv2%2Fcategories&post=1427"},{"taxonomy":"post_tag","embeddable":true,"href":"https:\/\/www.achimbrueckner.de\/freeradio\/php\/wordpress\/index.php?rest_route=%2Fwp%2Fv2%2Ftags&post=1427"}],"curies":[{"name":"wp","href":"https:\/\/api.w.org\/{rel}","templated":true}]}}