{"id":1559,"date":"2006-12-30T08:31:30","date_gmt":"2006-12-30T08:31:30","guid":{"rendered":"https:\/\/www.achimbrueckner.de\/freeradio\/php\/wordpress\/?p=1559"},"modified":"2006-12-30T08:31:30","modified_gmt":"2006-12-30T08:31:30","slug":"radio-caroline-eifel-4","status":"publish","type":"post","link":"https:\/\/www.achimbrueckner.de\/freeradio\/php\/wordpress\/?p=1559","title":{"rendered":"Radio Caroline Eifel"},"content":{"rendered":"<p>Am 07.01.2007 ist es wieder soweit. Radio Caroline Eifel sendet auf 9290kHz.<\/p>\n<p>Von 09:00 UTC &#8211; um 10:00 UTC, es l\u00e4uft ein Sonderprogramm \u00fcber Zahlensender &#038; Agentensender.<\/p>\n<p>Die Sendung kann auch im Internet auf <a href=\"http:\/\/www.radio-caroline-eifel.de.vu\">www.radio-caroline-eifel.de.vu<\/a> geh\u00f6rt werden.<\/p>\n<p>Gleichzeitig ist Chatten mit mir, und den H\u00f6rern die Online sind, m\u00f6glich.<\/p>\n<p>Nat\u00fcrlich dabei auch wieder die sch\u00f6nsten Oldies und besten Rarit\u00e4ten, daneben zwei Dance hits aus den 80ern und 90ern.<\/p>\n<p>Info via Herbert Meixner auf <a href=\"http:\/\/www.ratzer.at\">A-DX Liste<\/a><\/p>\n","protected":false},"excerpt":{"rendered":"<p>Am 07.01.2007 ist es wieder soweit. Radio Caroline Eifel sendet auf 9290kHz. Von 09:00 UTC &#8211; um 10:00 UTC, es l\u00e4uft ein Sonderprogramm \u00fcber Zahlensender &#038; Agentensender. Die Sendung kann auch im Internet auf www.radio-caroline-eifel.de.vu geh\u00f6rt werden. Gleichzeitig ist Chatten mit mir, und den H\u00f6rern die Online sind, m\u00f6glich. Nat\u00fcrlich dabei auch wieder die sch\u00f6nsten &hellip; <a href=\"https:\/\/www.achimbrueckner.de\/freeradio\/php\/wordpress\/?p=1559\" class=\"more-link\">Continue reading <span class=\"screen-reader-text\">Radio Caroline Eifel<\/span><\/a><\/p>\n","protected":false},"author":1,"featured_media":0,"comment_status":"open","ping_status":"open","sticky":false,"template":"","format":"standard","meta":{"_jetpack_memberships_contains_paid_content":false,"footnotes":"","jetpack_publicize_message":"","jetpack_publicize_feature_enabled":true,"jetpack_social_post_already_shared":false,"jetpack_social_options":{"image_generator_settings":{"template":"highway","default_image_id":0,"font":"","enabled":false},"version":2}},"categories":[1],"tags":[22,28],"class_list":["post-1559","post","type-post","status-publish","format-standard","hentry","category-uncategorized","tag-am","tag-dx"],"jetpack_publicize_connections":[],"jetpack_featured_media_url":"","jetpack_sharing_enabled":true,"jetpack_shortlink":"https:\/\/wp.me\/p5CD59-p9","jetpack-related-posts":[{"id":186,"url":"https:\/\/www.achimbrueckner.de\/freeradio\/php\/wordpress\/?p=186","url_meta":{"origin":1559,"position":0},"title":"Radio Caroline Eifel","author":"Administrator","date":"December 18, 2005 10:07","format":false,"excerpt":"In guter Qualtit\u00e4t ist Radio Caroline Eifel um 1000 Utc auf der 9290 Khz zu empfangen. OP Roman legt die besten Oldies aus den 50ern, 60ern, 70ern und 80ern auf. Daneben gibt es viele Hintergrundinfos zu den gespielten Titeln und K\u00fcnstlern. Radio Caroline Eifel ist erreichbar via email radio-caroline-eifel(-a-)web.de, ICQ\u2026","rel":"","context":"In &quot;Empfang&quot;","block_context":{"text":"Empfang","link":"https:\/\/www.achimbrueckner.de\/freeradio\/php\/wordpress\/?cat=3"},"img":{"alt_text":"","src":"","width":0,"height":0},"classes":[]},{"id":1470,"url":"https:\/\/www.achimbrueckner.de\/freeradio\/php\/wordpress\/?p=1470","url_meta":{"origin":1559,"position":1},"title":"Radio Caroline Eifel","author":"Administrator","date":"December 24, 2006 10:16","format":false,"excerpt":"Radio Caroline Eifel sendet am 07.01.2007 von 09.00-10.00 Uhr UTC \u00fcber Ulbroka 9290 khz ein Programm \u00fcber Zahlen- und Agentensender. Quelle: Peter Vaegler auf A-DX Liste","rel":"","context":"In \"AM\"","block_context":{"text":"AM","link":"https:\/\/www.achimbrueckner.de\/freeradio\/php\/wordpress\/?tag=am"},"img":{"alt_text":"","src":"","width":0,"height":0},"classes":[]},{"id":1648,"url":"https:\/\/www.achimbrueckner.de\/freeradio\/php\/wordpress\/?p=1648","url_meta":{"origin":1559,"position":2},"title":"Radio Caroline Eifel","author":"Administrator","date":"January 7, 2007 09:39","format":false,"excerpt":"OP Roman bringt um 0930 Utc ein interessantes Programm \u00fcber Zahlensender auf Radio Caroline Eifel. Frequenz ist 9290 Khz via Lettland. Emails gehen an radio-caroline-eifel(@)web.de und die Homepage der Station ist erreichbar unter www.radio-caroline-eifel.de.vu.","rel":"","context":"In &quot;reception&quot;","block_context":{"text":"reception","link":"https:\/\/www.achimbrueckner.de\/freeradio\/php\/wordpress\/?cat=4"},"img":{"alt_text":"","src":"","width":0,"height":0},"classes":[]},{"id":166,"url":"https:\/\/www.achimbrueckner.de\/freeradio\/php\/wordpress\/?p=166","url_meta":{"origin":1559,"position":3},"title":"Radio Caroline Eifel auf 9290 Khz","author":"Administrator","date":"December 9, 2005 14:44","format":false,"excerpt":"Radio Caroline Eifel auf\/on 9290 kHz Am 18. Dezember 2005 l\u00e4uft um 10:00 - 11:00 UTC ein Programm von Radio Caroline Eifel \u00fcber \"Krebs TV\" in Ulbroka, Lettland - der Sender hat 100kW - die Sendung ist f\u00fcr die Musik der 50er & 60er Jahre gewidmet. Freu mich \u00fcber jeden\u2026","rel":"","context":"In \"AM\"","block_context":{"text":"AM","link":"https:\/\/www.achimbrueckner.de\/freeradio\/php\/wordpress\/?tag=am"},"img":{"alt_text":"","src":"","width":0,"height":0},"classes":[]},{"id":586,"url":"https:\/\/www.achimbrueckner.de\/freeradio\/php\/wordpress\/?p=586","url_meta":{"origin":1559,"position":4},"title":"Radio Caroline Eifel","author":"Administrator","date":"May 12, 2006 15:17","format":false,"excerpt":"Von Juni bis Oktober wird der Sender in Ulbroka, Riga, restauriert. Radio Caroline Eifel sicherte sich noch 3 Sendezeiten! Wir senden am : 25.05.2006 um 08:00 09:00UTC 27.05.2006 um 07:00 08:00UTC 28.05.2006 um 08:00 09:00UTC Nat\u00fcrlich auf der 9290kHz mit 100kW. 73 OP Roman *Radio Caroline Eifel* www.radio-caroline-eifel.de.vu SRS Deutschland\u2026","rel":"","context":"In \"AM\"","block_context":{"text":"AM","link":"https:\/\/www.achimbrueckner.de\/freeradio\/php\/wordpress\/?tag=am"},"img":{"alt_text":"","src":"","width":0,"height":0},"classes":[]},{"id":2095,"url":"https:\/\/www.achimbrueckner.de\/freeradio\/php\/wordpress\/?p=2095","url_meta":{"origin":1559,"position":5},"title":"Radio Caroline via 9290 Khz","author":"Administrator","date":"March 3, 2007 17:03","format":false,"excerpt":"Hallo Leute, am Samstag den 07.04.2007 von 08:00 Uhr bis 10:00 Uhr MESZ (0600-0800 UTC) wird Radio Caroline neben den bekannten Outlets im Internet, Sky Digital, und Worldspace auch auf Kurzwelle 9290 KHz mit 100000 Watt senden. Ein kleines Extra von German Caroline zu Ostern. Dazu w\u00fcnsche ich euch einen\u2026","rel":"","context":"In \"AM\"","block_context":{"text":"AM","link":"https:\/\/www.achimbrueckner.de\/freeradio\/php\/wordpress\/?tag=am"},"img":{"alt_text":"","src":"","width":0,"height":0},"classes":[]}],"_links":{"self":[{"href":"https:\/\/www.achimbrueckner.de\/freeradio\/php\/wordpress\/index.php?rest_route=\/wp\/v2\/posts\/1559","targetHints":{"allow":["GET"]}}],"collection":[{"href":"https:\/\/www.achimbrueckner.de\/freeradio\/php\/wordpress\/index.php?rest_route=\/wp\/v2\/posts"}],"about":[{"href":"https:\/\/www.achimbrueckner.de\/freeradio\/php\/wordpress\/index.php?rest_route=\/wp\/v2\/types\/post"}],"author":[{"embeddable":true,"href":"https:\/\/www.achimbrueckner.de\/freeradio\/php\/wordpress\/index.php?rest_route=\/wp\/v2\/users\/1"}],"replies":[{"embeddable":true,"href":"https:\/\/www.achimbrueckner.de\/freeradio\/php\/wordpress\/index.php?rest_route=%2Fwp%2Fv2%2Fcomments&post=1559"}],"version-history":[{"count":0,"href":"https:\/\/www.achimbrueckner.de\/freeradio\/php\/wordpress\/index.php?rest_route=\/wp\/v2\/posts\/1559\/revisions"}],"wp:attachment":[{"href":"https:\/\/www.achimbrueckner.de\/freeradio\/php\/wordpress\/index.php?rest_route=%2Fwp%2Fv2%2Fmedia&parent=1559"}],"wp:term":[{"taxonomy":"category","embeddable":true,"href":"https:\/\/www.achimbrueckner.de\/freeradio\/php\/wordpress\/index.php?rest_route=%2Fwp%2Fv2%2Fcategories&post=1559"},{"taxonomy":"post_tag","embeddable":true,"href":"https:\/\/www.achimbrueckner.de\/freeradio\/php\/wordpress\/index.php?rest_route=%2Fwp%2Fv2%2Ftags&post=1559"}],"curies":[{"name":"wp","href":"https:\/\/api.w.org\/{rel}","templated":true}]}}