{"id":197977,"date":"2015-06-27T08:22:35","date_gmt":"2015-06-27T08:22:35","guid":{"rendered":"https:\/\/www.achimbrueckner.de\/freeradio\/php\/wordpress\/?p=197977"},"modified":"2015-06-27T08:22:58","modified_gmt":"2015-06-27T08:22:58","slug":"197977","status":"publish","type":"post","link":"https:\/\/www.achimbrueckner.de\/freeradio\/php\/wordpress\/?p=197977","title":{"rendered":"chilenische Piratensender @RCWradio 7550 Khz"},"content":{"rendered":"<p>Tipp f\u00fcr Extrem-DX: Der chilenische Piratensender @RCWradio \u00fcbertr\u00e4gt die Spiele der Copa Am\u00e9rica 2015 auf 7550 kHz.<\/p>\n<p>Info via <a href=\"https:\/\/twitter.com\/RCWradio\" target=\"_blank\">RCWradio<\/a> via <a href=\"https:\/\/twitter.com\/radiopiraten\" target=\"_blank\">Radiopiraten<\/a><\/p>\n","protected":false},"excerpt":{"rendered":"<p>Tipp f\u00fcr Extrem-DX: Der chilenische Piratensender @RCWradio \u00fcbertr\u00e4gt die Spiele der Copa Am\u00e9rica 2015 auf 7550 kHz. Info via RCWradio via Radiopiraten<\/p>\n","protected":false},"author":1,"featured_media":0,"comment_status":"open","ping_status":"open","sticky":false,"template":"","format":"standard","meta":{"_jetpack_memberships_contains_paid_content":false,"footnotes":"","jetpack_publicize_message":"","jetpack_publicize_feature_enabled":true,"jetpack_social_post_already_shared":true,"jetpack_social_options":{"image_generator_settings":{"template":"highway","default_image_id":0,"font":"","enabled":false},"version":2}},"categories":[1],"tags":[22,31,28,25],"class_list":["post-197977","post","type-post","status-publish","format-standard","hentry","category-uncategorized","tag-am","tag-cwr","tag-dx","tag-piratensender"],"jetpack_publicize_connections":[],"jetpack_featured_media_url":"","jetpack_sharing_enabled":true,"jetpack_shortlink":"https:\/\/wp.me\/s5CD59-197977","jetpack-related-posts":[{"id":9621,"url":"https:\/\/www.achimbrueckner.de\/freeradio\/php\/wordpress\/?p=9621","url_meta":{"origin":197977,"position":0},"title":"3330 Khz","author":"Administrator","date":"December 15, 2008 16:55","format":false,"excerpt":"Sowohl Wellenforum als auch A-DX r\u00e4tseln \u00fcber einen holl\u00e4ndischen Piratensender auf 3330 Khz, der unter CHU sonntagabend zu h\u00f6ren war. Evt. handelt es sich ja auch um eine Harmonische.","rel":"","context":"In \"dx\"","block_context":{"text":"dx","link":"https:\/\/www.achimbrueckner.de\/freeradio\/php\/wordpress\/?tag=dx"},"img":{"alt_text":"","src":"","width":0,"height":0},"classes":[]},{"id":20704,"url":"https:\/\/www.achimbrueckner.de\/freeradio\/php\/wordpress\/?p=20704","url_meta":{"origin":197977,"position":1},"title":"Hamburger Lokalradio 5980 Khz","author":"Administrator","date":"December 6, 2010 19:39","format":false,"excerpt":"Sunday, December 26 Hamburger Lokalradio 5980 Khz 0700 Die Geschichte der Piratensender \/ History of Pirate Radio, show in English Info via dx-window via dxld P.S. 0700 might be CET so try 0600 Utc.","rel":"","context":"In &quot;English&quot;","block_context":{"text":"English","link":"https:\/\/www.achimbrueckner.de\/freeradio\/php\/wordpress\/?cat=2"},"img":{"alt_text":"","src":"","width":0,"height":0},"classes":[]},{"id":7131,"url":"https:\/\/www.achimbrueckner.de\/freeradio\/php\/wordpress\/?p=7131","url_meta":{"origin":197977,"position":2},"title":"Piratensender am Start","author":"Administrator","date":"June 15, 2008 10:18","format":false,"excerpt":"Der Spiegel berichtete vor 50 Jahren \u00fcber Piratensender: Der Artikel ist hier abrufbar. Info via Florian Usner auf A-DX","rel":"","context":"In \"AM\"","block_context":{"text":"AM","link":"https:\/\/www.achimbrueckner.de\/freeradio\/php\/wordpress\/?tag=am"},"img":{"alt_text":"","src":"","width":0,"height":0},"classes":[]},{"id":1096,"url":"https:\/\/www.achimbrueckner.de\/freeradio\/php\/wordpress\/?p=1096","url_meta":{"origin":197977,"position":3},"title":"Piratensender auf 4805 Khz","author":"Administrator","date":"November 3, 2006 23:37","format":false,"excerpt":"Auf 4805 Khz wurde gegen 1600 Utc eine Piratenstation mit afrikanischer Musik geh\u00f6rt. Christoph Ratzer meldet dazu in A-DX folgendes: Hier handelt es sich h\u00f6chstwahrscheinlich um eine Piratenstation aus dem Bereich Tschechien\/Slowakei der alte Sendeb\u00e4nder von Radio Koliba sendet, wie Karel Honzik, Mauno Ritola, Jari Savolainen und Patrick Robic herausgefunden\u2026","rel":"","context":"In \"Audio\"","block_context":{"text":"Audio","link":"https:\/\/www.achimbrueckner.de\/freeradio\/php\/wordpress\/?tag=audio"},"img":{"alt_text":"","src":"","width":0,"height":0},"classes":[]},{"id":2647,"url":"https:\/\/www.achimbrueckner.de\/freeradio\/php\/wordpress\/?p=2647","url_meta":{"origin":197977,"position":4},"title":"Piratensender 70er Jahre Schweiz","author":"Administrator","date":"May 8, 2007 14:39","format":false,"excerpt":"DXbruehlhart macht im Piratenradioforum auf einen interessanten Artikel \u00fcber die Piratensender in den 70er Jahren in der Schweiz aufmerksam. Der Artikel ist hier zu lesen.","rel":"","context":"In &quot;links&quot;","block_context":{"text":"links","link":"https:\/\/www.achimbrueckner.de\/freeradio\/php\/wordpress\/?cat=9"},"img":{"alt_text":"","src":"","width":0,"height":0},"classes":[]},{"id":15034,"url":"https:\/\/www.achimbrueckner.de\/freeradio\/php\/wordpress\/?p=15034","url_meta":{"origin":197977,"position":5},"title":"Rechte Hassparolen in Internet-Piratensender","author":"Administrator","date":"November 17, 2009 18:40","format":false,"excerpt":"Prozess nach rechten Hassparolen in Piratensender: http:\/\/www.abendblatt.de\/politik\/deutschland\/article1271710\/Prozess-nach-rechten-Hassparolen-in-Piratensender.html Ein weiterer Artikel dazu in der TAZ: http:\/\/www.taz.de\/1\/politik\/deutschland\/artikel\/1\/betrieb-verfassungsschutz-nazi-radio\/ Last item via dxld","rel":"","context":"In \"dx\"","block_context":{"text":"dx","link":"https:\/\/www.achimbrueckner.de\/freeradio\/php\/wordpress\/?tag=dx"},"img":{"alt_text":"","src":"","width":0,"height":0},"classes":[]}],"_links":{"self":[{"href":"https:\/\/www.achimbrueckner.de\/freeradio\/php\/wordpress\/index.php?rest_route=\/wp\/v2\/posts\/197977","targetHints":{"allow":["GET"]}}],"collection":[{"href":"https:\/\/www.achimbrueckner.de\/freeradio\/php\/wordpress\/index.php?rest_route=\/wp\/v2\/posts"}],"about":[{"href":"https:\/\/www.achimbrueckner.de\/freeradio\/php\/wordpress\/index.php?rest_route=\/wp\/v2\/types\/post"}],"author":[{"embeddable":true,"href":"https:\/\/www.achimbrueckner.de\/freeradio\/php\/wordpress\/index.php?rest_route=\/wp\/v2\/users\/1"}],"replies":[{"embeddable":true,"href":"https:\/\/www.achimbrueckner.de\/freeradio\/php\/wordpress\/index.php?rest_route=%2Fwp%2Fv2%2Fcomments&post=197977"}],"version-history":[{"count":0,"href":"https:\/\/www.achimbrueckner.de\/freeradio\/php\/wordpress\/index.php?rest_route=\/wp\/v2\/posts\/197977\/revisions"}],"wp:attachment":[{"href":"https:\/\/www.achimbrueckner.de\/freeradio\/php\/wordpress\/index.php?rest_route=%2Fwp%2Fv2%2Fmedia&parent=197977"}],"wp:term":[{"taxonomy":"category","embeddable":true,"href":"https:\/\/www.achimbrueckner.de\/freeradio\/php\/wordpress\/index.php?rest_route=%2Fwp%2Fv2%2Fcategories&post=197977"},{"taxonomy":"post_tag","embeddable":true,"href":"https:\/\/www.achimbrueckner.de\/freeradio\/php\/wordpress\/index.php?rest_route=%2Fwp%2Fv2%2Ftags&post=197977"}],"curies":[{"name":"wp","href":"https:\/\/api.w.org\/{rel}","templated":true}]}}