{"id":223941,"date":"2015-06-30T14:04:06","date_gmt":"2015-06-30T14:04:06","guid":{"rendered":"https:\/\/www.achimbrueckner.de\/freeradio\/php\/wordpress\/?p=223941"},"modified":"2015-06-30T14:04:06","modified_gmt":"2015-06-30T14:04:06","slug":"obacht-in-der-grafschaft-senden-piraten","status":"publish","type":"post","link":"https:\/\/www.achimbrueckner.de\/freeradio\/php\/wordpress\/?p=223941","title":{"rendered":"Obacht, in der Grafschaft senden Piraten"},"content":{"rendered":"<p><a href=\"https:\/\/www.ndr.de\/nachrichten\/niedersachsen\/osnabrueck_emsland\/Obacht-in-der-Grafschaft-senden-Piraten,piratensender100.html\" target=\"_blank\">https:\/\/www.ndr.de\/nachrichten\/niedersachsen\/osnabrueck_emsland\/Obacht-in-der-Grafschaft-senden-Piraten,piratensender100.html<\/a><\/p>\n","protected":false},"excerpt":{"rendered":"<p>https:\/\/www.ndr.de\/nachrichten\/niedersachsen\/osnabrueck_emsland\/Obacht-in-der-Grafschaft-senden-Piraten,piratensender100.html<\/p>\n","protected":false},"author":1,"featured_media":0,"comment_status":"open","ping_status":"open","sticky":false,"template":"","format":"standard","meta":{"_jetpack_memberships_contains_paid_content":false,"footnotes":"","jetpack_publicize_message":"","jetpack_publicize_feature_enabled":true,"jetpack_social_post_already_shared":true,"jetpack_social_options":{"image_generator_settings":{"template":"highway","default_image_id":0,"font":"","enabled":false},"version":2}},"categories":[1],"tags":[25],"class_list":["post-223941","post","type-post","status-publish","format-standard","hentry","category-uncategorized","tag-piratensender"],"jetpack_publicize_connections":[],"jetpack_featured_media_url":"","jetpack_sharing_enabled":true,"jetpack_shortlink":"https:\/\/wp.me\/p5CD59-WfX","jetpack-related-posts":[{"id":448059,"url":"https:\/\/www.achimbrueckner.de\/freeradio\/php\/wordpress\/?p=448059","url_meta":{"origin":223941,"position":0},"title":"SENDEN OHNE LIZENZ Piratensender bl\u00fchen auch im Internet-Zeitalter","author":"Administrator","date":"May 2, 2016 16:09","format":false,"excerpt":"http:\/\/www.handelsblatt.com\/technik\/it-internet\/senden-ohne-lizenz-mit-weniger-budget-gegen-mehr-piraten\/13530954-2.html","rel":"","context":"In \"Piratensender\"","block_context":{"text":"Piratensender","link":"https:\/\/www.achimbrueckner.de\/freeradio\/php\/wordpress\/?tag=piratensender"},"img":{"alt_text":"","src":"","width":0,"height":0},"classes":[]},{"id":4162,"url":"https:\/\/www.achimbrueckner.de\/freeradio\/php\/wordpress\/?p=4162","url_meta":{"origin":223941,"position":1},"title":"Wintersendeperiode B07 48m Band dicht belegt","author":"Administrator","date":"October 20, 2007 14:25","format":false,"excerpt":"In der Wintersendeperiode B07 wird das 48m Band dicht von legalen Stationen belegt. Es tummeln sich Stationen aus IRN, BUL, CZE, mehrmals EGY, TJK, UKR, MCO, MDA, PAK, UZB, ISR. Da wird es f\u00fcr die Piraten eng, auch wenn die meisten legalen Stationen abends senden werden. Info via WB auf\u2026","rel":"","context":"In \"dx\"","block_context":{"text":"dx","link":"https:\/\/www.achimbrueckner.de\/freeradio\/php\/wordpress\/?tag=dx"},"img":{"alt_text":"","src":"","width":0,"height":0},"classes":[]},{"id":444353,"url":"https:\/\/www.achimbrueckner.de\/freeradio\/php\/wordpress\/?p=444353","url_meta":{"origin":223941,"position":2},"title":"NIEDERL\u00c4NDISCHE SENDEANLAGE? Erneut Piratensender in Grafschaft Bentheim entdeckt","author":"Administrator","date":"September 21, 2015 18:19","format":false,"excerpt":"http:\/\/www.noz.de\/lokales\/lingen\/artikel\/618432\/erneut-piratensender-in-grafschaft-bentheim-entdeckt-1","rel":"","context":"In \"Piratensender\"","block_context":{"text":"Piratensender","link":"https:\/\/www.achimbrueckner.de\/freeradio\/php\/wordpress\/?tag=piratensender"},"img":{"alt_text":"","src":"","width":0,"height":0},"classes":[]},{"id":202591,"url":"https:\/\/www.achimbrueckner.de\/freeradio\/php\/wordpress\/?p=202591","url_meta":{"origin":223941,"position":3},"title":"BUNDESNETZAGENTUR IM EINSATZ Gigantischer Piratensendemast in Grafschaft Bentheim entdeckt \u2013 und stillgelegt","author":"Administrator","date":"June 27, 2015 22:18","format":false,"excerpt":"http:\/\/www.noz.de\/deutschland-welt\/niedersachsen\/artikel\/590054\/gigantischer-piratensendemast-in-grafschaft-bentheim-entdeckt-und-stillgelegt#gallery&0&2&590054","rel":"","context":"Similar post","block_context":{"text":"Similar post","link":""},"img":{"alt_text":"","src":"","width":0,"height":0},"classes":[]},{"id":457728,"url":"https:\/\/www.achimbrueckner.de\/freeradio\/php\/wordpress\/?p=457728","url_meta":{"origin":223941,"position":4},"title":"UKW-Abschaltung Norwegen \u00c4therpiraten","author":"Administrator","date":"December 13, 2017 17:47","format":false,"excerpt":"Nur noch Rauschen auf UKW in Norwegen? Denkste! Laut Beobachtungen sollen die B\u00e4nder in Oslo, Bergen, Stavanger und anderen St\u00e4dten wieder voll sein - neben einstrahlenden Lokalsendern, die noch bis 2021 senden d\u00fcrfen und Sendern aus Schweden u.a. von \u00c4therpiraten, die sich im Nu auf den frei gewordenen Frequenzen angesiedelt\u2026","rel":"","context":"In \"AM\"","block_context":{"text":"AM","link":"https:\/\/www.achimbrueckner.de\/freeradio\/php\/wordpress\/?tag=am"},"img":{"alt_text":"","src":"","width":0,"height":0},"classes":[]},{"id":464328,"url":"https:\/\/www.achimbrueckner.de\/freeradio\/php\/wordpress\/?p=464328","url_meta":{"origin":223941,"position":5},"title":"Piraten an der Saar","author":"Administrator","date":"November 17, 2020 18:46","format":false,"excerpt":"http:\/\/www.andre-scheer.de\/piraten-an-der-saar\/","rel":"","context":"Similar post","block_context":{"text":"Similar post","link":""},"img":{"alt_text":"","src":"","width":0,"height":0},"classes":[]}],"_links":{"self":[{"href":"https:\/\/www.achimbrueckner.de\/freeradio\/php\/wordpress\/index.php?rest_route=\/wp\/v2\/posts\/223941","targetHints":{"allow":["GET"]}}],"collection":[{"href":"https:\/\/www.achimbrueckner.de\/freeradio\/php\/wordpress\/index.php?rest_route=\/wp\/v2\/posts"}],"about":[{"href":"https:\/\/www.achimbrueckner.de\/freeradio\/php\/wordpress\/index.php?rest_route=\/wp\/v2\/types\/post"}],"author":[{"embeddable":true,"href":"https:\/\/www.achimbrueckner.de\/freeradio\/php\/wordpress\/index.php?rest_route=\/wp\/v2\/users\/1"}],"replies":[{"embeddable":true,"href":"https:\/\/www.achimbrueckner.de\/freeradio\/php\/wordpress\/index.php?rest_route=%2Fwp%2Fv2%2Fcomments&post=223941"}],"version-history":[{"count":0,"href":"https:\/\/www.achimbrueckner.de\/freeradio\/php\/wordpress\/index.php?rest_route=\/wp\/v2\/posts\/223941\/revisions"}],"wp:attachment":[{"href":"https:\/\/www.achimbrueckner.de\/freeradio\/php\/wordpress\/index.php?rest_route=%2Fwp%2Fv2%2Fmedia&parent=223941"}],"wp:term":[{"taxonomy":"category","embeddable":true,"href":"https:\/\/www.achimbrueckner.de\/freeradio\/php\/wordpress\/index.php?rest_route=%2Fwp%2Fv2%2Fcategories&post=223941"},{"taxonomy":"post_tag","embeddable":true,"href":"https:\/\/www.achimbrueckner.de\/freeradio\/php\/wordpress\/index.php?rest_route=%2Fwp%2Fv2%2Ftags&post=223941"}],"curies":[{"name":"wp","href":"https:\/\/api.w.org\/{rel}","templated":true}]}}