{"id":23066,"date":"2011-10-06T14:05:56","date_gmt":"2011-10-06T14:05:56","guid":{"rendered":"https:\/\/www.achimbrueckner.de\/freeradio\/php\/wordpress\/?p=23066"},"modified":"2011-10-06T14:05:56","modified_gmt":"2011-10-06T14:05:56","slug":"radio-joystick-im-winter-auf-mittelwelle","status":"publish","type":"post","link":"https:\/\/www.achimbrueckner.de\/freeradio\/php\/wordpress\/?p=23066","title":{"rendered":"Radio Joystick im Winter auf Mittelwelle"},"content":{"rendered":"<p>RADIO JOYSTICK auch auf Mittelwelle!<\/p>\n<p>Im Winter wird unsere Sendung nicht nur an jedem ersten Wochenende eines jeden Monats morgens auf Kurzwelle und im Internet ausgestrahlt, sondern parallel dazu auch Samstags abends auf drei Mittelwellen-Frequenzen!<\/p>\n<p>Jeden 1. Samstag 21:30-22:30 Uhr deutscher Zeit \u00fcber das AM-Network des Italian Radio Relay Service:<\/p>\n<p>1368 kHz mit 20 kW aus Padova f\u00fcr S\u00fcddeutschland, \u00d6sterreich und die Schweiz;<\/p>\n<p>1566 kHz innerhalb Roms;<\/p>\n<p>1575 kHz f\u00fcr den Gro\u00dfraum Rom.<\/p>\n<p>Empfangsberichte sind sehr willkommen!<\/p>\n<p>Bitte verbreitet diese gute Nachricht &#8211; Mailinglisten und Social Media Seiten warten nur darauf! Viel Spa\u00df mit unseren Sendungen!<\/p>\n<p>Info via <a href=\"http:\/\/www.ratzer.at\" target=\"_blank\">A-DX<\/a><\/p>\n","protected":false},"excerpt":{"rendered":"<p>RADIO JOYSTICK auch auf Mittelwelle! Im Winter wird unsere Sendung nicht nur an jedem ersten Wochenende eines jeden Monats morgens auf Kurzwelle und im Internet ausgestrahlt, sondern parallel dazu auch Samstags abends auf drei Mittelwellen-Frequenzen! Jeden 1. Samstag 21:30-22:30 Uhr deutscher Zeit \u00fcber das AM-Network des Italian Radio Relay Service: 1368 kHz mit 20 kW &hellip; <a href=\"https:\/\/www.achimbrueckner.de\/freeradio\/php\/wordpress\/?p=23066\" class=\"more-link\">Continue reading <span class=\"screen-reader-text\">Radio Joystick im Winter auf Mittelwelle<\/span><\/a><\/p>\n","protected":false},"author":1,"featured_media":0,"comment_status":"open","ping_status":"open","sticky":false,"template":"","format":"standard","meta":{"_jetpack_memberships_contains_paid_content":false,"footnotes":"","jetpack_publicize_message":"","jetpack_publicize_feature_enabled":true,"jetpack_social_post_already_shared":false,"jetpack_social_options":{"image_generator_settings":{"template":"highway","default_image_id":0,"font":"","enabled":false},"version":2}},"categories":[1],"tags":[22,28,29],"class_list":["post-23066","post","type-post","status-publish","format-standard","hentry","category-uncategorized","tag-am","tag-dx","tag-media"],"jetpack_publicize_connections":[],"jetpack_featured_media_url":"","jetpack_sharing_enabled":true,"jetpack_shortlink":"https:\/\/wp.me\/p5CD59-602","jetpack-related-posts":[{"id":26715,"url":"https:\/\/www.achimbrueckner.de\/freeradio\/php\/wordpress\/?p=26715","url_meta":{"origin":23066,"position":0},"title":"Radio Joystick 7330 Khz","author":"Administrator","date":"January 16, 2013 15:23","format":false,"excerpt":"Seit 25 Jahren gibt es sie monatlich auf Kurzwelle: Funky Sounds 4 Central Europe! Themen an jedem ersten Wochenende eines jeden Monats: Malta, Medien, Musik \u00e2\u20ac\u201c und mehr! Im neuen Jahr wird RADIO JOYSTICK mit 100 kW Sendeleistung aus Issoudun (F) mehr H\u00f6rer erreichen. Auch die Frequenz verspricht besseren Empfang:\u2026","rel":"","context":"In \"AM\"","block_context":{"text":"AM","link":"https:\/\/www.achimbrueckner.de\/freeradio\/php\/wordpress\/?tag=am"},"img":{"alt_text":"","src":"","width":0,"height":0},"classes":[]},{"id":5598,"url":"https:\/\/www.achimbrueckner.de\/freeradio\/php\/wordpress\/?p=5598","url_meta":{"origin":23066,"position":1},"title":"Radio Joystick auf 6140 Khz","author":"Administrator","date":"February 4, 2008 19:42","format":false,"excerpt":"RADIO JOYSTICK - Funky Sounds 4 Central Europe Malta, M\u00fclheim, Musik und mehr! Erster Test auf besserer Frequenz! Dank Sendezeitanmietung im Ausland treibt Charlie Prince nun schon seit \u00fcber 20 Jahren auf den Radiowellen. Am 10. Februar 2008 folgt nun endlich ein Test in Deutschland, \u00fcber die leistungsstarken Kurzwellensender im\u2026","rel":"","context":"In \"AM\"","block_context":{"text":"AM","link":"https:\/\/www.achimbrueckner.de\/freeradio\/php\/wordpress\/?tag=am"},"img":{"alt_text":"","src":"","width":0,"height":0},"classes":[]},{"id":22042,"url":"https:\/\/www.achimbrueckner.de\/freeradio\/php\/wordpress\/?p=22042","url_meta":{"origin":23066,"position":2},"title":"Radio Joystick","author":"Administrator","date":"April 2, 2011 15:18","format":false,"excerpt":"Derzeit hat der IRRS Probleme mit dem Audiofeed, daher gilt: Der Schwerpunkt der neuen Charlie-Prince-Show liegt eindeutig bei den Legenden der Musikgeschichte. Bei den Informationen steht der Malta International Airport aus aktuellem Anlass wieder einmal im Mittelpunkt. Zu h\u00f6ren ist die einst\u00fcndige Mischung Samstag, 2. April 2011 auf Mittelwelle, 1368\u2026","rel":"","context":"In \"AM\"","block_context":{"text":"AM","link":"https:\/\/www.achimbrueckner.de\/freeradio\/php\/wordpress\/?tag=am"},"img":{"alt_text":"","src":"","width":0,"height":0},"classes":[]},{"id":19602,"url":"https:\/\/www.achimbrueckner.de\/freeradio\/php\/wordpress\/?p=19602","url_meta":{"origin":23066,"position":3},"title":"RADIO JOYSTICK feiert dreifach!","author":"Administrator","date":"August 30, 2010 12:12","format":false,"excerpt":"25 Jahre Funky Sounds 4 Central Europe! RADIO JOYSTICK FEIERT IM SEPTEMBER 2010 DREIFACH! 25 Jahre Erfolgsgeschichte m\u00fcssen gefeiert werden!RADIO JOYSTICK feiert mit 2 Sendungen und einer Pr\u00e4sentation auf dem Radiotag in Erkrath! 1. DIE AKTUELLE SENDUNG Charlie Prince stellt in seiner Sendung nicht nur Northern-Soul-Geheimtipp Gloria Scott vor, sondern\u2026","rel":"","context":"In \"AM\"","block_context":{"text":"AM","link":"https:\/\/www.achimbrueckner.de\/freeradio\/php\/wordpress\/?tag=am"},"img":{"alt_text":"","src":"","width":0,"height":0},"classes":[]},{"id":468503,"url":"https:\/\/www.achimbrueckner.de\/freeradio\/php\/wordpress\/?p=468503","url_meta":{"origin":23066,"position":4},"title":"Radio Joystick (JOY) auf neuer Frequenz! Ab November 2022 vom neuen Sendestandort Kostinbrod auf 11935 kHz","author":"Administrator","date":"October 1, 2022 21:31","format":false,"excerpt":"Radio Joystick (JOY) auf neuer Frequenz! Ab November 2022 vom neuen Sendestandort Kostinbrod auf 11935 kHz Seit \u00fcber 35 Jahren ert\u00f6nen die \u201eFunky Sounds 4 Central Europe\u201c der Charlie-Prince-Show. Mit Beginn des Wintersendeplans profitieren die H\u00f6rerInnen von einem Radio Joystick (JOY)-Frequenzwechsel vom 41-m-Band auf das 25-m-Band der Kurzwelle! Radio Joystick\u2026","rel":"","context":"Similar post","block_context":{"text":"Similar post","link":""},"img":{"alt_text":"","src":"","width":0,"height":0},"classes":[]},{"id":451,"url":"https:\/\/www.achimbrueckner.de\/freeradio\/php\/wordpress\/?p=451","url_meta":{"origin":23066,"position":5},"title":"Radio Joystick","author":"Administrator","date":"March 4, 2006 09:33","format":false,"excerpt":"Radio Joystick ist um 0930 Utc auf 9290 Khz via Lettland zu h\u00f6ren. Der Empfang ist ausgezeichnet mit S=9+20dB und O=4, etwas Fading auf der Frequenz. Charlie Prince gibt seine Kommentare zum nordrheinwestf\u00e4lischen B\u00fcrgerfunk ab und hat ausgesuchte Musik im Programm. Radio Joystick ist immer ein Einschalten wert. Radio Joystick\u2026","rel":"","context":"In &quot;Empfang&quot;","block_context":{"text":"Empfang","link":"https:\/\/www.achimbrueckner.de\/freeradio\/php\/wordpress\/?cat=3"},"img":{"alt_text":"","src":"","width":0,"height":0},"classes":[]}],"_links":{"self":[{"href":"https:\/\/www.achimbrueckner.de\/freeradio\/php\/wordpress\/index.php?rest_route=\/wp\/v2\/posts\/23066","targetHints":{"allow":["GET"]}}],"collection":[{"href":"https:\/\/www.achimbrueckner.de\/freeradio\/php\/wordpress\/index.php?rest_route=\/wp\/v2\/posts"}],"about":[{"href":"https:\/\/www.achimbrueckner.de\/freeradio\/php\/wordpress\/index.php?rest_route=\/wp\/v2\/types\/post"}],"author":[{"embeddable":true,"href":"https:\/\/www.achimbrueckner.de\/freeradio\/php\/wordpress\/index.php?rest_route=\/wp\/v2\/users\/1"}],"replies":[{"embeddable":true,"href":"https:\/\/www.achimbrueckner.de\/freeradio\/php\/wordpress\/index.php?rest_route=%2Fwp%2Fv2%2Fcomments&post=23066"}],"version-history":[{"count":0,"href":"https:\/\/www.achimbrueckner.de\/freeradio\/php\/wordpress\/index.php?rest_route=\/wp\/v2\/posts\/23066\/revisions"}],"wp:attachment":[{"href":"https:\/\/www.achimbrueckner.de\/freeradio\/php\/wordpress\/index.php?rest_route=%2Fwp%2Fv2%2Fmedia&parent=23066"}],"wp:term":[{"taxonomy":"category","embeddable":true,"href":"https:\/\/www.achimbrueckner.de\/freeradio\/php\/wordpress\/index.php?rest_route=%2Fwp%2Fv2%2Fcategories&post=23066"},{"taxonomy":"post_tag","embeddable":true,"href":"https:\/\/www.achimbrueckner.de\/freeradio\/php\/wordpress\/index.php?rest_route=%2Fwp%2Fv2%2Ftags&post=23066"}],"curies":[{"name":"wp","href":"https:\/\/api.w.org\/{rel}","templated":true}]}}