{"id":23408,"date":"2011-11-11T23:15:36","date_gmt":"2011-11-11T23:15:36","guid":{"rendered":"https:\/\/www.achimbrueckner.de\/freeradio\/php\/wordpress\/?p=23408"},"modified":"2011-11-11T23:15:36","modified_gmt":"2011-11-11T23:15:36","slug":"hamburger-lokalradio-13-november-2011","status":"publish","type":"post","link":"https:\/\/www.achimbrueckner.de\/freeradio\/php\/wordpress\/?p=23408","title":{"rendered":"Hamburger Lokalradio 13 November 2011"},"content":{"rendered":"<p>Hallo liebe Listen- Mitglieder,<\/p>\n<p>am Sonntag den 13. November 2011 wird die vorerst letzte Testsendung des Hamburger Lokalradios auf 7265 KHz ausgestrahlt.<\/p>\n<p>Obwohl es eine Testsendung ist, werden interessante Beitr\u00e4ge \u00fcber die Geschichte des Deutschen Rundfunks und der Piratensender zu h\u00f6ren sein.<\/p>\n<p>Die Testsendung wird \u00fcber den Kurzwellensender G\u00f6hren (MV Baltic Radio), ab 7 UTC (8 CET) gesendet.<\/p>\n<p>Empfangsberichte bitte an:<\/p>\n<p>Hamburger Lokalradio<br \/>\nMichael Kittner<br \/>\nMax-Eichholz-Ring 18<br \/>\n21031 Hamburg<br \/>\nm.kittner@freenet.de<\/p>\n<p>R\u00fcckporto ist erw\u00fcnscht.<\/p>\n<p>Ein sch\u00f6nes Wochenende und good listening.<br \/>\nRoland<\/p>\n<p>Info via <a href=\"http:\/\/www.ratzer.at\">A-DX<\/a><\/p>\n","protected":false},"excerpt":{"rendered":"<p>Hallo liebe Listen- Mitglieder, am Sonntag den 13. November 2011 wird die vorerst letzte Testsendung des Hamburger Lokalradios auf 7265 KHz ausgestrahlt. Obwohl es eine Testsendung ist, werden interessante Beitr\u00e4ge \u00fcber die Geschichte des Deutschen Rundfunks und der Piratensender zu h\u00f6ren sein. Die Testsendung wird \u00fcber den Kurzwellensender G\u00f6hren (MV Baltic Radio), ab 7 UTC &hellip; <a href=\"https:\/\/www.achimbrueckner.de\/freeradio\/php\/wordpress\/?p=23408\" class=\"more-link\">Continue reading <span class=\"screen-reader-text\">Hamburger Lokalradio 13 November 2011<\/span><\/a><\/p>\n","protected":false},"author":1,"featured_media":0,"comment_status":"open","ping_status":"open","sticky":false,"template":"","format":"standard","meta":{"_jetpack_memberships_contains_paid_content":false,"footnotes":"","jetpack_publicize_message":"","jetpack_publicize_feature_enabled":true,"jetpack_social_post_already_shared":false,"jetpack_social_options":{"image_generator_settings":{"template":"highway","default_image_id":0,"font":"","enabled":false},"version":2}},"categories":[1],"tags":[22,28,25],"class_list":["post-23408","post","type-post","status-publish","format-standard","hentry","category-uncategorized","tag-am","tag-dx","tag-piratensender"],"jetpack_publicize_connections":[],"jetpack_featured_media_url":"","jetpack_sharing_enabled":true,"jetpack_shortlink":"https:\/\/wp.me\/p5CD59-65y","jetpack-related-posts":[{"id":20704,"url":"https:\/\/www.achimbrueckner.de\/freeradio\/php\/wordpress\/?p=20704","url_meta":{"origin":23408,"position":0},"title":"Hamburger Lokalradio 5980 Khz","author":"Administrator","date":"December 6, 2010 19:39","format":false,"excerpt":"Sunday, December 26 Hamburger Lokalradio 5980 Khz 0700 Die Geschichte der Piratensender \/ History of Pirate Radio, show in English Info via dx-window via dxld P.S. 0700 might be CET so try 0600 Utc.","rel":"","context":"In &quot;English&quot;","block_context":{"text":"English","link":"https:\/\/www.achimbrueckner.de\/freeradio\/php\/wordpress\/?cat=2"},"img":{"alt_text":"","src":"","width":0,"height":0},"classes":[]},{"id":551,"url":"https:\/\/www.achimbrueckner.de\/freeradio\/php\/wordpress\/?p=551","url_meta":{"origin":23408,"position":1},"title":"Hamburger Lokalradio","author":"Administrator","date":"April 22, 2006 08:33","format":false,"excerpt":"Das nichtkommerzielle Hamburger Lokalradio wird an drei weiteren Tagen auf der Kurzwellenfrequenz RIGA 9290 KHz zu h\u00f6ren sein. Zu empfangen sind die Kulturprogramme am Samstag, 29. April; Sonntag, 30. April sowie am Montag, 1. Mai. Von 09.00 bis 10.00 UTC ist europaweiter Empfang m\u00f6glich. Kontakt zum Hamburger Lokalradio: redaktion(-a)hamburger-lokalradio.de Hamburger\u2026","rel":"","context":"In \"AM\"","block_context":{"text":"AM","link":"https:\/\/www.achimbrueckner.de\/freeradio\/php\/wordpress\/?tag=am"},"img":{"alt_text":"","src":"","width":0,"height":0},"classes":[]},{"id":537,"url":"https:\/\/www.achimbrueckner.de\/freeradio\/php\/wordpress\/?p=537","url_meta":{"origin":23408,"position":2},"title":"Hamburger Lokalradio","author":"Administrator","date":"April 15, 2006 09:07","format":false,"excerpt":"Nachdem das 48m Band mal wieder nichts hergibt, komme ich an der 9290 Khz nicht vorbei. Um 0900 Utc l\u00e4uft dort das Hamburger Lokalradio. Es gibt ausgew\u00e4hlte Musik und Wortbeitr\u00e4ge. Ein Slogan lautet Kultur und Musik zum Hinh\u00f6ren. Mehr \u00fcber die Station gibt es auf Hamburger Lokalradio und die email-Adresse\u2026","rel":"","context":"In &quot;Empfang&quot;","block_context":{"text":"Empfang","link":"https:\/\/www.achimbrueckner.de\/freeradio\/php\/wordpress\/?cat=3"},"img":{"alt_text":"","src":"","width":0,"height":0},"classes":[]},{"id":37567,"url":"https:\/\/www.achimbrueckner.de\/freeradio\/php\/wordpress\/?p=37567","url_meta":{"origin":23408,"position":3},"title":"Fantasy Raeren &#8211; Erste Moderierte Testsendung 20 &#8211; 12 &#8211; 1984","author":"Administrator","date":"December 21, 2014 14:38","format":false,"excerpt":"https:\/\/soundcloud.com\/lothar-latte\/fantasy-raeren-erste-moderierte-testsendung-20-12-1984","rel":"","context":"Similar post","block_context":{"text":"Similar post","link":""},"img":{"alt_text":"","src":"","width":0,"height":0},"classes":[]},{"id":26842,"url":"https:\/\/www.achimbrueckner.de\/freeradio\/php\/wordpress\/?p=26842","url_meta":{"origin":23408,"position":4},"title":"Pirat 7265 Khz","author":"Administrator","date":"February 3, 2013 15:02","format":false,"excerpt":"Gestern wurde in einer dramatischen, aufwendigen Aktion der Bundesnetzagentur der St\u00f6rsender, der Radio Gloria International, MVBalticradio und das Hamburger Lokalradio monatelang gest\u00f6rt hatte, ausgehoben. Zuerst waren es Programme des S\u00fcdwestradios und des WDR, sp\u00e4ter dann Telegrafieger\u00e4usche, mit denen die Frequenz 7265 \u00fcberlagert wurde. Der Macher, der sich offenbar in der\u2026","rel":"","context":"In \"AM\"","block_context":{"text":"AM","link":"https:\/\/www.achimbrueckner.de\/freeradio\/php\/wordpress\/?tag=am"},"img":{"alt_text":"","src":"","width":0,"height":0},"classes":[]},{"id":454372,"url":"https:\/\/www.achimbrueckner.de\/freeradio\/php\/wordpress\/?p=454372","url_meta":{"origin":23408,"position":5},"title":"Test Radio Marabu 6150 Khz 22 April 2017 2200 Uhr 6150 Khz","author":"Administrator","date":"April 22, 2017 13:21","format":false,"excerpt":"TEST VON MARABU AUF KURZWELLE HEUTE VON 22.00 BIS 04.00 UHR AUF 6150 KHZ Heute in der Zeit von 22.00 Uhr bis 04.00 Uhr wird eine Testsendung ausgestrahlt.","rel":"","context":"Similar post","block_context":{"text":"Similar post","link":""},"img":{"alt_text":"","src":"","width":0,"height":0},"classes":[]}],"_links":{"self":[{"href":"https:\/\/www.achimbrueckner.de\/freeradio\/php\/wordpress\/index.php?rest_route=\/wp\/v2\/posts\/23408","targetHints":{"allow":["GET"]}}],"collection":[{"href":"https:\/\/www.achimbrueckner.de\/freeradio\/php\/wordpress\/index.php?rest_route=\/wp\/v2\/posts"}],"about":[{"href":"https:\/\/www.achimbrueckner.de\/freeradio\/php\/wordpress\/index.php?rest_route=\/wp\/v2\/types\/post"}],"author":[{"embeddable":true,"href":"https:\/\/www.achimbrueckner.de\/freeradio\/php\/wordpress\/index.php?rest_route=\/wp\/v2\/users\/1"}],"replies":[{"embeddable":true,"href":"https:\/\/www.achimbrueckner.de\/freeradio\/php\/wordpress\/index.php?rest_route=%2Fwp%2Fv2%2Fcomments&post=23408"}],"version-history":[{"count":0,"href":"https:\/\/www.achimbrueckner.de\/freeradio\/php\/wordpress\/index.php?rest_route=\/wp\/v2\/posts\/23408\/revisions"}],"wp:attachment":[{"href":"https:\/\/www.achimbrueckner.de\/freeradio\/php\/wordpress\/index.php?rest_route=%2Fwp%2Fv2%2Fmedia&parent=23408"}],"wp:term":[{"taxonomy":"category","embeddable":true,"href":"https:\/\/www.achimbrueckner.de\/freeradio\/php\/wordpress\/index.php?rest_route=%2Fwp%2Fv2%2Fcategories&post=23408"},{"taxonomy":"post_tag","embeddable":true,"href":"https:\/\/www.achimbrueckner.de\/freeradio\/php\/wordpress\/index.php?rest_route=%2Fwp%2Fv2%2Ftags&post=23408"}],"curies":[{"name":"wp","href":"https:\/\/api.w.org\/{rel}","templated":true}]}}