{"id":23555,"date":"2011-11-21T20:51:14","date_gmt":"2011-11-21T20:51:14","guid":{"rendered":"https:\/\/www.achimbrueckner.de\/freeradio\/php\/wordpress\/?p=23555"},"modified":"2011-11-21T20:51:14","modified_gmt":"2011-11-21T20:51:14","slug":"75-jahre-srg-thema-piratensender","status":"publish","type":"post","link":"https:\/\/www.achimbrueckner.de\/freeradio\/php\/wordpress\/?p=23555","title":{"rendered":"75 Jahre SRG: Thema Piratensender"},"content":{"rendered":"<p>75 Jahre SRG: Thema Piratensender<\/p>\n<p><a href=\"http:\/\/videoportal.ch.msn.com\/video?id=03a25a3d-ff73-409c-98ad-1b3de48e0031;DCSext.zugang=videoportal_aehnlichevideos\" target=\"_blank\">http:\/\/videoportal.ch.msn.com\/video<\/a><\/p>\n","protected":false},"excerpt":{"rendered":"<p>75 Jahre SRG: Thema Piratensender http:\/\/videoportal.ch.msn.com\/video<\/p>\n","protected":false},"author":1,"featured_media":0,"comment_status":"open","ping_status":"open","sticky":false,"template":"","format":"standard","meta":{"_jetpack_memberships_contains_paid_content":false,"footnotes":"","jetpack_publicize_message":"","jetpack_publicize_feature_enabled":true,"jetpack_social_post_already_shared":false,"jetpack_social_options":{"image_generator_settings":{"template":"highway","default_image_id":0,"font":"","enabled":false},"version":2}},"categories":[1],"tags":[25],"class_list":["post-23555","post","type-post","status-publish","format-standard","hentry","category-uncategorized","tag-piratensender"],"jetpack_publicize_connections":[],"jetpack_featured_media_url":"","jetpack_sharing_enabled":true,"jetpack_shortlink":"https:\/\/wp.me\/p5CD59-67V","jetpack-related-posts":[{"id":15242,"url":"https:\/\/www.achimbrueckner.de\/freeradio\/php\/wordpress\/?p=15242","url_meta":{"origin":23555,"position":0},"title":"30 Jahre Radio 24 &#8211; ehemals Piratensender","author":"Administrator","date":"November 27, 2009 21:49","format":false,"excerpt":"30 Jahre Radio 24 - ehemals Piratensender http:\/\/www.bielertagblatt.ch\/news\/Vermischtes\/160432","rel":"","context":"In \"Piratensender\"","block_context":{"text":"Piratensender","link":"https:\/\/www.achimbrueckner.de\/freeradio\/php\/wordpress\/?tag=piratensender"},"img":{"alt_text":"","src":"","width":0,"height":0},"classes":[]},{"id":197977,"url":"https:\/\/www.achimbrueckner.de\/freeradio\/php\/wordpress\/?p=197977","url_meta":{"origin":23555,"position":1},"title":"chilenische Piratensender @RCWradio 7550 Khz","author":"Administrator","date":"June 27, 2015 08:22","format":false,"excerpt":"Tipp f\u00fcr Extrem-DX: Der chilenische Piratensender @RCWradio \u00fcbertr\u00e4gt die Spiele der Copa Am\u00e9rica 2015 auf 7550 kHz. Info via RCWradio via Radiopiraten","rel":"","context":"In \"AM\"","block_context":{"text":"AM","link":"https:\/\/www.achimbrueckner.de\/freeradio\/php\/wordpress\/?tag=am"},"img":{"alt_text":"","src":"","width":0,"height":0},"classes":[]},{"id":460067,"url":"https:\/\/www.achimbrueckner.de\/freeradio\/php\/wordpress\/?p=460067","url_meta":{"origin":23555,"position":2},"title":"Radio Sutch \u2013 Ein Piratensender der 1960er Jahre, der von Shivering Sands in der Themsem\u00fcndung aus sendete","author":"Administrator","date":"February 11, 2019 16:03","format":false,"excerpt":"https:\/\/maricopa1.wordpress.com\/2019\/02\/11\/radio-sutch-ein-piratensender-der-1960er-jahre-der-von-shivering-sands-in-der-themsemuendung-aus-sendete\/","rel":"","context":"In \"Piratensender\"","block_context":{"text":"Piratensender","link":"https:\/\/www.achimbrueckner.de\/freeradio\/php\/wordpress\/?tag=piratensender"},"img":{"alt_text":"","src":"","width":0,"height":0},"classes":[]},{"id":24274,"url":"https:\/\/www.achimbrueckner.de\/freeradio\/php\/wordpress\/?p=24274","url_meta":{"origin":23555,"position":3},"title":"TV-Tip Piratensender 14. Februar 2012","author":"Administrator","date":"February 8, 2012 15:35","format":false,"excerpt":"Die ARD-Serier Um Himmels Willen widmet sich dem Thema Piratensender Dienstag 14. Februar 2012 2015 MEZ ARD http:\/\/www.daserste.de\/unterhaltung\/serie\/um-himmels-willen\/sendung\/2012\/piratensender-folge-135-100.html Info via Radiocafe","rel":"","context":"In \"Piratensender\"","block_context":{"text":"Piratensender","link":"https:\/\/www.achimbrueckner.de\/freeradio\/php\/wordpress\/?tag=piratensender"},"img":{"alt_text":"","src":"","width":0,"height":0},"classes":[]},{"id":461067,"url":"https:\/\/www.achimbrueckner.de\/freeradio\/php\/wordpress\/?p=461067","url_meta":{"origin":23555,"position":4},"title":"Flotte Flitzer und ein Piratensender Das waren die 70er Jahre","author":"Administrator","date":"July 27, 2019 10:12","format":false,"excerpt":"https:\/\/www.lz.de\/lippe\/kreis_lippe\/22518614_Flotte-Flitzer-und-ein-Piratensender-Das-waren-die-70er-Jahre.html","rel":"","context":"In \"Piratensender\"","block_context":{"text":"Piratensender","link":"https:\/\/www.achimbrueckner.de\/freeradio\/php\/wordpress\/?tag=piratensender"},"img":{"alt_text":"","src":"","width":0,"height":0},"classes":[]},{"id":473274,"url":"https:\/\/www.achimbrueckner.de\/freeradio\/php\/wordpress\/?p=473274","url_meta":{"origin":23555,"position":5},"title":"Piratensender Geschichten: Neuer Podcast zum Thema freies Radio","author":"Administrator","date":"May 5, 2024 16:20","format":false,"excerpt":"https:\/\/www.radioblog.eu\/2024\/05\/05\/piratensender-geschichten-neuer-podcast-zum-thema-freies-radio\/","rel":"","context":"Similar post","block_context":{"text":"Similar post","link":""},"img":{"alt_text":"","src":"","width":0,"height":0},"classes":[]}],"_links":{"self":[{"href":"https:\/\/www.achimbrueckner.de\/freeradio\/php\/wordpress\/index.php?rest_route=\/wp\/v2\/posts\/23555","targetHints":{"allow":["GET"]}}],"collection":[{"href":"https:\/\/www.achimbrueckner.de\/freeradio\/php\/wordpress\/index.php?rest_route=\/wp\/v2\/posts"}],"about":[{"href":"https:\/\/www.achimbrueckner.de\/freeradio\/php\/wordpress\/index.php?rest_route=\/wp\/v2\/types\/post"}],"author":[{"embeddable":true,"href":"https:\/\/www.achimbrueckner.de\/freeradio\/php\/wordpress\/index.php?rest_route=\/wp\/v2\/users\/1"}],"replies":[{"embeddable":true,"href":"https:\/\/www.achimbrueckner.de\/freeradio\/php\/wordpress\/index.php?rest_route=%2Fwp%2Fv2%2Fcomments&post=23555"}],"version-history":[{"count":0,"href":"https:\/\/www.achimbrueckner.de\/freeradio\/php\/wordpress\/index.php?rest_route=\/wp\/v2\/posts\/23555\/revisions"}],"wp:attachment":[{"href":"https:\/\/www.achimbrueckner.de\/freeradio\/php\/wordpress\/index.php?rest_route=%2Fwp%2Fv2%2Fmedia&parent=23555"}],"wp:term":[{"taxonomy":"category","embeddable":true,"href":"https:\/\/www.achimbrueckner.de\/freeradio\/php\/wordpress\/index.php?rest_route=%2Fwp%2Fv2%2Fcategories&post=23555"},{"taxonomy":"post_tag","embeddable":true,"href":"https:\/\/www.achimbrueckner.de\/freeradio\/php\/wordpress\/index.php?rest_route=%2Fwp%2Fv2%2Ftags&post=23555"}],"curies":[{"name":"wp","href":"https:\/\/api.w.org\/{rel}","templated":true}]}}