{"id":25566,"date":"2012-08-16T06:05:43","date_gmt":"2012-08-16T06:05:43","guid":{"rendered":"https:\/\/www.achimbrueckner.de\/freeradio\/php\/wordpress\/?p=25566"},"modified":"2012-08-16T06:05:43","modified_gmt":"2012-08-16T06:05:43","slug":"niederlandische-funkpiraten-fluchten-uber-grenze-nach-deutschland-25-piratensender-in-niedersachsen-entdeckt","status":"publish","type":"post","link":"https:\/\/www.achimbrueckner.de\/freeradio\/php\/wordpress\/?p=25566","title":{"rendered":"Niederl\u00e4ndische Funkpiraten fl\u00fcchten \u00fcber Grenze nach Deutschland \u00e2\u20ac\u201c 25 Piratensender in Niedersachsen entdeckt"},"content":{"rendered":"<p>Niederl\u00e4ndische Funkpiraten fl\u00fcchten \u00fcber Grenze nach Deutschland \u00e2\u20ac\u201c 25 Piratensender in Niedersachsen entdeckt<\/p>\n<p><a href=\"http:\/\/www.noz.de\/deutschland-und-welt\/politik\/niedersachsen\/65817980\/niederlaendische-funkpiraten-fluechten-ueber-grenze-nach-deutschland--25-piratensender-in-niedersachsen-entdeckt\" target=\"_blank\">http:\/\/www.noz.de\/deutschland-und-welt\/politik\/niedersachsen\/65817980\/niederlaendische-funkpiraten-fluechten-ueber-grenze-nach-deutschland&#8211;25-piratensender-in-niedersachsen-entdeckt<\/a><\/p>\n","protected":false},"excerpt":{"rendered":"<p>Niederl\u00e4ndische Funkpiraten fl\u00fcchten \u00fcber Grenze nach Deutschland \u00e2\u20ac\u201c 25 Piratensender in Niedersachsen entdeckt http:\/\/www.noz.de\/deutschland-und-welt\/politik\/niedersachsen\/65817980\/niederlaendische-funkpiraten-fluechten-ueber-grenze-nach-deutschland&#8211;25-piratensender-in-niedersachsen-entdeckt<\/p>\n","protected":false},"author":1,"featured_media":0,"comment_status":"open","ping_status":"open","sticky":false,"template":"","format":"standard","meta":{"_jetpack_memberships_contains_paid_content":false,"footnotes":"","jetpack_publicize_message":"","jetpack_publicize_feature_enabled":true,"jetpack_social_post_already_shared":false,"jetpack_social_options":{"image_generator_settings":{"template":"highway","default_image_id":0,"font":"","enabled":false},"version":2}},"categories":[1],"tags":[25],"class_list":["post-25566","post","type-post","status-publish","format-standard","hentry","category-uncategorized","tag-piratensender"],"jetpack_publicize_connections":[],"jetpack_featured_media_url":"","jetpack_sharing_enabled":true,"jetpack_shortlink":"https:\/\/wp.me\/p5CD59-6Em","jetpack-related-posts":[{"id":444353,"url":"https:\/\/www.achimbrueckner.de\/freeradio\/php\/wordpress\/?p=444353","url_meta":{"origin":25566,"position":0},"title":"NIEDERL\u00c4NDISCHE SENDEANLAGE? Erneut Piratensender in Grafschaft Bentheim entdeckt","author":"Administrator","date":"September 21, 2015 18:19","format":false,"excerpt":"http:\/\/www.noz.de\/lokales\/lingen\/artikel\/618432\/erneut-piratensender-in-grafschaft-bentheim-entdeckt-1","rel":"","context":"In \"Piratensender\"","block_context":{"text":"Piratensender","link":"https:\/\/www.achimbrueckner.de\/freeradio\/php\/wordpress\/?tag=piratensender"},"img":{"alt_text":"","src":"","width":0,"height":0},"classes":[]},{"id":202591,"url":"https:\/\/www.achimbrueckner.de\/freeradio\/php\/wordpress\/?p=202591","url_meta":{"origin":25566,"position":1},"title":"BUNDESNETZAGENTUR IM EINSATZ Gigantischer Piratensendemast in Grafschaft Bentheim entdeckt \u2013 und stillgelegt","author":"Administrator","date":"June 27, 2015 22:18","format":false,"excerpt":"http:\/\/www.noz.de\/deutschland-welt\/niedersachsen\/artikel\/590054\/gigantischer-piratensendemast-in-grafschaft-bentheim-entdeckt-und-stillgelegt#gallery&0&2&590054","rel":"","context":"Similar post","block_context":{"text":"Similar post","link":""},"img":{"alt_text":"","src":"","width":0,"height":0},"classes":[]},{"id":223941,"url":"https:\/\/www.achimbrueckner.de\/freeradio\/php\/wordpress\/?p=223941","url_meta":{"origin":25566,"position":2},"title":"Obacht, in der Grafschaft senden Piraten","author":"Administrator","date":"June 30, 2015 14:04","format":false,"excerpt":"https:\/\/www.ndr.de\/nachrichten\/niedersachsen\/osnabrueck_emsland\/Obacht-in-der-Grafschaft-senden-Piraten,piratensender100.html","rel":"","context":"In \"Piratensender\"","block_context":{"text":"Piratensender","link":"https:\/\/www.achimbrueckner.de\/freeradio\/php\/wordpress\/?tag=piratensender"},"img":{"alt_text":"","src":"","width":0,"height":0},"classes":[]},{"id":15034,"url":"https:\/\/www.achimbrueckner.de\/freeradio\/php\/wordpress\/?p=15034","url_meta":{"origin":25566,"position":3},"title":"Rechte Hassparolen in Internet-Piratensender","author":"Administrator","date":"November 17, 2009 18:40","format":false,"excerpt":"Prozess nach rechten Hassparolen in Piratensender: http:\/\/www.abendblatt.de\/politik\/deutschland\/article1271710\/Prozess-nach-rechten-Hassparolen-in-Piratensender.html Ein weiterer Artikel dazu in der TAZ: http:\/\/www.taz.de\/1\/politik\/deutschland\/artikel\/1\/betrieb-verfassungsschutz-nazi-radio\/ Last item via dxld","rel":"","context":"In \"dx\"","block_context":{"text":"dx","link":"https:\/\/www.achimbrueckner.de\/freeradio\/php\/wordpress\/?tag=dx"},"img":{"alt_text":"","src":"","width":0,"height":0},"classes":[]},{"id":454238,"url":"https:\/\/www.achimbrueckner.de\/freeradio\/php\/wordpress\/?p=454238","url_meta":{"origin":25566,"position":4},"title":"Piratensender in Getelo entdeckt","author":"Administrator","date":"April 14, 2017 16:41","format":false,"excerpt":"http:\/\/www.gn-online.de\/nachrichten\/piratensender-in-getelo-entdeckt--189858.html","rel":"","context":"In \"Piratensender\"","block_context":{"text":"Piratensender","link":"https:\/\/www.achimbrueckner.de\/freeradio\/php\/wordpress\/?tag=piratensender"},"img":{"alt_text":"","src":"","width":0,"height":0},"classes":[]},{"id":444351,"url":"https:\/\/www.achimbrueckner.de\/freeradio\/php\/wordpress\/?p=444351","url_meta":{"origin":25566,"position":5},"title":"60 Meter Mast an der Grenze: Piratensender stillgelegt","author":"Administrator","date":"September 21, 2015 18:17","format":false,"excerpt":"http:\/\/www.ev1.tv\/nachrichten--wetter\/beitraege\/60-meter-mast-an-der-grenze-piratensender-stillgelegt_32087","rel":"","context":"In \"Piratensender\"","block_context":{"text":"Piratensender","link":"https:\/\/www.achimbrueckner.de\/freeradio\/php\/wordpress\/?tag=piratensender"},"img":{"alt_text":"","src":"","width":0,"height":0},"classes":[]}],"_links":{"self":[{"href":"https:\/\/www.achimbrueckner.de\/freeradio\/php\/wordpress\/index.php?rest_route=\/wp\/v2\/posts\/25566","targetHints":{"allow":["GET"]}}],"collection":[{"href":"https:\/\/www.achimbrueckner.de\/freeradio\/php\/wordpress\/index.php?rest_route=\/wp\/v2\/posts"}],"about":[{"href":"https:\/\/www.achimbrueckner.de\/freeradio\/php\/wordpress\/index.php?rest_route=\/wp\/v2\/types\/post"}],"author":[{"embeddable":true,"href":"https:\/\/www.achimbrueckner.de\/freeradio\/php\/wordpress\/index.php?rest_route=\/wp\/v2\/users\/1"}],"replies":[{"embeddable":true,"href":"https:\/\/www.achimbrueckner.de\/freeradio\/php\/wordpress\/index.php?rest_route=%2Fwp%2Fv2%2Fcomments&post=25566"}],"version-history":[{"count":0,"href":"https:\/\/www.achimbrueckner.de\/freeradio\/php\/wordpress\/index.php?rest_route=\/wp\/v2\/posts\/25566\/revisions"}],"wp:attachment":[{"href":"https:\/\/www.achimbrueckner.de\/freeradio\/php\/wordpress\/index.php?rest_route=%2Fwp%2Fv2%2Fmedia&parent=25566"}],"wp:term":[{"taxonomy":"category","embeddable":true,"href":"https:\/\/www.achimbrueckner.de\/freeradio\/php\/wordpress\/index.php?rest_route=%2Fwp%2Fv2%2Fcategories&post=25566"},{"taxonomy":"post_tag","embeddable":true,"href":"https:\/\/www.achimbrueckner.de\/freeradio\/php\/wordpress\/index.php?rest_route=%2Fwp%2Fv2%2Ftags&post=25566"}],"curies":[{"name":"wp","href":"https:\/\/api.w.org\/{rel}","templated":true}]}}