{"id":26344,"date":"2012-12-04T18:37:54","date_gmt":"2012-12-04T18:37:54","guid":{"rendered":"https:\/\/www.achimbrueckner.de\/freeradio\/php\/wordpress\/?p=26344"},"modified":"2012-12-04T18:37:54","modified_gmt":"2012-12-04T18:37:54","slug":"aufgeblattert-ein-letzter-sommer-in-der-kleinstadt","status":"publish","type":"post","link":"https:\/\/www.achimbrueckner.de\/freeradio\/php\/wordpress\/?p=26344","title":{"rendered":"Aufgebl\u00e4ttert: Ein letzter Sommer in der Kleinstadt"},"content":{"rendered":"<p>Roman \u00fcber einen Piratensender-OP in einer KLeinstadt: <\/p>\n<p><a href=\"http:\/\/www.acht9.de\/2012\/12\/aufgeblaettert-ein-letzter-sommer-in-der-kleinstadt\/\" target=\"_blank\">http:\/\/www.acht9.de\/2012\/12\/aufgeblaettert-ein-letzter-sommer-in-der-kleinstadt\/<\/a><\/p>\n","protected":false},"excerpt":{"rendered":"<p>Roman \u00fcber einen Piratensender-OP in einer KLeinstadt: http:\/\/www.acht9.de\/2012\/12\/aufgeblaettert-ein-letzter-sommer-in-der-kleinstadt\/<\/p>\n","protected":false},"author":1,"featured_media":0,"comment_status":"open","ping_status":"open","sticky":false,"template":"","format":"standard","meta":{"_jetpack_memberships_contains_paid_content":false,"footnotes":"","jetpack_publicize_message":"","jetpack_publicize_feature_enabled":true,"jetpack_social_post_already_shared":false,"jetpack_social_options":{"image_generator_settings":{"template":"highway","default_image_id":0,"font":"","enabled":false},"version":2}},"categories":[1],"tags":[25],"class_list":["post-26344","post","type-post","status-publish","format-standard","hentry","category-uncategorized","tag-piratensender"],"jetpack_publicize_connections":[],"jetpack_featured_media_url":"","jetpack_sharing_enabled":true,"jetpack_shortlink":"https:\/\/wp.me\/p5CD59-6QU","jetpack-related-posts":[{"id":460893,"url":"https:\/\/www.achimbrueckner.de\/freeradio\/php\/wordpress\/?p=460893","url_meta":{"origin":26344,"position":0},"title":"Ein Hauch von der Zeit der Piratensender","author":"Administrator","date":"July 1, 2019 16:11","format":false,"excerpt":"https:\/\/www.schwarzwaelder-bote.de\/inhalt.freudenstadt-ein-hauch-von-der-zeit-der-piratensender.3c1261c5-7da9-4335-ad2f-65289af4e7ae.html","rel":"","context":"In \"Piratensender\"","block_context":{"text":"Piratensender","link":"https:\/\/www.achimbrueckner.de\/freeradio\/php\/wordpress\/?tag=piratensender"},"img":{"alt_text":"","src":"","width":0,"height":0},"classes":[]},{"id":460067,"url":"https:\/\/www.achimbrueckner.de\/freeradio\/php\/wordpress\/?p=460067","url_meta":{"origin":26344,"position":1},"title":"Radio Sutch \u2013 Ein Piratensender der 1960er Jahre, der von Shivering Sands in der Themsem\u00fcndung aus sendete","author":"Administrator","date":"February 11, 2019 16:03","format":false,"excerpt":"https:\/\/maricopa1.wordpress.com\/2019\/02\/11\/radio-sutch-ein-piratensender-der-1960er-jahre-der-von-shivering-sands-in-der-themsemuendung-aus-sendete\/","rel":"","context":"In \"Piratensender\"","block_context":{"text":"Piratensender","link":"https:\/\/www.achimbrueckner.de\/freeradio\/php\/wordpress\/?tag=piratensender"},"img":{"alt_text":"","src":"","width":0,"height":0},"classes":[]},{"id":2300,"url":"https:\/\/www.achimbrueckner.de\/freeradio\/php\/wordpress\/?p=2300","url_meta":{"origin":26344,"position":2},"title":"Piratensender Powerplay","author":"Administrator","date":"March 29, 2007 16:54","format":false,"excerpt":"Auf wikipedia ist ein Artikel zum Kultfilm der 80er Jahre Piratensender Powerplay erschienen. Die beiden Supernasen Tommy und Mike betreiben einen Piratensender aus einem Wohnmobil heraus.","rel":"","context":"In &quot;links&quot;","block_context":{"text":"links","link":"https:\/\/www.achimbrueckner.de\/freeradio\/php\/wordpress\/?cat=9"},"img":{"alt_text":"","src":"","width":0,"height":0},"classes":[]},{"id":14027,"url":"https:\/\/www.achimbrueckner.de\/freeradio\/php\/wordpress\/?p=14027","url_meta":{"origin":26344,"position":3},"title":"Geschichte der \u00f6sterreichischen Piratensender","author":"Administrator","date":"September 27, 2009 12:14","format":false,"excerpt":"Ein 30 min\u00fctiges Video \u00fcber die Geschichte der \u00f6sterreichischen PIratensender ist hier abrufbar: http:\/\/www.ustream.tv\/recorded\/2149181 Info via Corax via Net-Radio","rel":"","context":"In \"AM\"","block_context":{"text":"AM","link":"https:\/\/www.achimbrueckner.de\/freeradio\/php\/wordpress\/?tag=am"},"img":{"alt_text":"","src":"","width":0,"height":0},"classes":[]},{"id":455987,"url":"https:\/\/www.achimbrueckner.de\/freeradio\/php\/wordpress\/?p=455987","url_meta":{"origin":26344,"position":4},"title":"Radio London | Ein Piratensender schreibt Geschichte Der Sound von 1967","author":"Administrator","date":"August 14, 2017 18:00","format":false,"excerpt":"https:\/\/detektor.fm\/kultur\/piratensender","rel":"","context":"In \"FM\"","block_context":{"text":"FM","link":"https:\/\/www.achimbrueckner.de\/freeradio\/php\/wordpress\/?tag=fm"},"img":{"alt_text":"","src":"","width":0,"height":0},"classes":[]},{"id":15034,"url":"https:\/\/www.achimbrueckner.de\/freeradio\/php\/wordpress\/?p=15034","url_meta":{"origin":26344,"position":5},"title":"Rechte Hassparolen in Internet-Piratensender","author":"Administrator","date":"November 17, 2009 18:40","format":false,"excerpt":"Prozess nach rechten Hassparolen in Piratensender: http:\/\/www.abendblatt.de\/politik\/deutschland\/article1271710\/Prozess-nach-rechten-Hassparolen-in-Piratensender.html Ein weiterer Artikel dazu in der TAZ: http:\/\/www.taz.de\/1\/politik\/deutschland\/artikel\/1\/betrieb-verfassungsschutz-nazi-radio\/ Last item via dxld","rel":"","context":"In \"dx\"","block_context":{"text":"dx","link":"https:\/\/www.achimbrueckner.de\/freeradio\/php\/wordpress\/?tag=dx"},"img":{"alt_text":"","src":"","width":0,"height":0},"classes":[]}],"_links":{"self":[{"href":"https:\/\/www.achimbrueckner.de\/freeradio\/php\/wordpress\/index.php?rest_route=\/wp\/v2\/posts\/26344","targetHints":{"allow":["GET"]}}],"collection":[{"href":"https:\/\/www.achimbrueckner.de\/freeradio\/php\/wordpress\/index.php?rest_route=\/wp\/v2\/posts"}],"about":[{"href":"https:\/\/www.achimbrueckner.de\/freeradio\/php\/wordpress\/index.php?rest_route=\/wp\/v2\/types\/post"}],"author":[{"embeddable":true,"href":"https:\/\/www.achimbrueckner.de\/freeradio\/php\/wordpress\/index.php?rest_route=\/wp\/v2\/users\/1"}],"replies":[{"embeddable":true,"href":"https:\/\/www.achimbrueckner.de\/freeradio\/php\/wordpress\/index.php?rest_route=%2Fwp%2Fv2%2Fcomments&post=26344"}],"version-history":[{"count":0,"href":"https:\/\/www.achimbrueckner.de\/freeradio\/php\/wordpress\/index.php?rest_route=\/wp\/v2\/posts\/26344\/revisions"}],"wp:attachment":[{"href":"https:\/\/www.achimbrueckner.de\/freeradio\/php\/wordpress\/index.php?rest_route=%2Fwp%2Fv2%2Fmedia&parent=26344"}],"wp:term":[{"taxonomy":"category","embeddable":true,"href":"https:\/\/www.achimbrueckner.de\/freeradio\/php\/wordpress\/index.php?rest_route=%2Fwp%2Fv2%2Fcategories&post=26344"},{"taxonomy":"post_tag","embeddable":true,"href":"https:\/\/www.achimbrueckner.de\/freeradio\/php\/wordpress\/index.php?rest_route=%2Fwp%2Fv2%2Ftags&post=26344"}],"curies":[{"name":"wp","href":"https:\/\/api.w.org\/{rel}","templated":true}]}}