{"id":26711,"date":"2013-01-14T19:15:14","date_gmt":"2013-01-14T19:15:14","guid":{"rendered":"https:\/\/www.achimbrueckner.de\/freeradio\/php\/wordpress\/?p=26711"},"modified":"2013-01-16T18:50:32","modified_gmt":"2013-01-16T18:50:32","slug":"benelux-80th","status":"publish","type":"post","link":"https:\/\/www.achimbrueckner.de\/freeradio\/php\/wordpress\/?p=26711","title":{"rendered":"Benelux 80th"},"content":{"rendered":"<p>Listening back to the 80th in Benelux:<\/p>\n<p><a href=\"https:\/\/www.achimbrueckner.de\/freeradio\/audio\/160kbps\/count.php?url=130111Ebbesender1978Bnl8283HenriRti8687Paradise8487.mp3\" target=\"_blank\">130111Ebbesender1978Bnl8283HenriRti8687Paradise8487.mp3<\/a><\/p>\n<p><a href=\"https:\/\/www.achimbrueckner.de\/freeradio\/audio\/160kbps\/count.php?url=130112Ebbesender1978Bnl8283HenriRti8687Paradise8487.mp3\" target=\"_blank\">130112Ebbesender1978Bnl8283HenriRti8687Paradise8487.mp3<\/a><\/p>\n<p><a href=\"https:\/\/www.achimbrueckner.de\/freeradio\/audio\/160kbps\/count.php?url=130112Ebbesender1978Bnl8283HenriRti8687Paradise8487B.mp3\" target=\"_blank\">130112Ebbesender1978Bnl8283HenriRti8687Paradise8487B.mp3<\/a><\/p>\n","protected":false},"excerpt":{"rendered":"<p>Listening back to the 80th in Benelux: 130111Ebbesender1978Bnl8283HenriRti8687Paradise8487.mp3 130112Ebbesender1978Bnl8283HenriRti8687Paradise8487.mp3 130112Ebbesender1978Bnl8283HenriRti8687Paradise8487B.mp3<\/p>\n","protected":false},"author":1,"featured_media":0,"comment_status":"open","ping_status":"open","sticky":false,"template":"","format":"standard","meta":{"_jetpack_memberships_contains_paid_content":false,"footnotes":"","jetpack_publicize_message":"","jetpack_publicize_feature_enabled":true,"jetpack_social_post_already_shared":false,"jetpack_social_options":{"image_generator_settings":{"template":"highway","default_image_id":0,"font":"","enabled":false},"version":2}},"categories":[7,12],"tags":[35],"class_list":["post-26711","post","type-post","status-publish","format-standard","hentry","category-download","category-updates","tag-benelux"],"jetpack_publicize_connections":[],"jetpack_featured_media_url":"","jetpack_sharing_enabled":true,"jetpack_shortlink":"https:\/\/wp.me\/p5CD59-6WP","jetpack-related-posts":[{"id":36171,"url":"https:\/\/www.achimbrueckner.de\/freeradio\/php\/wordpress\/?p=36171","url_meta":{"origin":26711,"position":0},"title":"Vintage QSL Radio Benelux","author":"Administrator","date":"October 10, 2014 21:19","format":false,"excerpt":"","rel":"","context":"In &quot;QSL&quot;","block_context":{"text":"QSL","link":"https:\/\/www.achimbrueckner.de\/freeradio\/php\/wordpress\/?cat=8"},"img":{"alt_text":"","src":"","width":0,"height":0},"classes":[]},{"id":461284,"url":"https:\/\/www.achimbrueckner.de\/freeradio\/php\/wordpress\/?p=461284","url_meta":{"origin":26711,"position":1},"title":"Remember 27-08","author":"Administrator","date":"August 25, 2019 20:32","format":false,"excerpt":"Caroline319-27081984JayJackson16301800Top500nrs62-41.mp3 https:\/\/drive.google.com\/file\/d\/0BxkQXcg4O9NsX0ttdXZuYTA0UkU\/view?usp=sharing YouTube - RNI 1987 - Radio New York International Charges Dropped 27081987.AVI https:\/\/drive.google.com\/file\/d\/0BxkQXcg4O9NsU2JhSVB4R0h6ZGM\/view?usp=sharing Laser55827081985 https:\/\/drive.google.com\/file\/d\/0BxkQXcg4O9NsMTZ3VjNnWUJhcW8\/view?usp=sharing https:\/\/drive.google.com\/file\/d\/0BxkQXcg4O9NsYUtWUnVFZGFGVjA\/view?usp=sharing Radio Benelux - 27081978 https:\/\/drive.google.com\/file\/d\/0BxkQXcg4O9NsQkt4OGZBTlpPZHc\/view?usp=sharing https:\/\/drive.google.com\/file\/d\/0BxkQXcg4O9NsSmZ6XzZMNjJZd0E\/view?usp=sharing https:\/\/drive.google.com\/file\/d\/0BxkQXcg4O9NsWjdkNm1wLVJuVE0\/view?usp=sharing Caroline27081984 https:\/\/drive.google.com\/file\/d\/0BxkQXcg4O9NsZGVJaTVibG9fNGs\/view?usp=sharing Password: zeezender https:\/\/drive.google.com\/file\/d\/0BxkQXcg4O9NsTFNMM0ZYdDJ3QUU\/view?usp=sharing Caroline319-27081984JayJackson16301800Top500nrs62-41.mp3 https:\/\/drive.google.com\/file\/d\/0BxkQXcg4O9NsX0ttdXZuYTA0UkU\/view?usp=sharing RNI27081999PaulMcLaren0805-0935.zip https:\/\/www.amazon.de\/clouddrive\/share\/vRQHjhz9d5mWTWC0AqzJgjxbHq8yrmM7KBxj6zTNFio Laser558-27081985CharlieWolfe2015-2115.zip https:\/\/www.amazon.de\/clouddrive\/share\/02gOucswWElyeCDRktZB0jhXrfkjnux5RjzE7rEmcV4 25061967 0037-0108 BobSnyder.mp3 https:\/\/www.amazon.de\/clouddrive\/share\/5aqCn2VsYclpoEhkYv6TikN8UyhStjajqo2ISeYG11H","rel":"","context":"In &quot;download&quot;","block_context":{"text":"download","link":"https:\/\/www.achimbrueckner.de\/freeradio\/php\/wordpress\/?cat=7"},"img":{"alt_text":"","src":"","width":0,"height":0},"classes":[]},{"id":23308,"url":"https:\/\/www.achimbrueckner.de\/freeradio\/php\/wordpress\/?p=23308","url_meta":{"origin":26711,"position":2},"title":"Radio Benelux Website Spot","author":"Administrator","date":"November 1, 2011 18:57","format":false,"excerpt":"hier ein von Nick Barker und mir produzierter Spot f\u00fcr die Radio Benelux-Website, mit vielen O-T\u00f6nen aus den sch\u00f6nen Benelux-Zeiten. promo_fuer_radio-benelux.de.mp3","rel":"","context":"In &quot;download&quot;","block_context":{"text":"download","link":"https:\/\/www.achimbrueckner.de\/freeradio\/php\/wordpress\/?cat=7"},"img":{"alt_text":"","src":"","width":0,"height":0},"classes":[]},{"id":458761,"url":"https:\/\/www.achimbrueckner.de\/freeradio\/php\/wordpress\/?p=458761","url_meta":{"origin":26711,"position":3},"title":"Radio Benelux Website Promo","author":"Administrator","date":"May 10, 2018 15:54","format":false,"excerpt":"Radio Benelux-Website-Promo.wav","rel":"","context":"In \"Benelux\"","block_context":{"text":"Benelux","link":"https:\/\/www.achimbrueckner.de\/freeradio\/php\/wordpress\/?tag=benelux"},"img":{"alt_text":"","src":"","width":0,"height":0},"classes":[]},{"id":2702,"url":"https:\/\/www.achimbrueckner.de\/freeradio\/php\/wordpress\/?p=2702","url_meta":{"origin":26711,"position":4},"title":"Radio Benelux Revival","author":"Administrator","date":"May 16, 2007 22:27","format":false,"excerpt":"Auf Radio D\u00fclken l\u00e4uft am 17. Mai 2007 ab 1200 Uhr MESZ eine Sondersendung zu 26 Jahre Radio Benelux. Einschalten via webstream. Mehr zu Radio Benelux gibt es auf www.radio-benelux.de. In der Sondersendung werden wohl die Orginal-Tondokumente von damals ausgestrahlt. Info via Radioh\u00f6rerforum ukwtv.de","rel":"","context":"In \"AM\"","block_context":{"text":"AM","link":"https:\/\/www.achimbrueckner.de\/freeradio\/php\/wordpress\/?tag=am"},"img":{"alt_text":"","src":"","width":0,"height":0},"classes":[]},{"id":446279,"url":"https:\/\/www.achimbrueckner.de\/freeradio\/php\/wordpress\/?p=446279","url_meta":{"origin":26711,"position":5},"title":"Radio Benelux 6240 Khz","author":"Administrator","date":"January 31, 2016 08:45","format":false,"excerpt":"Radio Benelux is on 6240 Khz at 0845 Utc with SINPO 24333 at SDR Twente.","rel":"","context":"In &quot;dxtuners&quot;","block_context":{"text":"dxtuners","link":"https:\/\/www.achimbrueckner.de\/freeradio\/php\/wordpress\/?cat=10"},"img":{"alt_text":"","src":"","width":0,"height":0},"classes":[]}],"_links":{"self":[{"href":"https:\/\/www.achimbrueckner.de\/freeradio\/php\/wordpress\/index.php?rest_route=\/wp\/v2\/posts\/26711","targetHints":{"allow":["GET"]}}],"collection":[{"href":"https:\/\/www.achimbrueckner.de\/freeradio\/php\/wordpress\/index.php?rest_route=\/wp\/v2\/posts"}],"about":[{"href":"https:\/\/www.achimbrueckner.de\/freeradio\/php\/wordpress\/index.php?rest_route=\/wp\/v2\/types\/post"}],"author":[{"embeddable":true,"href":"https:\/\/www.achimbrueckner.de\/freeradio\/php\/wordpress\/index.php?rest_route=\/wp\/v2\/users\/1"}],"replies":[{"embeddable":true,"href":"https:\/\/www.achimbrueckner.de\/freeradio\/php\/wordpress\/index.php?rest_route=%2Fwp%2Fv2%2Fcomments&post=26711"}],"version-history":[{"count":0,"href":"https:\/\/www.achimbrueckner.de\/freeradio\/php\/wordpress\/index.php?rest_route=\/wp\/v2\/posts\/26711\/revisions"}],"wp:attachment":[{"href":"https:\/\/www.achimbrueckner.de\/freeradio\/php\/wordpress\/index.php?rest_route=%2Fwp%2Fv2%2Fmedia&parent=26711"}],"wp:term":[{"taxonomy":"category","embeddable":true,"href":"https:\/\/www.achimbrueckner.de\/freeradio\/php\/wordpress\/index.php?rest_route=%2Fwp%2Fv2%2Fcategories&post=26711"},{"taxonomy":"post_tag","embeddable":true,"href":"https:\/\/www.achimbrueckner.de\/freeradio\/php\/wordpress\/index.php?rest_route=%2Fwp%2Fv2%2Ftags&post=26711"}],"curies":[{"name":"wp","href":"https:\/\/api.w.org\/{rel}","templated":true}]}}