{"id":26758,"date":"2013-01-23T19:43:23","date_gmt":"2013-01-23T19:43:23","guid":{"rendered":"https:\/\/www.achimbrueckner.de\/freeradio\/php\/wordpress\/?p=26758"},"modified":"2013-01-23T19:43:23","modified_gmt":"2013-01-23T19:43:23","slug":"radio-northsea-am-27-1-zu-horen-zum-58-geburtstag-von-roger-kirk","status":"publish","type":"post","link":"https:\/\/www.achimbrueckner.de\/freeradio\/php\/wordpress\/?p=26758","title":{"rendered":"Radio Northsea am 27.1. zu h\u00f6ren \u00e2\u20ac\u201c zum 58. Geburtstag von Roger Kirk"},"content":{"rendered":"<p>Radio Northsea am 27.1. zu h\u00f6ren \u00e2\u20ac\u201c zum 58. Geburtstag von Roger Kirk<\/p>\n<p><a href=\"http:\/\/rmrc.de\/wordpress\/?p=148\" target=\"_blank\">http:\/\/rmrc.de\/wordpress\/?p=148<\/a><\/p>\n","protected":false},"excerpt":{"rendered":"<p>Radio Northsea am 27.1. zu h\u00f6ren \u00e2\u20ac\u201c zum 58. Geburtstag von Roger Kirk http:\/\/rmrc.de\/wordpress\/?p=148<\/p>\n","protected":false},"author":1,"featured_media":0,"comment_status":"open","ping_status":"open","sticky":false,"template":"","format":"standard","meta":{"_jetpack_memberships_contains_paid_content":false,"footnotes":"","jetpack_publicize_message":"","jetpack_publicize_feature_enabled":true,"jetpack_social_post_already_shared":false,"jetpack_social_options":{"image_generator_settings":{"template":"highway","default_image_id":0,"font":"","enabled":false},"version":2}},"categories":[1,2],"tags":[22],"class_list":["post-26758","post","type-post","status-publish","format-standard","hentry","category-uncategorized","category-english","tag-am"],"jetpack_publicize_connections":[],"jetpack_featured_media_url":"","jetpack_sharing_enabled":true,"jetpack_shortlink":"https:\/\/wp.me\/p5CD59-6XA","jetpack-related-posts":[{"id":22704,"url":"https:\/\/www.achimbrueckner.de\/freeradio\/php\/wordpress\/?p=22704","url_meta":{"origin":26758,"position":0},"title":"Radio Victoria auf FM Kompakt","author":"Administrator","date":"August 17, 2011 16:16","format":false,"excerpt":"H\u00f6r-Tipps auf Laut.FMKompakt ! http:\/\/stream.laut.fm\/kompakt.m3u Mittwoch 17.08.11: 22:00-23:00h: FMK-Schmankerl : Akustische Erinnerung an die Kurzwellenmusikstation Radio Victoria mit der damals (1984) revolution\u00e4ren Doppelmoderation von Roger Kirk und Michelle Zynen und der typischen RV Musik (Eigenslogan: \"Gnadenlos der Zeit voraus\")! (Wh: v. 14.8.). Sonntag, 21.08.11: 19:00-20:00h: FMK-Schmankerl: Am 17.09.1983 war der\u2026","rel":"","context":"In \"AM\"","block_context":{"text":"AM","link":"https:\/\/www.achimbrueckner.de\/freeradio\/php\/wordpress\/?tag=am"},"img":{"alt_text":"","src":"","width":0,"height":0},"classes":[]},{"id":38179,"url":"https:\/\/www.achimbrueckner.de\/freeradio\/php\/wordpress\/?p=38179","url_meta":{"origin":26758,"position":1},"title":"H\u00f6rtipp: The Boat that Rocked &#8211; Radio Northsea International &#8211; Radiopiraten, wie alles begann !","author":"Administrator","date":"January 18, 2015 13:53","format":false,"excerpt":"H\u00f6rtipp: The Boat that Rocked - Radio Northsea International - Radiopiraten, wie alles begann ! Beginn der Testsendungen von RNI am 23.01.1970 - Sondersendung zum Jubil\u00e4um am Montag, 19.01.2015 um 19:00 Uhr, zu empfangen via: http:\/\/www.rni220.com http:\/\/www.radio-northsea.de Internet Streams http:\/\/stream2.radio-northsea.de:7100\/listen.pls http:\/\/stream2.radio-northsea.de:7000\/listen.pls http:\/\/stream.radiosunrise.de:8000 Info via Facebook FM Kompakt","rel":"","context":"In \"AM\"","block_context":{"text":"AM","link":"https:\/\/www.achimbrueckner.de\/freeradio\/php\/wordpress\/?tag=am"},"img":{"alt_text":"","src":"","width":0,"height":0},"classes":[]},{"id":472525,"url":"https:\/\/www.achimbrueckner.de\/freeradio\/php\/wordpress\/?p=472525","url_meta":{"origin":26758,"position":2},"title":"Roger Kent on Radio Northsea International, August 25th 1974","author":"Administrator","date":"September 6, 2023 14:36","format":false,"excerpt":"https:\/\/www.mixcloud.com\/Cornish_Al\/roger-kent-on-radio-northsea-international-august-25th-1974\/","rel":"","context":"In &quot;English&quot;","block_context":{"text":"English","link":"https:\/\/www.achimbrueckner.de\/freeradio\/php\/wordpress\/?cat=2"},"img":{"alt_text":"","src":"","width":0,"height":0},"classes":[]},{"id":457075,"url":"https:\/\/www.achimbrueckner.de\/freeradio\/php\/wordpress\/?p=457075","url_meta":{"origin":26758,"position":3},"title":"Roger Kirks \u201eFree Radio Fanzine\u201c","author":"Administrator","date":"October 27, 2017 15:12","format":false,"excerpt":"http:\/\/www.addx-verlag.de\/ Zitat von der Webseite: Roger Kirk, ein Name, der f\u00fcr deutsche Radiogeschichte steht. Gepr\u00e4gt von den einstigen Seesendern wurde er selbst zum Radiopionier. Roger startete am 17. September 1983 die Kurzwellenmusikstation Radio Victoria International (RV). Roger war mit RV gnadenlos der Zeit voraus: Bevor der Privatfunk in Deutschland startete,\u2026","rel":"","context":"In \"AM\"","block_context":{"text":"AM","link":"https:\/\/www.achimbrueckner.de\/freeradio\/php\/wordpress\/?tag=am"},"img":{"alt_text":"","src":"","width":0,"height":0},"classes":[]},{"id":474661,"url":"https:\/\/www.achimbrueckner.de\/freeradio\/php\/wordpress\/?p=474661","url_meta":{"origin":26758,"position":4},"title":"2. H\u00f6rertreffen Radio Northsea International 28. M\u00e4rz 2026","author":"Administrator","date":"October 25, 2025 09:53","format":false,"excerpt":"Achtung \u2013 Termin vormerken! Am 28. M\u00e4rz 2026 ist es wieder soweit: Das 2. H\u00f6rertreffen von Radio Northsea International und der SATzentrale findet in S\u00f6rnewitz (01640 Coswig) statt. Alle H\u00f6rerinnen und H\u00f6rer, Freunde und Unterst\u00fctzer sind herzlich eingeladen, diesen besonderen Tag gemeinsam zu erleben. Im Januar 2026 folgen dann alle\u2026","rel":"","context":"In &quot;Camps&quot;","block_context":{"text":"Camps","link":"https:\/\/www.achimbrueckner.de\/freeradio\/php\/wordpress\/?cat=6"},"img":{"alt_text":"","src":"","width":0,"height":0},"classes":[]},{"id":24621,"url":"https:\/\/www.achimbrueckner.de\/freeradio\/php\/wordpress\/?p=24621","url_meta":{"origin":26758,"position":5},"title":"12. Erkrather Radiotag 1. September 2012","author":"Administrator","date":"April 4, 2012 17:59","format":false,"excerpt":"Samstag 1. September 2012 An diesem Samstag hat Europas freie Radioszene wieder ihren Treffpunkt: Die Veranstaltung findet von 13.00 Uhr bis 19.00 Uhr im Observatorium der Sternwarte Neanderh\u00f6he SNH in 40699 Erkrath statt. Einlass ist ab 12.00 Uhr. Tagesprogramm: Unser Ehrengast ist Arnold Layne (Greg Bance) von RNI. Er berichtet\u2026","rel":"","context":"In &quot;Camps&quot;","block_context":{"text":"Camps","link":"https:\/\/www.achimbrueckner.de\/freeradio\/php\/wordpress\/?cat=6"},"img":{"alt_text":"","src":"","width":0,"height":0},"classes":[]}],"_links":{"self":[{"href":"https:\/\/www.achimbrueckner.de\/freeradio\/php\/wordpress\/index.php?rest_route=\/wp\/v2\/posts\/26758","targetHints":{"allow":["GET"]}}],"collection":[{"href":"https:\/\/www.achimbrueckner.de\/freeradio\/php\/wordpress\/index.php?rest_route=\/wp\/v2\/posts"}],"about":[{"href":"https:\/\/www.achimbrueckner.de\/freeradio\/php\/wordpress\/index.php?rest_route=\/wp\/v2\/types\/post"}],"author":[{"embeddable":true,"href":"https:\/\/www.achimbrueckner.de\/freeradio\/php\/wordpress\/index.php?rest_route=\/wp\/v2\/users\/1"}],"replies":[{"embeddable":true,"href":"https:\/\/www.achimbrueckner.de\/freeradio\/php\/wordpress\/index.php?rest_route=%2Fwp%2Fv2%2Fcomments&post=26758"}],"version-history":[{"count":0,"href":"https:\/\/www.achimbrueckner.de\/freeradio\/php\/wordpress\/index.php?rest_route=\/wp\/v2\/posts\/26758\/revisions"}],"wp:attachment":[{"href":"https:\/\/www.achimbrueckner.de\/freeradio\/php\/wordpress\/index.php?rest_route=%2Fwp%2Fv2%2Fmedia&parent=26758"}],"wp:term":[{"taxonomy":"category","embeddable":true,"href":"https:\/\/www.achimbrueckner.de\/freeradio\/php\/wordpress\/index.php?rest_route=%2Fwp%2Fv2%2Fcategories&post=26758"},{"taxonomy":"post_tag","embeddable":true,"href":"https:\/\/www.achimbrueckner.de\/freeradio\/php\/wordpress\/index.php?rest_route=%2Fwp%2Fv2%2Ftags&post=26758"}],"curies":[{"name":"wp","href":"https:\/\/api.w.org\/{rel}","templated":true}]}}